{"id":47279,"date":"2026-03-09T13:09:10","date_gmt":"2026-03-09T16:09:10","guid":{"rendered":"https:\/\/somdepapo.com.br\/portal\/?p=47279"},"modified":"2026-03-09T13:11:25","modified_gmt":"2026-03-09T16:11:25","slug":"a-coragem-de-olhar-para-si-mesmo","status":"publish","type":"post","link":"https:\/\/somdepapo.com.br\/portal\/a-coragem-de-olhar-para-si-mesmo\/","title":{"rendered":"A coragem de olhar para si mesmo"},"content":{"rendered":"<p style=\"text-align: right;\">&nbsp; Por Leandro Liz<\/p>\n<p style=\"text-align: right;\">&nbsp; &nbsp; &nbsp; &nbsp; &nbsp; &nbsp; &nbsp; &nbsp; &nbsp; &nbsp; &nbsp; &nbsp; &nbsp; &nbsp; &nbsp; &nbsp; &nbsp; &nbsp; &nbsp; &nbsp; &nbsp; Psicanalista<\/p>\n<p style=\"text-align: right;\">&nbsp; &nbsp; &nbsp; &nbsp; &nbsp; &nbsp; &nbsp; &nbsp; &nbsp; &nbsp; &nbsp; &nbsp; &nbsp; &nbsp; &nbsp; &nbsp; &nbsp; &nbsp; &nbsp; &nbsp; @psicanalistalizes<\/p>\n<p style=\"text-align: justify;\">&nbsp;<\/p>\n<p style=\"text-align: justify;\">A coragem de olhar para si mesmo<\/p>\n<p style=\"text-align: justify;\">Por que o autoconhecimento ainda \u00e9 o caminho mais dif\u00edcil e mais transformador da vida<\/p>\n<p style=\"text-align: justify;\">Vivemos em um tempo em que muitas pessoas buscam respostas para seus conflitos em todos os lugares, menos dentro de si. Procuram explica\u00e7\u00f5es no comportamento do outro, nas circunst\u00e2ncias da vida ou no acaso, mas raramente fazem a pergunta mais dif\u00edcil:<\/p>\n<p style=\"text-align: justify;\">O que em mim tamb\u00e9m participa da hist\u00f3ria que estou vivendo?<\/p>\n<p style=\"text-align: justify;\">Olhar para si mesmo exige coragem. Significa reconhecer sentimentos que preferimos evitar, rever escolhas e perceber que alguns padr\u00f5es que se repetem na vida n\u00e3o acontecem apenas por causa do mundo externo.<\/p>\n<p style=\"text-align: justify;\">A psican\u00e1lise nos ensina que o sujeito n\u00e3o \u00e9 apenas v\u00edtima das circunst\u00e2ncias; ele tamb\u00e9m participa da constru\u00e7\u00e3o da pr\u00f3pria hist\u00f3ria. Por isso, o autoconhecimento pode ser desconfort\u00e1vel: ele questiona certezas e nos convida a assumir responsabilidade pela pr\u00f3pria vida.<\/p>\n<p style=\"text-align: justify;\">Mas \u00e9 justamente nesse processo que nasce a verdadeira transforma\u00e7\u00e3o. O autoconhecimento n\u00e3o \u00e9 sobre se julgar, e sim sobre se compreender.<\/p>\n<p style=\"text-align: justify;\">Talvez a maior coragem que algu\u00e9m possa ter n\u00e3o seja enfrentar o mundo l\u00e1 fora, mas enfrentar aquilo que existe dentro de si.<\/p>\n<p style=\"text-align: justify;\">Se essa reflex\u00e3o despertou algo em voc\u00ea, talvez seja o momento de olhar para sua pr\u00f3pria hist\u00f3ria com mais profundidade.<\/p>\n<p style=\"text-align: justify;\">Agende um atendimento psicanal\u00edtico terap\u00eautico online.<\/p>\n<p style=\"text-align: justify;\">Imagem ilustrativa criada com o uso de Intelig\u00eancia Artificial.<\/p>\n<p style=\"text-align: justify;\">&nbsp;<\/p>\n<p style=\"text-align: justify;\">&nbsp;<\/p>\n<p style=\"text-align: justify;\">&nbsp;<\/p>\n","protected":false},"excerpt":{"rendered":"<p>&nbsp; Por Leandro Liz &nbsp; &nbsp; &nbsp; &nbsp; &nbsp; &nbsp; &nbsp; &nbsp; &nbsp; &nbsp; &nbsp; &nbsp; &nbsp; &nbsp; &nbsp; &nbsp; &nbsp; &nbsp; &nbsp; &nbsp; &nbsp; Psicanalista &nbsp; &nbsp; &nbsp; &nbsp; &nbsp; &nbsp; &nbsp; &nbsp; &nbsp; &nbsp; &nbsp; &nbsp; &nbsp; &nbsp; &nbsp; &nbsp; &nbsp; &nbsp; &nbsp; &nbsp; @psicanalistalizes &nbsp; A coragem de olhar para si mesmo [&hellip;]<\/p>\n","protected":false},"author":1,"featured_media":47281,"comment_status":"open","ping_status":"open","sticky":false,"template":"","format":"standard","meta":{"ngg_post_thumbnail":0,"footnotes":""},"categories":[2,36,41],"tags":[],"class_list":["post-47279","post","type-post","status-publish","format-standard","has-post-thumbnail","hentry","category-destaques","category-positividade","category-ultimasnoticias"],"_links":{"self":[{"href":"https:\/\/somdepapo.com.br\/portal\/wp-json\/wp\/v2\/posts\/47279","targetHints":{"allow":["GET"]}}],"collection":[{"href":"https:\/\/somdepapo.com.br\/portal\/wp-json\/wp\/v2\/posts"}],"about":[{"href":"https:\/\/somdepapo.com.br\/portal\/wp-json\/wp\/v2\/types\/post"}],"author":[{"embeddable":true,"href":"https:\/\/somdepapo.com.br\/portal\/wp-json\/wp\/v2\/users\/1"}],"replies":[{"embeddable":true,"href":"https:\/\/somdepapo.com.br\/portal\/wp-json\/wp\/v2\/comments?post=47279"}],"version-history":[{"count":2,"href":"https:\/\/somdepapo.com.br\/portal\/wp-json\/wp\/v2\/posts\/47279\/revisions"}],"predecessor-version":[{"id":47282,"href":"https:\/\/somdepapo.com.br\/portal\/wp-json\/wp\/v2\/posts\/47279\/revisions\/47282"}],"wp:featuredmedia":[{"embeddable":true,"href":"https:\/\/somdepapo.com.br\/portal\/wp-json\/wp\/v2\/media\/47281"}],"wp:attachment":[{"href":"https:\/\/somdepapo.com.br\/portal\/wp-json\/wp\/v2\/media?parent=47279"}],"wp:term":[{"taxonomy":"category","embeddable":true,"href":"https:\/\/somdepapo.com.br\/portal\/wp-json\/wp\/v2\/categories?post=47279"},{"taxonomy":"post_tag","embeddable":true,"href":"https:\/\/somdepapo.com.br\/portal\/wp-json\/wp\/v2\/tags?post=47279"}],"curies":[{"name":"wp","href":"https:\/\/api.w.org\/{rel}","templated":true}]}}