{"id":47290,"date":"2026-03-09T20:26:37","date_gmt":"2026-03-09T23:26:37","guid":{"rendered":"https:\/\/somdepapo.com.br\/portal\/?p=47290"},"modified":"2026-03-09T20:26:37","modified_gmt":"2026-03-09T23:26:37","slug":"cerebro-e-cerebelo-parecidos-no-nome-diferentes-na-missao","status":"publish","type":"post","link":"https:\/\/somdepapo.com.br\/portal\/cerebro-e-cerebelo-parecidos-no-nome-diferentes-na-missao\/","title":{"rendered":"C\u00e9rebro e Cerebelo: Parecidos no nome  diferentes na miss\u00e3o"},"content":{"rendered":"<p style=\"text-align: right;\">Por Cris Oliveira&nbsp;<\/p>\n<p style=\"text-align: right;\">@psicoterapeutacrisoliveira&nbsp;<\/p>\n<p style=\"text-align: justify;\">O corpo humano \u00e9 uma m\u00e1quina extraordin\u00e1ria. Dentro da nossa cabe\u00e7a existe uma rede complexa de bilh\u00f5es de neur\u00f4nios trabalhando silenciosamente para que possamos pensar, sentir, lembrar, decidir e nos movimentar.&nbsp;<\/p>\n<p style=\"text-align: justify;\">&nbsp;<\/p>\n<p style=\"text-align: justify;\">Entre as estruturas mais importantes desse sistema est\u00e3o o c\u00e9rebro e o cerebelo. Os nomes s\u00e3o parecidos, ambos ficam protegidos pela mesma caixa craniana e se comunicam constantemente. Ainda assim, desempenham fun\u00e7\u00f5es bem diferentes \u2014 e entender essa diferen\u00e7a nos ajuda a compreender melhor como o nosso corpo funciona.&nbsp;<\/p>\n<p style=\"text-align: justify;\">O c\u00e9rebro \u00e9 a maior estrutura do enc\u00e9falo e o nosso grande comandante, representando cerca de 85% do seu volume total. \u00c9 nele que nascem os pensamentos, as emo\u00e7\u00f5es, as mem\u00f3rias e as decis\u00f5es.&nbsp;<\/p>\n<p style=\"text-align: justify;\">Quando voc\u00ea reconhece o rosto de algu\u00e9m querido, escolhe as palavras para uma conversa ou planeja algo para o futuro, \u00e9 o c\u00e9rebro que est\u00e1 trabalhando.&nbsp;<\/p>\n<p style=\"text-align: justify;\">Ele \u00e9 dividido em dois hemisf\u00e9rios e organizado em quatro lobos principais:&nbsp;<\/p>\n<p style=\"text-align: justify;\">* Frontal \u2013 racioc\u00ednio, planejamento e tomada de decis\u00f5es&nbsp;<\/p>\n<p style=\"text-align: justify;\">* Temporal \u2013 audi\u00e7\u00e3o e mem\u00f3ria&nbsp;<\/p>\n<p style=\"text-align: justify;\">* Occipital \u2013 processamento das informa\u00e7\u00f5es visuais&nbsp;<\/p>\n<p style=\"text-align: justify;\">* Parietal \u2013 integra\u00e7\u00e3o das sensa\u00e7\u00f5es e orienta\u00e7\u00e3o espacial&nbsp;<\/p>\n<p style=\"text-align: justify;\">Podemos dizer que o c\u00e9rebro funciona como o grande estrategista do corpo, analisando informa\u00e7\u00f5es e enviando comandos.&nbsp;<\/p>\n<p style=\"text-align: justify;\">J\u00e1 o cerebelo \u00e9 o maestro dos movimentos&nbsp;<\/p>\n<p style=\"text-align: justify;\">Menor! Representando cerca de 10% do volume do enc\u00e9falo, mas guarda um dado curioso: mais da metade dos neur\u00f4nios do sistema nervoso central est\u00e3o nele.&nbsp;<\/p>\n<p style=\"text-align: justify;\">Localizado na parte posterior do cr\u00e2nio, ele tem uma miss\u00e3o fundamental: coordenar os movimentos.&nbsp;<\/p>\n<p style=\"text-align: justify;\">O c\u00e9rebro decide o movimento.&nbsp;<\/p>\n<p style=\"text-align: justify;\">O cerebelo garante que ele aconte\u00e7a com equil\u00edbrio, precis\u00e3o e harmonia.&nbsp;<\/p>\n<p style=\"text-align: justify;\">Gra\u00e7as ao cerebelo conseguimos caminhar com estabilidade, pegar um objeto com precis\u00e3o ou manter o equil\u00edbrio do corpo.&nbsp;<\/p>\n<p style=\"text-align: justify;\">Sem ele, nossos movimentos se tornariam desorganizados e imprecisos.&nbsp;<\/p>\n<p style=\"text-align: justify;\">Muito al\u00e9m da coordena\u00e7\u00e3o&nbsp;<\/p>\n<p style=\"text-align: justify;\">Durante muitos anos acreditou-se que o cerebelo participava apenas do controle motor. Por\u00e9m, pesquisas mais recentes mostram que ele tamb\u00e9m contribui para aten\u00e7\u00e3o, linguagem, mem\u00f3ria e regula\u00e7\u00e3o emocional.&nbsp;<\/p>\n<p style=\"text-align: justify;\">Isso revela algo fascinante: o c\u00e9rebro e o cerebelo n\u00e3o trabalham isoladamente. Eles funcionam em uma parceria uma grande Rede, constante que integra pensamentos, emo\u00e7\u00e3o e movimento.&nbsp;<\/p>\n<p style=\"text-align: justify;\">Compreender essas estruturas n\u00e3o \u00e9 apenas uma curiosidade cient\u00edfica. \u00c9 tamb\u00e9m um convite para valorizar e cuidar melhor daquele que talvez seja o sistema mais sofisticado do corpo humano: O Nosso C\u00c9REBRO&nbsp;<\/p>\n<p style=\"text-align: justify;\">Psicoterapeuta, Hipnoterapeuta, P\u00f3s Graduada em Neuroci\u00eancias e Mestranda em Neuroci\u00eancias<\/p>\n<p style=\"text-align: justify;\">&nbsp;<\/p>\n","protected":false},"excerpt":{"rendered":"<p>Por Cris Oliveira&nbsp; @psicoterapeutacrisoliveira&nbsp; O corpo humano \u00e9 uma m\u00e1quina extraordin\u00e1ria. Dentro da nossa cabe\u00e7a existe uma rede complexa de bilh\u00f5es de neur\u00f4nios trabalhando silenciosamente para que possamos pensar, sentir, lembrar, decidir e nos movimentar.&nbsp; &nbsp; Entre as estruturas mais importantes desse sistema est\u00e3o o c\u00e9rebro e o cerebelo. Os nomes s\u00e3o parecidos, ambos ficam [&hellip;]<\/p>\n","protected":false},"author":1,"featured_media":47291,"comment_status":"open","ping_status":"open","sticky":false,"template":"","format":"standard","meta":{"ngg_post_thumbnail":0,"footnotes":""},"categories":[2,377,41],"tags":[],"class_list":["post-47290","post","type-post","status-publish","format-standard","has-post-thumbnail","hentry","category-destaques","category-neurociencia","category-ultimasnoticias"],"_links":{"self":[{"href":"https:\/\/somdepapo.com.br\/portal\/wp-json\/wp\/v2\/posts\/47290","targetHints":{"allow":["GET"]}}],"collection":[{"href":"https:\/\/somdepapo.com.br\/portal\/wp-json\/wp\/v2\/posts"}],"about":[{"href":"https:\/\/somdepapo.com.br\/portal\/wp-json\/wp\/v2\/types\/post"}],"author":[{"embeddable":true,"href":"https:\/\/somdepapo.com.br\/portal\/wp-json\/wp\/v2\/users\/1"}],"replies":[{"embeddable":true,"href":"https:\/\/somdepapo.com.br\/portal\/wp-json\/wp\/v2\/comments?post=47290"}],"version-history":[{"count":1,"href":"https:\/\/somdepapo.com.br\/portal\/wp-json\/wp\/v2\/posts\/47290\/revisions"}],"predecessor-version":[{"id":47292,"href":"https:\/\/somdepapo.com.br\/portal\/wp-json\/wp\/v2\/posts\/47290\/revisions\/47292"}],"wp:featuredmedia":[{"embeddable":true,"href":"https:\/\/somdepapo.com.br\/portal\/wp-json\/wp\/v2\/media\/47291"}],"wp:attachment":[{"href":"https:\/\/somdepapo.com.br\/portal\/wp-json\/wp\/v2\/media?parent=47290"}],"wp:term":[{"taxonomy":"category","embeddable":true,"href":"https:\/\/somdepapo.com.br\/portal\/wp-json\/wp\/v2\/categories?post=47290"},{"taxonomy":"post_tag","embeddable":true,"href":"https:\/\/somdepapo.com.br\/portal\/wp-json\/wp\/v2\/tags?post=47290"}],"curies":[{"name":"wp","href":"https:\/\/api.w.org\/{rel}","templated":true}]}}