{"id":47312,"date":"2026-03-11T06:30:02","date_gmt":"2026-03-11T09:30:02","guid":{"rendered":"https:\/\/somdepapo.com.br\/portal\/?p=47312"},"modified":"2026-03-10T17:34:26","modified_gmt":"2026-03-10T20:34:26","slug":"14-de-marco-dia-nacional-dos-animais-uma-data-para-refletir-sobre-cuidado-respeito-e-responsabilidade","status":"publish","type":"post","link":"https:\/\/somdepapo.com.br\/portal\/14-de-marco-dia-nacional-dos-animais-uma-data-para-refletir-sobre-cuidado-respeito-e-responsabilidade\/","title":{"rendered":"14 de mar\u00e7o: Dia Nacional dos Animais &#8211; uma data para refletir sobre cuidado, respeito e responsabilidade"},"content":{"rendered":"<p style=\"text-align: right;\">Por Dr. Julio Cesar<\/p>\n<p style=\"text-align: right;\">@nagashimajulio<\/p>\n<p style=\"text-align: justify;\">O dia 14 de mar\u00e7o \u00e9 celebrado no Brasil como o Dia Nacional dos Animais, uma data dedicada a lembrar a import\u00e2ncia de todas as esp\u00e9cies em nossas vidas e no equil\u00edbrio do planeta. Mais do que uma simples comemora\u00e7\u00e3o, esse momento \u00e9 um convite para refletirmos sobre o respeito, a prote\u00e7\u00e3o e os cuidados que os animais merecem.<\/p>\n<p style=\"text-align: justify;\">Os animais fazem parte da hist\u00f3ria da humanidade h\u00e1 milhares de anos. Alguns atuam como companheiros fi\u00e9is dentro de casa, como c\u00e3es e gatos. Outros contribuem de forma essencial para a natureza, ajudando no equil\u00edbrio ambiental, na poliniza\u00e7\u00e3o das plantas e na manuten\u00e7\u00e3o dos ecossistemas.<\/p>\n<p style=\"text-align: justify;\">Nos \u00faltimos anos, a rela\u00e7\u00e3o entre humanos e animais mudou muito. Hoje, muitos pets s\u00e3o considerados membros da fam\u00edlia, participando do cotidiano, trazendo alegria, companhia e at\u00e9 benef\u00edcios para a sa\u00fade emocional das pessoas. Estudos mostram que conviver com animais pode ajudar a reduzir o estresse, estimular a atividade f\u00edsica e promover bem-estar.<\/p>\n<p style=\"text-align: justify;\">No entanto, junto com esse carinho tamb\u00e9m vem uma grande responsabilidade.<\/p>\n<p style=\"text-align: justify;\">A responsabilidade de ter um animal<\/p>\n<p style=\"text-align: justify;\">Ter um animal de estima\u00e7\u00e3o exige compromisso. Alimenta\u00e7\u00e3o adequada, vacina\u00e7\u00e3o, cuidados com higiene, acompanhamento veterin\u00e1rio e aten\u00e7\u00e3o di\u00e1ria s\u00e3o fundamentais para garantir uma vida saud\u00e1vel e equilibrada para os pets.<\/p>\n<p style=\"text-align: justify;\">Infelizmente, ainda existem muitos casos de abandono e maus-tratos. Esses problemas mostram que, al\u00e9m do amor pelos animais, \u00e9 necess\u00e1rio educa\u00e7\u00e3o e conscientiza\u00e7\u00e3o da sociedade.<\/p>\n<p style=\"text-align: justify;\">Algumas atitudes simples fazem uma grande diferen\u00e7a:<\/p>\n<p style=\"text-align: justify;\">Nunca abandonar um animal<\/p>\n<p style=\"text-align: justify;\">Garantir alimenta\u00e7\u00e3o e \u00e1gua limpa diariamente<\/p>\n<p style=\"text-align: justify;\">Manter vacina\u00e7\u00e3o e vermifuga\u00e7\u00e3o em dia<\/p>\n<p style=\"text-align: justify;\">Oferecer abrigo adequado contra frio, calor e chuva<\/p>\n<p style=\"text-align: justify;\">Buscar atendimento veterin\u00e1rio quando necess\u00e1rio<\/p>\n<p style=\"text-align: justify;\">Esses cuidados s\u00e3o a base do que chamamos de posse respons\u00e1vel.<\/p>\n<p style=\"text-align: justify;\">Animais tamb\u00e9m fazem parte do equil\u00edbrio da natureza<\/p>\n<p style=\"text-align: justify;\">Quando falamos em animais, muitas pessoas pensam apenas em c\u00e3es e gatos. Por\u00e9m, o reino animal \u00e9 muito mais amplo e inclui aves, peixes, insetos e in\u00fameras outras esp\u00e9cies que desempenham pap\u00e9is fundamentais na natureza.<\/p>\n<p style=\"text-align: justify;\">As abelhas, por exemplo, s\u00e3o respons\u00e1veis pela poliniza\u00e7\u00e3o de diversas plantas e alimentos. Aves ajudam no controle de insetos e na dispers\u00e3o de sementes. Cada esp\u00e9cie possui uma fun\u00e7\u00e3o importante para manter o equil\u00edbrio ambiental.<\/p>\n<p style=\"text-align: justify;\">Por isso, proteger os animais tamb\u00e9m significa proteger o meio ambiente.<\/p>\n<p style=\"text-align: justify;\">O papel da medicina veterin\u00e1ria<\/p>\n<p style=\"text-align: justify;\">A medicina veterin\u00e1ria tem um papel essencial na sa\u00fade e no bem-estar animal. O m\u00e9dico veterin\u00e1rio atua n\u00e3o apenas no tratamento de doen\u00e7as, mas tamb\u00e9m na preven\u00e7\u00e3o, orienta\u00e7\u00e3o aos tutores e promo\u00e7\u00e3o da qualidade de vida dos animais.<\/p>\n<p style=\"text-align: justify;\">Al\u00e9m disso, o trabalho do veterin\u00e1rio tamb\u00e9m est\u00e1 diretamente ligado \u00e0 sa\u00fade p\u00fablica, j\u00e1 que muitas doen\u00e7as podem ser transmitidas entre animais e seres humanos.<\/p>\n<p style=\"text-align: justify;\">Por isso, o acompanhamento veterin\u00e1rio regular \u00e9 uma das melhores formas de garantir que os pets vivam mais e melhor.<\/p>\n<p style=\"text-align: justify;\">Uma data para praticar empatia<\/p>\n<p style=\"text-align: justify;\">O Dia Nacional dos Animais nos lembra que o cuidado com os animais deve ser um compromisso di\u00e1rio. Pequenas atitudes, como respeitar os animais, incentivar a ado\u00e7\u00e3o respons\u00e1vel e denunciar maus-tratos, ajudam a construir uma sociedade mais consciente e equilibrada.<\/p>\n<p style=\"text-align: justify;\">Os animais nos oferecem amor, lealdade e companheirismo sem pedir nada em troca. Em retribui\u00e7\u00e3o, cabe a n\u00f3s oferecer prote\u00e7\u00e3o, respeito e cuidado.<\/p>\n<p style=\"text-align: justify;\">Afinal, quando cuidamos dos animais, tamb\u00e9m cuidamos do mundo em que vivemos.<\/p>\n<p style=\"text-align: justify;\">&nbsp;<\/p>\n<p style=\"text-align: justify;\">Dr. Julio Cesar \u00e9 M\u00e9dico Veterin\u00e1rio, especialista em Est\u00e9tica Animal, palestrante e terapeuta hol\u00edstico. Atua integrando sa\u00fade, bem-estar e equil\u00edbrio emocional de pets, unindo conhecimento t\u00e9cnico e vis\u00e3o humanizada no cuidado animal.<\/p>\n<p style=\"text-align: justify;\">@nagashimajulio<\/p>\n<p style=\"text-align: justify;\">&nbsp;<\/p>\n<p style=\"text-align: justify;\">&nbsp;<\/p>\n","protected":false},"excerpt":{"rendered":"<p>Por Dr. Julio Cesar @nagashimajulio O dia 14 de mar\u00e7o \u00e9 celebrado no Brasil como o Dia Nacional dos Animais, uma data dedicada a lembrar a import\u00e2ncia de todas as esp\u00e9cies em nossas vidas e no equil\u00edbrio do planeta. Mais do que uma simples comemora\u00e7\u00e3o, esse momento \u00e9 um convite para refletirmos sobre o respeito, [&hellip;]<\/p>\n","protected":false},"author":1,"featured_media":47313,"comment_status":"open","ping_status":"open","sticky":false,"template":"","format":"standard","meta":{"ngg_post_thumbnail":0,"footnotes":""},"categories":[2,384,31,41],"tags":[],"class_list":["post-47312","post","type-post","status-publish","format-standard","has-post-thumbnail","hentry","category-destaques","category-medicina-veterinaria","category-noticias","category-ultimasnoticias"],"_links":{"self":[{"href":"https:\/\/somdepapo.com.br\/portal\/wp-json\/wp\/v2\/posts\/47312","targetHints":{"allow":["GET"]}}],"collection":[{"href":"https:\/\/somdepapo.com.br\/portal\/wp-json\/wp\/v2\/posts"}],"about":[{"href":"https:\/\/somdepapo.com.br\/portal\/wp-json\/wp\/v2\/types\/post"}],"author":[{"embeddable":true,"href":"https:\/\/somdepapo.com.br\/portal\/wp-json\/wp\/v2\/users\/1"}],"replies":[{"embeddable":true,"href":"https:\/\/somdepapo.com.br\/portal\/wp-json\/wp\/v2\/comments?post=47312"}],"version-history":[{"count":1,"href":"https:\/\/somdepapo.com.br\/portal\/wp-json\/wp\/v2\/posts\/47312\/revisions"}],"predecessor-version":[{"id":47314,"href":"https:\/\/somdepapo.com.br\/portal\/wp-json\/wp\/v2\/posts\/47312\/revisions\/47314"}],"wp:featuredmedia":[{"embeddable":true,"href":"https:\/\/somdepapo.com.br\/portal\/wp-json\/wp\/v2\/media\/47313"}],"wp:attachment":[{"href":"https:\/\/somdepapo.com.br\/portal\/wp-json\/wp\/v2\/media?parent=47312"}],"wp:term":[{"taxonomy":"category","embeddable":true,"href":"https:\/\/somdepapo.com.br\/portal\/wp-json\/wp\/v2\/categories?post=47312"},{"taxonomy":"post_tag","embeddable":true,"href":"https:\/\/somdepapo.com.br\/portal\/wp-json\/wp\/v2\/tags?post=47312"}],"curies":[{"name":"wp","href":"https:\/\/api.w.org\/{rel}","templated":true}]}}