{"id":47322,"date":"2026-03-11T07:44:45","date_gmt":"2026-03-11T10:44:45","guid":{"rendered":"https:\/\/somdepapo.com.br\/portal\/?p=47322"},"modified":"2026-03-11T07:44:45","modified_gmt":"2026-03-11T10:44:45","slug":"a-importancia-da-conservacao-ex-situ-quando-salvar-especies-fora-da-natureza-se-torna-a-unica-saida","status":"publish","type":"post","link":"https:\/\/somdepapo.com.br\/portal\/a-importancia-da-conservacao-ex-situ-quando-salvar-especies-fora-da-natureza-se-torna-a-unica-saida\/","title":{"rendered":"A import\u00e2ncia da conserva\u00e7\u00e3o ex situ: quando salvar esp\u00e9cies fora da natureza se torna a \u00fanica sa\u00edda"},"content":{"rendered":"<p style=\"text-align: right;\">Por Andr\u00e9 Henrique&nbsp;<\/p>\n<p style=\"text-align: justify;\">&nbsp;<\/p>\n<p style=\"text-align: justify;\">Nos \u00faltimos anos, iniciativas de conserva\u00e7\u00e3o v\u00eam demonstrando que salvar esp\u00e9cies amea\u00e7adas exige estrat\u00e9gias cada vez mais complexas. Um exemplo recente vem da Mata Atl\u00e2ntica brasileira: projetos de reprodu\u00e7\u00e3o em cativeiro e reintrodu\u00e7\u00e3o da jacutinga (Aburria jacutinga) pretendem devolver \u00e0 natureza uma ave que foi extinta localmente em diversos estados, como Esp\u00edrito Santo, Rio de Janeiro e Bahia. A proposta baseia-se em uma estrat\u00e9gia conhecida como conserva\u00e7\u00e3o ex situ, quando alguns indiv\u00edduos de uma esp\u00e9cie s\u00e3o mantidos e reproduzidos fora do ambiente natural para evitar sua extin\u00e7\u00e3o e permitir futuras reintrodu\u00e7\u00f5es.&nbsp;<\/p>\n<p style=\"text-align: justify;\">&nbsp;<\/p>\n<p style=\"text-align: justify;\">Embora muitas vezes menos vis\u00edvel que a cria\u00e7\u00e3o de unidades de conserva\u00e7\u00e3o ou a prote\u00e7\u00e3o de florestas, a conserva\u00e7\u00e3o ex situ tem se tornado uma ferramenta fundamental para a preserva\u00e7\u00e3o da biodiversidade, especialmente em um cen\u00e1rio de perda acelerada de habitats e fragmenta\u00e7\u00e3o de ecossistemas.<\/p>\n<p style=\"text-align: justify;\">&nbsp;<\/p>\n<p style=\"text-align: justify;\">O que \u00e9 conserva\u00e7\u00e3o ex situ<\/p>\n<p style=\"text-align: justify;\">&nbsp;<\/p>\n<p style=\"text-align: justify;\">A conserva\u00e7\u00e3o ex situ se refere \u00e0 manuten\u00e7\u00e3o de esp\u00e9cies fora de seu habitat natural, em locais controlados como zool\u00f3gicos, centros de reprodu\u00e7\u00e3o, jardins bot\u00e2nicos, bancos de sementes e institui\u00e7\u00f5es de pesquisa. O objetivo principal \u00e9 preservar popula\u00e7\u00f5es vi\u00e1veis geneticamente at\u00e9 que as condi\u00e7\u00f5es ambientais permitam sua reintrodu\u00e7\u00e3o ou recupera\u00e7\u00e3o em vida livre.<\/p>\n<p style=\"text-align: justify;\">&nbsp;<\/p>\n<p style=\"text-align: justify;\">Esse tipo de estrat\u00e9gia se torna essencial quando as popula\u00e7\u00f5es naturais atingem n\u00edveis cr\u00edticos, tornando assim imposs\u00edvel a sobreviv\u00eancia da esp\u00e9cie na natureza sem interven\u00e7\u00e3o humana. Em muitos casos, as amea\u00e7as incluem ca\u00e7a ilegal, desmatamento, mudan\u00e7as clim\u00e1ticas ou a degrada\u00e7\u00e3o completa do habitat.<\/p>\n<p style=\"text-align: justify;\">&nbsp;<\/p>\n<p style=\"text-align: justify;\">Na Mata Atl\u00e2ntica, um dos biomas mais biodiversos do planeta, mas tamb\u00e9m um dos mais amea\u00e7ados, esse cen\u00e1rio \u00e9 bastante comum. Restam cerca de 15% da cobertura original da floresta, grande parte fragmentada em pequenos remanescentes isolados, o que compromete a sobreviv\u00eancia de in\u00fameras esp\u00e9cies end\u00eamicas.&nbsp;<\/p>\n<p style=\"text-align: justify;\">&nbsp;<\/p>\n<p style=\"text-align: justify;\">O caso da jacutinga: um s\u00edmbolo da recupera\u00e7\u00e3o poss\u00edvel<\/p>\n<p style=\"text-align: justify;\">&nbsp;<\/p>\n<p style=\"text-align: justify;\">A jacutinga \u00e9 uma ave t\u00edpica da Mata Atl\u00e2ntica e desempenha um papel ecol\u00f3gico fundamental. Ela atua como dispersora de sementes de dezenas de esp\u00e9cies de \u00e1rvores, contribuindo diretamente para a regenera\u00e7\u00e3o da floresta.&nbsp;<\/p>\n<p style=\"text-align: justify;\">&nbsp;<\/p>\n<p style=\"text-align: justify;\">No entanto, d\u00e9cadas de ca\u00e7a e perda de habitat reduziram drasticamente suas popula\u00e7\u00f5es naturais. Em algumas regi\u00f5es, a esp\u00e9cie desapareceu completamente.<\/p>\n<p style=\"text-align: justify;\">&nbsp;<\/p>\n<p style=\"text-align: justify;\">Para enfrentar esse cen\u00e1rio, institui\u00e7\u00f5es de conserva\u00e7\u00e3o iniciaram programas de reprodu\u00e7\u00e3o em cativeiro. Filhotes nascidos sob cuidados humanos passam por avalia\u00e7\u00f5es sanit\u00e1rias, treinamento de comportamento e adapta\u00e7\u00e3o antes de serem liberados na natureza. Em projetos recentes, aves criadas em centros especializados j\u00e1 foram reintroduzidas em \u00e1reas da Serra da Mantiqueira e outras regi\u00f5es da Mata Atl\u00e2ntica, aumentando as chances de recupera\u00e7\u00e3o populacional.&nbsp;<\/p>\n<p style=\"text-align: justify;\">&nbsp;<\/p>\n<p style=\"text-align: justify;\">Esse processo demonstra como a conserva\u00e7\u00e3o ex situ pode funcionar como uma ponte entre a quase extin\u00e7\u00e3o e a recupera\u00e7\u00e3o de uma esp\u00e9cie.<\/p>\n<p style=\"text-align: justify;\">&nbsp;<\/p>\n<p style=\"text-align: justify;\">Experi\u00eancias internacionais de sucesso<\/p>\n<p style=\"text-align: justify;\">&nbsp;<\/p>\n<p style=\"text-align: justify;\">A conserva\u00e7\u00e3o ex situ j\u00e1 produziu resultados not\u00e1veis em diversas partes do mundo.<\/p>\n<p style=\"text-align: justify;\">&nbsp;<\/p>\n<p style=\"text-align: justify;\">Um dos exemplos mais conhecidos \u00e9 o condor-da-calif\u00f3rnia, que chegou a ter apenas 27 indiv\u00edduos na natureza na d\u00e9cada de 1980. Todos foram capturados para um programa de reprodu\u00e7\u00e3o em cativeiro. Ap\u00f3s d\u00e9cadas de manejo e reprodu\u00e7\u00e3o controlada, centenas de aves foram reintroduzidas na natureza, permitindo a recupera\u00e7\u00e3o gradual da esp\u00e9cie.<\/p>\n<p style=\"text-align: justify;\">&nbsp;<\/p>\n<p style=\"text-align: justify;\">Outro caso emblem\u00e1tico \u00e9 o do mico-le\u00e3o-dourado, no Brasil. Programas de reprodu\u00e7\u00e3o em zool\u00f3gicos e centros de conserva\u00e7\u00e3o ajudaram a ampliar a popula\u00e7\u00e3o da esp\u00e9cie e permitiram a reintrodu\u00e7\u00e3o de diversos indiv\u00edduos na Mata Atl\u00e2ntica do Rio de Janeiro.<\/p>\n<p style=\"text-align: justify;\">&nbsp;<\/p>\n<p style=\"text-align: justify;\">Esses exemplos mostram que, embora complexa e custosa, a conserva\u00e7\u00e3o ex situ pode evitar extin\u00e7\u00f5es definitivas e restaurar popula\u00e7\u00f5es naturais.<\/p>\n<p style=\"text-align: justify;\">&nbsp;<\/p>\n<p style=\"text-align: justify;\">Limita\u00e7\u00f5es e desafios<\/p>\n<p style=\"text-align: justify;\">&nbsp;<\/p>\n<p style=\"text-align: justify;\">Apesar de seus benef\u00edcios, a conserva\u00e7\u00e3o ex situ n\u00e3o substitui a prote\u00e7\u00e3o do habitat natural. Manter animais em cativeiro exige infraestrutura, conhecimento t\u00e9cnico e manejo gen\u00e9tico cuidadoso para evitar problemas como consanguinidade e perda de comportamento natural.<\/p>\n<p style=\"text-align: justify;\">&nbsp;<\/p>\n<p style=\"text-align: justify;\">Al\u00e9m disso, reintroduzir esp\u00e9cies na natureza s\u00f3 \u00e9 poss\u00edvel se as causas que originaram o decl\u00ednio forem controladas. N\u00e3o adianta produzir novos indiv\u00edduos se o habitat continuar degradado ou se a ca\u00e7a ilegal persistir.<\/p>\n<p style=\"text-align: justify;\">&nbsp;<\/p>\n<p style=\"text-align: justify;\">Por isso, especialistas defendem que a conserva\u00e7\u00e3o ex situ deve sempre funcionar de forma complementar \u00e0 conserva\u00e7\u00e3o in situ, aquela realizada diretamente nos ambientes naturais.<\/p>\n<p style=\"text-align: justify;\">&nbsp;<\/p>\n<p style=\"text-align: justify;\">Uma ferramenta essencial para o futuro da biodiversidade<\/p>\n<p style=\"text-align: justify;\">&nbsp;<\/p>\n<p style=\"text-align: justify;\">Diante da crise global da biodiversidade, a conserva\u00e7\u00e3o ex situ deixou de ser apenas uma alternativa emergencial e passou a integrar as estrat\u00e9gias modernas de conserva\u00e7\u00e3o.<\/p>\n<p style=\"text-align: justify;\">Projetos como o da jacutinga mostram que, quando ci\u00eancia, gest\u00e3o ambiental e engajamento social trabalham juntos, \u00e9 poss\u00edvel recuperar esp\u00e9cies que estavam \u00e0 beira da extin\u00e7\u00e3o.<\/p>\n<p style=\"text-align: justify;\">&nbsp;<\/p>\n<p style=\"text-align: justify;\">Mais do que salvar animais isoladamente, iniciativas desse tipo ajudam a restaurar processos ecol\u00f3gicos fundamentais, como a dispers\u00e3o de sementes, a regenera\u00e7\u00e3o de florestas e o equil\u00edbrio dos ecossistemas.<\/p>\n<p style=\"text-align: justify;\">&nbsp;<\/p>\n<p style=\"text-align: justify;\">Em um planeta onde a press\u00e3o humana sobre a natureza cresce continuamente, a conserva\u00e7\u00e3o ex situ representa uma das ferramentas mais importantes para garantir que a biodiversidade n\u00e3o desapare\u00e7a antes que possamos proteg\u00ea-la.<\/p>\n<p style=\"text-align: justify;\">&nbsp;<\/p>\n<p style=\"text-align: justify;\">&nbsp;<\/p>\n<p style=\"text-align: justify;\">Se voc\u00ea deseja aprender mais sobre como iniciar na \u00e1rea ambiental e fazer a diferen\u00e7a no mercado de trabalho, confira o eBook &#8220;Como Iniciar sua Consultoria Ambiental&#8221; dispon\u00edvel na Hotmart. Com ele, voc\u00ea ter\u00e1 um guia pr\u00e1tico para iniciar nas carreiras ambientais.<\/p>\n<p style=\"text-align: justify;\">&nbsp;<\/p>\n<p style=\"text-align: justify;\">&nbsp;<\/p>\n<p style=\"text-align: justify;\">Andr\u00e9 Henrique de Rezende Almeida<\/p>\n<p style=\"text-align: justify;\">@BIOLOGOANDREHENRIQUE<\/p>\n<p style=\"text-align: justify;\">Bi\u00f3logo CRBIO 02: 60.945<\/p>\n<p style=\"text-align: justify;\">Engenheiro Ambiental CREA: ES-055476\/D<\/p>\n<p style=\"text-align: justify;\">&nbsp;<\/p>\n<p style=\"text-align: justify;\">&nbsp;<\/p>\n","protected":false},"excerpt":{"rendered":"<p>Por Andr\u00e9 Henrique&nbsp; &nbsp; Nos \u00faltimos anos, iniciativas de conserva\u00e7\u00e3o v\u00eam demonstrando que salvar esp\u00e9cies amea\u00e7adas exige estrat\u00e9gias cada vez mais complexas. Um exemplo recente vem da Mata Atl\u00e2ntica brasileira: projetos de reprodu\u00e7\u00e3o em cativeiro e reintrodu\u00e7\u00e3o da jacutinga (Aburria jacutinga) pretendem devolver \u00e0 natureza uma ave que foi extinta localmente em diversos estados, como [&hellip;]<\/p>\n","protected":false},"author":1,"featured_media":47323,"comment_status":"open","ping_status":"open","sticky":false,"template":"","format":"standard","meta":{"ngg_post_thumbnail":0,"footnotes":""},"categories":[2,345,31,41],"tags":[],"class_list":["post-47322","post","type-post","status-publish","format-standard","has-post-thumbnail","hentry","category-destaques","category-meio-ambiente","category-noticias","category-ultimasnoticias"],"_links":{"self":[{"href":"https:\/\/somdepapo.com.br\/portal\/wp-json\/wp\/v2\/posts\/47322","targetHints":{"allow":["GET"]}}],"collection":[{"href":"https:\/\/somdepapo.com.br\/portal\/wp-json\/wp\/v2\/posts"}],"about":[{"href":"https:\/\/somdepapo.com.br\/portal\/wp-json\/wp\/v2\/types\/post"}],"author":[{"embeddable":true,"href":"https:\/\/somdepapo.com.br\/portal\/wp-json\/wp\/v2\/users\/1"}],"replies":[{"embeddable":true,"href":"https:\/\/somdepapo.com.br\/portal\/wp-json\/wp\/v2\/comments?post=47322"}],"version-history":[{"count":1,"href":"https:\/\/somdepapo.com.br\/portal\/wp-json\/wp\/v2\/posts\/47322\/revisions"}],"predecessor-version":[{"id":47324,"href":"https:\/\/somdepapo.com.br\/portal\/wp-json\/wp\/v2\/posts\/47322\/revisions\/47324"}],"wp:featuredmedia":[{"embeddable":true,"href":"https:\/\/somdepapo.com.br\/portal\/wp-json\/wp\/v2\/media\/47323"}],"wp:attachment":[{"href":"https:\/\/somdepapo.com.br\/portal\/wp-json\/wp\/v2\/media?parent=47322"}],"wp:term":[{"taxonomy":"category","embeddable":true,"href":"https:\/\/somdepapo.com.br\/portal\/wp-json\/wp\/v2\/categories?post=47322"},{"taxonomy":"post_tag","embeddable":true,"href":"https:\/\/somdepapo.com.br\/portal\/wp-json\/wp\/v2\/tags?post=47322"}],"curies":[{"name":"wp","href":"https:\/\/api.w.org\/{rel}","templated":true}]}}