{"id":47325,"date":"2026-03-11T16:39:44","date_gmt":"2026-03-11T19:39:44","guid":{"rendered":"https:\/\/somdepapo.com.br\/portal\/?p=47325"},"modified":"2026-03-11T16:40:14","modified_gmt":"2026-03-11T19:40:14","slug":"calvicie-nao-e-apenas-genetica-os-novos-fatores-que-estao-acelerando-a-queda-de-cabelos","status":"publish","type":"post","link":"https:\/\/somdepapo.com.br\/portal\/calvicie-nao-e-apenas-genetica-os-novos-fatores-que-estao-acelerando-a-queda-de-cabelos\/","title":{"rendered":"Calv\u00edcie n\u00e3o \u00e9 apenas Gen\u00e9tica: os novos fatores que est\u00e3o acelerando a queda de cabelos"},"content":{"rendered":"<p style=\"text-align: right;\">Por Dra. Jessica Lima<\/p>\n<p style=\"text-align: right;\">@jessicalimatricologista<\/p>\n<p style=\"text-align: justify;\">&nbsp;<\/p>\n<p style=\"text-align: justify;\">Durante muitos anos, a calv\u00edcie foi associada exclusivamente \u00e0 gen\u00e9tica. A ideia de que &#8216;se o pai \u00e9 careca, o filho tamb\u00e9m ser\u00e1&#8217; se tornou uma cren\u00e7a popular. No entanto, a tricologia moderna tem mostrado que a realidade \u00e9 muito mais complexa.<\/p>\n<p style=\"text-align: justify;\">&nbsp;<\/p>\n<p style=\"text-align: justify;\">Hoje sabemos que diversos fatores do estilo de vida e da sa\u00fade metab\u00f3lica podem acelerar, agravar ou at\u00e9 antecipar a queda de cabelo, mesmo em pessoas jovens. Nos consult\u00f3rios de tricologia cl\u00ednica, tem sido cada vez mais comum atender pacientes entre 20 e 35 anos j\u00e1 apresentando sinais iniciais de rarefa\u00e7\u00e3o capilar.<\/p>\n<p style=\"text-align: justify;\">O papel dos horm\u00f4nios na queda capilar<\/p>\n<p style=\"text-align: justify;\">A alopecia androgen\u00e9tica, conhecida popularmente como calv\u00edcie, est\u00e1 diretamente relacionada \u00e0 a\u00e7\u00e3o de horm\u00f4nios androg\u00eanicos sobre o fol\u00edculo capilar. Esses horm\u00f4nios podem provocar um processo chamado miniaturiza\u00e7\u00e3o do fio, em que o cabelo vai ficando cada vez mais fino e fraco ao longo do tempo.<\/p>\n<p style=\"text-align: justify;\">Com o passar dos ciclos capilares, o fio perde espessura, cresce menos e pode deixar de nascer em determinadas regi\u00f5es do couro cabeludo. Por\u00e9m, a gen\u00e9tica n\u00e3o atua sozinha nesse processo.<\/p>\n<p style=\"text-align: justify;\">Fatores modernos que podem acelerar a calv\u00edcie<\/p>\n<p style=\"text-align: justify;\">A vida moderna trouxe mudan\u00e7as importantes no estilo de vida que impactam diretamente na sa\u00fade capilar. Entre os fatores que mais t\u00eam contribu\u00eddo para o aumento dos quadros de queda de cabelo est\u00e3o:<\/p>\n<p style=\"text-align: justify;\">\u2022 Estresse cr\u00f4nico<\/p>\n<p style=\"text-align: justify;\">\u2022 Priva\u00e7\u00e3o de sono<\/p>\n<p style=\"text-align: justify;\">\u2022 Alimenta\u00e7\u00e3o pobre em nutrientes<\/p>\n<p style=\"text-align: justify;\">\u2022 Altera\u00e7\u00f5es hormonais<\/p>\n<p style=\"text-align: justify;\">\u2022 Defici\u00eancias vitam\u00ednicas<\/p>\n<p style=\"text-align: justify;\">Esses fatores podem interferir no funcionamento do fol\u00edculo capilar e favorecer o surgimento precoce da queda.<\/p>\n<p style=\"text-align: justify;\">Diagn\u00f3stico precoce faz toda a diferen\u00e7a<\/p>\n<p style=\"text-align: justify;\">Muitas pessoas procuram ajuda apenas quando a perda capilar j\u00e1 est\u00e1 avan\u00e7ada. No entanto, quanto mais cedo o diagn\u00f3stico \u00e9 feito, maiores s\u00e3o as chances de preservar os fios e controlar a progress\u00e3o da calv\u00edcie.<\/p>\n<p style=\"text-align: justify;\">&nbsp;<\/p>\n<p style=\"text-align: justify;\">A avalia\u00e7\u00e3o tricologica inclui an\u00e1lise cl\u00ednica do couro cabeludo, hist\u00f3rico do paciente e, em muitos casos, exames laboratoriais que ajudam a identificar poss\u00edveis fatores internos associados \u00e0 queda.<\/p>\n<p style=\"text-align: justify;\">Cabelo tamb\u00e9m \u00e9 sa\u00fade<\/p>\n<p style=\"text-align: justify;\">Embora muitas pessoas associem o cabelo apenas \u00e0 est\u00e9tica, ele pode revelar muito sobre o equil\u00edbrio do organismo. Altera\u00e7\u00f5es hormonais, defici\u00eancias nutricionais e at\u00e9 fatores emocionais podem impactar diretamente o ciclo capilar.<\/p>\n<p style=\"text-align: justify;\">Por isso, olhar para o cabelo de forma sist\u00eamica \u00e9 fundamental para entender as causas da queda e estabelecer estrat\u00e9gias de tratamento mais eficazes. Cuidar do cabelo \u00e9, muitas vezes, tamb\u00e9m cuidar da sa\u00fade como um todo.<\/p>\n<p style=\"text-align: justify;\">&nbsp;<\/p>\n","protected":false},"excerpt":{"rendered":"<p>Por Dra. Jessica Lima @jessicalimatricologista &nbsp; Durante muitos anos, a calv\u00edcie foi associada exclusivamente \u00e0 gen\u00e9tica. A ideia de que &#8216;se o pai \u00e9 careca, o filho tamb\u00e9m ser\u00e1&#8217; se tornou uma cren\u00e7a popular. No entanto, a tricologia moderna tem mostrado que a realidade \u00e9 muito mais complexa. &nbsp; Hoje sabemos que diversos fatores do [&hellip;]<\/p>\n","protected":false},"author":1,"featured_media":47326,"comment_status":"open","ping_status":"open","sticky":false,"template":"","format":"standard","meta":{"ngg_post_thumbnail":0,"footnotes":""},"categories":[2,31,398,41],"tags":[],"class_list":["post-47325","post","type-post","status-publish","format-standard","has-post-thumbnail","hentry","category-destaques","category-noticias","category-tricologia","category-ultimasnoticias"],"_links":{"self":[{"href":"https:\/\/somdepapo.com.br\/portal\/wp-json\/wp\/v2\/posts\/47325","targetHints":{"allow":["GET"]}}],"collection":[{"href":"https:\/\/somdepapo.com.br\/portal\/wp-json\/wp\/v2\/posts"}],"about":[{"href":"https:\/\/somdepapo.com.br\/portal\/wp-json\/wp\/v2\/types\/post"}],"author":[{"embeddable":true,"href":"https:\/\/somdepapo.com.br\/portal\/wp-json\/wp\/v2\/users\/1"}],"replies":[{"embeddable":true,"href":"https:\/\/somdepapo.com.br\/portal\/wp-json\/wp\/v2\/comments?post=47325"}],"version-history":[{"count":1,"href":"https:\/\/somdepapo.com.br\/portal\/wp-json\/wp\/v2\/posts\/47325\/revisions"}],"predecessor-version":[{"id":47327,"href":"https:\/\/somdepapo.com.br\/portal\/wp-json\/wp\/v2\/posts\/47325\/revisions\/47327"}],"wp:featuredmedia":[{"embeddable":true,"href":"https:\/\/somdepapo.com.br\/portal\/wp-json\/wp\/v2\/media\/47326"}],"wp:attachment":[{"href":"https:\/\/somdepapo.com.br\/portal\/wp-json\/wp\/v2\/media?parent=47325"}],"wp:term":[{"taxonomy":"category","embeddable":true,"href":"https:\/\/somdepapo.com.br\/portal\/wp-json\/wp\/v2\/categories?post=47325"},{"taxonomy":"post_tag","embeddable":true,"href":"https:\/\/somdepapo.com.br\/portal\/wp-json\/wp\/v2\/tags?post=47325"}],"curies":[{"name":"wp","href":"https:\/\/api.w.org\/{rel}","templated":true}]}}