{"id":47346,"date":"2026-03-13T05:15:25","date_gmt":"2026-03-13T08:15:25","guid":{"rendered":"https:\/\/somdepapo.com.br\/portal\/?p=47346"},"modified":"2026-03-12T12:49:50","modified_gmt":"2026-03-12T15:49:50","slug":"quando-a-mente-nao-descansa-o-que-a-ansiedade-tenta-nos-dizer","status":"publish","type":"post","link":"https:\/\/somdepapo.com.br\/portal\/quando-a-mente-nao-descansa-o-que-a-ansiedade-tenta-nos-dizer\/","title":{"rendered":"Quando a mente n\u00e3o descansa &#8211; o que a Ansiedade tenta nos dizer"},"content":{"rendered":"<p style=\"text-align: right;\">&nbsp; &nbsp; &nbsp; &nbsp; &nbsp; &nbsp; &nbsp;Por Leandro Liz<\/p>\n<p style=\"text-align: right;\">Psicanalista<\/p>\n<p style=\"text-align: right;\">@psicanalistalizes<\/p>\n<p style=\"text-align: justify;\">&nbsp;<\/p>\n<p style=\"text-align: justify;\">Vivemos em um tempo em que a mente raramente encontra descanso. Mesmo quando o corpo para, os pensamentos continuam acelerados. Preocupa\u00e7\u00f5es com o futuro, lembran\u00e7as do passado e cobran\u00e7as internas fazem muitas pessoas viverem em um estado constante de tens\u00e3o.<\/p>\n<p style=\"text-align: justify;\">A ansiedade, muitas vezes, n\u00e3o surge apenas por causa do mundo externo. Ela tamb\u00e9m aparece quando existem conflitos internos que ainda n\u00e3o foram compreendidos.<\/p>\n<p style=\"text-align: justify;\">A psican\u00e1lise nos ensina que a mente fala, mesmo quando n\u00e3o percebemos. Pensamentos repetitivos, inquieta\u00e7\u00e3o e dificuldade para relaxar podem ser sinais de algo dentro de n\u00f3s pedindo aten\u00e7\u00e3o.<\/p>\n<p style=\"text-align: justify;\">Positividade n\u00e3o significa ignorar essas emo\u00e7\u00f5es ou fingir que tudo est\u00e1 bem. Positividade verdadeira \u00e9 desenvolver consci\u00eancia sobre aquilo que sentimos e buscar compreender a pr\u00f3pria hist\u00f3ria.<\/p>\n<p style=\"text-align: justify;\">Quando algu\u00e9m come\u00e7a a olhar para si com mais honestidade, algo muda. A mente deixa de ser apenas um lugar de tens\u00e3o e passa a se tornar um espa\u00e7o de compreens\u00e3o.<\/p>\n<p style=\"text-align: justify;\">\u00c0s vezes, o que mais precisamos n\u00e3o \u00e9 controlar os pensamentos, mas aprender a escut\u00e1-los.<\/p>\n<p style=\"text-align: justify;\">Se essa reflex\u00e3o despertou algo em voc\u00ea, talvez seja o momento de olhar para sua pr\u00f3pria hist\u00f3ria com mais profundidade.<\/p>\n<p style=\"text-align: justify;\">Agende um atendimento psicanal\u00edtico terap\u00eautico online.<\/p>\n<p style=\"text-align: justify;\">Imagem ilustrativa criada com o uso de Intelig\u00eancia Artificial.<\/p>\n<p style=\"text-align: justify;\">&nbsp;<\/p>\n<p style=\"text-align: justify;\">&nbsp;<\/p>\n<p style=\"text-align: justify;\">&nbsp;<\/p>\n<p style=\"text-align: justify;\">&nbsp;<\/p>\n<p style=\"text-align: justify;\">&nbsp;<\/p>\n","protected":false},"excerpt":{"rendered":"<p>&nbsp; &nbsp; &nbsp; &nbsp; &nbsp; &nbsp; &nbsp;Por Leandro Liz Psicanalista @psicanalistalizes &nbsp; Vivemos em um tempo em que a mente raramente encontra descanso. Mesmo quando o corpo para, os pensamentos continuam acelerados. Preocupa\u00e7\u00f5es com o futuro, lembran\u00e7as do passado e cobran\u00e7as internas fazem muitas pessoas viverem em um estado constante de tens\u00e3o. A ansiedade, muitas [&hellip;]<\/p>\n","protected":false},"author":1,"featured_media":47348,"comment_status":"open","ping_status":"open","sticky":false,"template":"","format":"standard","meta":{"ngg_post_thumbnail":0,"footnotes":""},"categories":[2,36,41],"tags":[],"class_list":["post-47346","post","type-post","status-publish","format-standard","has-post-thumbnail","hentry","category-destaques","category-positividade","category-ultimasnoticias"],"_links":{"self":[{"href":"https:\/\/somdepapo.com.br\/portal\/wp-json\/wp\/v2\/posts\/47346","targetHints":{"allow":["GET"]}}],"collection":[{"href":"https:\/\/somdepapo.com.br\/portal\/wp-json\/wp\/v2\/posts"}],"about":[{"href":"https:\/\/somdepapo.com.br\/portal\/wp-json\/wp\/v2\/types\/post"}],"author":[{"embeddable":true,"href":"https:\/\/somdepapo.com.br\/portal\/wp-json\/wp\/v2\/users\/1"}],"replies":[{"embeddable":true,"href":"https:\/\/somdepapo.com.br\/portal\/wp-json\/wp\/v2\/comments?post=47346"}],"version-history":[{"count":1,"href":"https:\/\/somdepapo.com.br\/portal\/wp-json\/wp\/v2\/posts\/47346\/revisions"}],"predecessor-version":[{"id":47347,"href":"https:\/\/somdepapo.com.br\/portal\/wp-json\/wp\/v2\/posts\/47346\/revisions\/47347"}],"wp:featuredmedia":[{"embeddable":true,"href":"https:\/\/somdepapo.com.br\/portal\/wp-json\/wp\/v2\/media\/47348"}],"wp:attachment":[{"href":"https:\/\/somdepapo.com.br\/portal\/wp-json\/wp\/v2\/media?parent=47346"}],"wp:term":[{"taxonomy":"category","embeddable":true,"href":"https:\/\/somdepapo.com.br\/portal\/wp-json\/wp\/v2\/categories?post=47346"},{"taxonomy":"post_tag","embeddable":true,"href":"https:\/\/somdepapo.com.br\/portal\/wp-json\/wp\/v2\/tags?post=47346"}],"curies":[{"name":"wp","href":"https:\/\/api.w.org\/{rel}","templated":true}]}}