{"id":47364,"date":"2026-03-13T12:06:02","date_gmt":"2026-03-13T15:06:02","guid":{"rendered":"https:\/\/somdepapo.com.br\/portal\/?p=47364"},"modified":"2026-03-13T12:06:59","modified_gmt":"2026-03-13T15:06:59","slug":"o-valor-das-pequenas-coisas","status":"publish","type":"post","link":"https:\/\/somdepapo.com.br\/portal\/o-valor-das-pequenas-coisas\/","title":{"rendered":"O valor das pequenas coisas"},"content":{"rendered":"<p style=\"text-align: right;\">Por Thiago Alves Eduardo &#8211; Psic\u00f3logo<\/p>\n<p style=\"text-align: right;\">@mentecultivada&nbsp;&nbsp;<\/p>\n<p style=\"text-align: justify;\">Vivemos em um tempo em que tudo parece correr depressa. As horas passam quase sem que percebamos, os dias se acumulam e, muitas vezes, quando paramos para pensar, sentimos que a vida est\u00e1 sempre nos empurrando para a pr\u00f3xima tarefa, o pr\u00f3ximo compromisso, o pr\u00f3ximo objetivo. Nesse ritmo acelerado, \u00e9 f\u00e1cil esquecer que a vida n\u00e3o \u00e9 feita apenas de grandes conquistas ou momentos extraordin\u00e1rios. Na verdade, grande parte da nossa exist\u00eancia \u00e9 constru\u00edda pelas pequenas coisas.<\/p>\n<p style=\"text-align: justify;\">Um sorriso inesperado, uma conversa simples, um gesto de gentileza ou at\u00e9 mesmo alguns minutos de sil\u00eancio podem carregar um valor imenso. No entanto, acostumados a buscar sempre algo maior, mais impressionante ou mais importante, muitas vezes deixamos passar despercebidos esses instantes que, no fundo, d\u00e3o sentido ao nosso cotidiano.<\/p>\n<p style=\"text-align: justify;\">Quando pensamos em felicidade, \u00e9 comum imaginarmos grandes mudan\u00e7as: um emprego melhor, uma viagem especial, a realiza\u00e7\u00e3o de um sonho antigo. Claro que tudo isso tem seu valor. Mas, se observarmos com mais aten\u00e7\u00e3o, perceberemos que a felicidade verdadeira costuma aparecer de forma mais discreta. Ela pode estar no cheiro do caf\u00e9 pela manh\u00e3, na risada de um amigo, no abra\u00e7o de algu\u00e9m querido ou at\u00e9 na sensa\u00e7\u00e3o tranquila de chegar em casa depois de um dia cansativo.<\/p>\n<p style=\"text-align: justify;\">Isso n\u00e3o significa ignorar os desafios da vida. Todos enfrentamos dificuldades, momentos de d\u00favida e per\u00edodos em que tudo parece pesado demais. Nessas horas, olhar para as pequenas coisas pode ser uma maneira de recuperar o equil\u00edbrio. Elas funcionam como pequenas luzes em meio \u00e0 rotina, lembrando-nos de que ainda existem motivos para seguir em frente.<\/p>\n<p style=\"text-align: justify;\">Outro aspecto importante \u00e9 perceber como nossas atitudes, mesmo as mais simples, podem impactar a vida de outras pessoas. Um gesto de paci\u00eancia, uma palavra de incentivo ou um ato de solidariedade podem transformar o dia de algu\u00e9m. Muitas vezes, n\u00e3o temos ideia do peso que nossas a\u00e7\u00f5es carregam para quem est\u00e1 ao nosso redor.<\/p>\n<p style=\"text-align: justify;\">Vivemos em sociedade, e isso significa que nossas vidas est\u00e3o conectadas de muitas formas. Cada pessoa enfrenta suas pr\u00f3prias batalhas, muitas delas invis\u00edveis aos olhos dos outros. Por isso, cultivar empatia \u00e9 a capacidade de tentar compreender o que o outro sente \u00e9 uma atitude essencial. Quando nos colocamos no lugar de outra pessoa, mesmo que por um instante, ampliamos nossa vis\u00e3o de mundo e tornamos nossas rela\u00e7\u00f5es mais humanas.<\/p>\n<p style=\"text-align: justify;\">Tamb\u00e9m \u00e9 importante lembrar que ningu\u00e9m precisa ser perfeito. Em um mundo que constantemente cobra desempenho, produtividade e sucesso, \u00e9 f\u00e1cil cair na armadilha de acreditar que precisamos acertar sempre. Mas a vida \u00e9, antes de tudo, um processo de aprendizado. Errar faz parte do caminho. Cada erro, cada dificuldade e cada obst\u00e1culo podem se transformar em oportunidades de crescimento, desde que estejamos dispostos a refletir sobre eles.<\/p>\n<p style=\"text-align: justify;\">Muitas vezes, somos nossos pr\u00f3prios cr\u00edticos mais severos. Cobramos demais de n\u00f3s mesmos e esquecemos de reconhecer nossas conquistas, por menores que sejam. Aprender a valorizar nossos pr\u00f3prios passos \u00e9 um exerc\u00edcio importante de compreens\u00e3o e respeito consigo mesmo.<\/p>\n<p style=\"text-align: justify;\">Al\u00e9m disso, reservar momentos para refletir sobre a vida pode fazer grande diferen\u00e7a. Em meio \u00e0 correria, parar por alguns minutos para pensar, respirar e observar o que est\u00e1 ao nosso redor ajuda a reorganizar os pensamentos. Esse pequeno espa\u00e7o de pausa permite que enxerguemos com mais clareza aquilo que realmente importa.<\/p>\n<p style=\"text-align: justify;\">Com o tempo, percebemos que a vida n\u00e3o \u00e9 apenas uma sequ\u00eancia de metas a serem cumpridas. Ela \u00e9 feita de experi\u00eancias, encontros, aprendizados e mem\u00f3rias. Algumas dessas mem\u00f3rias nasceram de momentos simples, aparentemente comuns, mas que se tornam especiais porque foram vividos com aten\u00e7\u00e3o e presen\u00e7a.<\/p>\n<p style=\"text-align: justify;\">Talvez o maior desafio seja justamente esse: aprender a estar presente. Em vez de viver sempre pensando no passado ou preocupado com o futuro, tentar perceber o que est\u00e1 acontecendo agora. O momento presente \u00e9 o \u00fanico que realmente temos.<\/p>\n<p style=\"text-align: justify;\">Quando passamos a valorizar mais as pequenas coisas, nossa rela\u00e7\u00e3o com o mundo muda. Come\u00e7amos a perceber beleza onde antes havia apenas rotina. O cotidiano deixa de ser apenas uma sequ\u00eancia de obriga\u00e7\u00f5es e passa a ser um espa\u00e7o onde a vida acontece de verdade.<\/p>\n<p style=\"text-align: justify;\">No final das contas, talvez a verdadeira riqueza da vida esteja justamente nesses detalhes que muitas vezes ignoramos. N\u00e3o nas grandes promessas do amanh\u00e3, mas nos pequenos instantes que formam o hoje.<\/p>\n<p style=\"text-align: justify;\">E quando aprendemos a olhar para esses instantes com mais aten\u00e7\u00e3o, percebemos algo importante: a vida, mesmo com todas as suas imperfei\u00e7\u00f5es, j\u00e1 carrega dentro de si in\u00fameros motivos para ser apreciada.<\/p>\n<p style=\"text-align: justify;\">&nbsp;<\/p>\n<p style=\"text-align: justify;\">&nbsp;<\/p>\n","protected":false},"excerpt":{"rendered":"<p>Por Thiago Alves Eduardo &#8211; Psic\u00f3logo @mentecultivada&nbsp;&nbsp; Vivemos em um tempo em que tudo parece correr depressa. As horas passam quase sem que percebamos, os dias se acumulam e, muitas vezes, quando paramos para pensar, sentimos que a vida est\u00e1 sempre nos empurrando para a pr\u00f3xima tarefa, o pr\u00f3ximo compromisso, o pr\u00f3ximo objetivo. Nesse ritmo [&hellip;]<\/p>\n","protected":false},"author":1,"featured_media":47366,"comment_status":"open","ping_status":"open","sticky":false,"template":"","format":"standard","meta":{"ngg_post_thumbnail":0,"footnotes":""},"categories":[2,352,41],"tags":[],"class_list":["post-47364","post","type-post","status-publish","format-standard","has-post-thumbnail","hentry","category-destaques","category-terapias","category-ultimasnoticias"],"_links":{"self":[{"href":"https:\/\/somdepapo.com.br\/portal\/wp-json\/wp\/v2\/posts\/47364","targetHints":{"allow":["GET"]}}],"collection":[{"href":"https:\/\/somdepapo.com.br\/portal\/wp-json\/wp\/v2\/posts"}],"about":[{"href":"https:\/\/somdepapo.com.br\/portal\/wp-json\/wp\/v2\/types\/post"}],"author":[{"embeddable":true,"href":"https:\/\/somdepapo.com.br\/portal\/wp-json\/wp\/v2\/users\/1"}],"replies":[{"embeddable":true,"href":"https:\/\/somdepapo.com.br\/portal\/wp-json\/wp\/v2\/comments?post=47364"}],"version-history":[{"count":1,"href":"https:\/\/somdepapo.com.br\/portal\/wp-json\/wp\/v2\/posts\/47364\/revisions"}],"predecessor-version":[{"id":47365,"href":"https:\/\/somdepapo.com.br\/portal\/wp-json\/wp\/v2\/posts\/47364\/revisions\/47365"}],"wp:featuredmedia":[{"embeddable":true,"href":"https:\/\/somdepapo.com.br\/portal\/wp-json\/wp\/v2\/media\/47366"}],"wp:attachment":[{"href":"https:\/\/somdepapo.com.br\/portal\/wp-json\/wp\/v2\/media?parent=47364"}],"wp:term":[{"taxonomy":"category","embeddable":true,"href":"https:\/\/somdepapo.com.br\/portal\/wp-json\/wp\/v2\/categories?post=47364"},{"taxonomy":"post_tag","embeddable":true,"href":"https:\/\/somdepapo.com.br\/portal\/wp-json\/wp\/v2\/tags?post=47364"}],"curies":[{"name":"wp","href":"https:\/\/api.w.org\/{rel}","templated":true}]}}