{"id":47438,"date":"2026-03-16T05:39:57","date_gmt":"2026-03-16T08:39:57","guid":{"rendered":"https:\/\/somdepapo.com.br\/portal\/?p=47438"},"modified":"2026-03-15T20:42:49","modified_gmt":"2026-03-15T23:42:49","slug":"memoria-corpo-e-emocao-por-que-nem-sempre-a-historia-do-paciente-mostra-a-raiz-do-problema","status":"publish","type":"post","link":"https:\/\/somdepapo.com.br\/portal\/memoria-corpo-e-emocao-por-que-nem-sempre-a-historia-do-paciente-mostra-a-raiz-do-problema\/","title":{"rendered":"Mem\u00f3ria, Corpo e Emo\u00e7\u00e3o: Por que nem sempre a hist\u00f3ria do paciente mostra a raiz do problema"},"content":{"rendered":"<p style=\"text-align: right;\">Por Artur Santos&nbsp;<\/p>\n<p style=\"text-align: justify;\">Quando falamos de sofrimento emocional, \u00e9 comum acreditar que a raiz do problema est\u00e1 na hist\u00f3ria que a pessoa conta. O paciente relata um epis\u00f3dio, lembra de um momento dif\u00edcil ou aponta um acontecimento espec\u00edfico e conclui que ali come\u00e7ou sua dor. Por\u00e9m, quando observamos a neuroci\u00eancia com mais aten\u00e7\u00e3o, percebemos que nem sempre \u00e9 assim. Muitas vezes a hist\u00f3ria relatada serve apenas como refer\u00eancia, enquanto a verdadeira raiz est\u00e1 registrada em camadas mais profundas da mem\u00f3ria.<\/p>\n<p style=\"text-align: justify;\">Na pr\u00e1tica cl\u00ednica, \u00e9 importante compreender que existem diferentes tipos de mem\u00f3ria. Durante muito tempo a neuroci\u00eancia dividiu essas mem\u00f3rias entre declarativas e n\u00e3o declarativas. Hoje \u00e9 mais comum falar em mem\u00f3rias expl\u00edcitas e impl\u00edcitas. As mem\u00f3rias expl\u00edcitas s\u00e3o aquelas que a pessoa consegue relatar. S\u00e3o lembran\u00e7as de acontecimentos, epis\u00f3dios ou momentos espec\u00edficos da vida. J\u00e1 as mem\u00f3rias impl\u00edcitas est\u00e3o associadas a padr\u00f5es autom\u00e1ticos de rea\u00e7\u00e3o, que muitas vezes ocorrem sem que a pessoa tenha consci\u00eancia de sua origem.<\/p>\n<p style=\"text-align: justify;\">Dentro desse contexto surge o conceito de mem\u00f3ria procedural. Esse tipo de mem\u00f3ria est\u00e1 relacionado aos padr\u00f5es de funcionamento do corpo. Ela organiza respostas autom\u00e1ticas de sobreviv\u00eancia, como tens\u00e3o muscular, congelamento, luta ou fuga. Diferente das mem\u00f3rias epis\u00f3dicas, que envolvem narrativa e linguagem, a mem\u00f3ria procedural atua de forma corporal e visceral.<\/p>\n<p style=\"text-align: justify;\">Isso significa que o corpo pode reagir a situa\u00e7\u00f5es atuais com base em registros antigos, mesmo quando a pessoa n\u00e3o lembra conscientemente de onde veio aquela rea\u00e7\u00e3o. \u00c9 por esse motivo que algu\u00e9m pode sentir ansiedade, medo ou tens\u00e3o em determinadas situa\u00e7\u00f5es sem conseguir explicar claramente o motivo.<\/p>\n<p style=\"text-align: justify;\">Outro ponto importante \u00e9 entender que o c\u00e9rebro humano funciona de forma preditiva. Ele n\u00e3o espera o perigo chegar para reagir. Em vez disso, ele tenta antecipar o que pode acontecer e prepara o organismo com anteced\u00eancia. Esse mecanismo \u00e9 chamado de alostase. Quando o c\u00e9rebro prev\u00ea uma poss\u00edvel amea\u00e7a, o corpo se organiza para lidar com ela. A respira\u00e7\u00e3o muda, os m\u00fasculos se tensionam e horm\u00f4nios relacionados ao estresse s\u00e3o liberados.<\/p>\n<p style=\"text-align: justify;\">Esse processo \u00e9 essencial para a sobreviv\u00eancia. O problema surge quando o c\u00e9rebro passa a prever perigo com frequ\u00eancia, mesmo quando o ambiente \u00e9 relativamente seguro. Nesse caso, o organismo pode permanecer em um estado constante de alerta. O desgaste causado por essa ativa\u00e7\u00e3o cont\u00ednua \u00e9 conhecido como carga alost\u00e1tica. Esse desgaste pode contribuir para sintomas como ansiedade persistente, tens\u00e3o muscular, dificuldade para dormir e fadiga constante.<\/p>\n<p style=\"text-align: justify;\">Grande parte dessas respostas autom\u00e1ticas se desenvolve nos primeiros anos de vida. Durante a inf\u00e2ncia, especialmente entre o nascimento e aproximadamente os cinco anos de idade, o c\u00e9rebro passa por um per\u00edodo de intensa plasticidade. Nesse per\u00edodo, ele aprende rapidamente como o mundo funciona e como deve reagir diante de diferentes situa\u00e7\u00f5es.<\/p>\n<p style=\"text-align: justify;\">Experi\u00eancias vividas nessa fase ajudam a calibrar as respostas do organismo. O c\u00e9rebro aprende como lidar com amea\u00e7a, conflito, abandono ou prote\u00e7\u00e3o. Esses aprendizados formam uma esp\u00e9cie de banco de dados interno que ser\u00e1 usado para prever o mundo ao longo da vida.<\/p>\n<p style=\"text-align: justify;\">Por isso, duas pessoas podem reagir de maneira completamente diferente diante da mesma situa\u00e7\u00e3o. Cada uma possui um hist\u00f3rico pr\u00f3prio de experi\u00eancias que moldou suas previs\u00f5es internas.<\/p>\n<p style=\"text-align: justify;\">Quando um paciente chega ao consult\u00f3rio relatando um problema, a hist\u00f3ria que ele conta pode ser apenas a forma que o c\u00e9rebro encontrou para dar sentido ao que est\u00e1 sentindo. O c\u00e9rebro gosta de criar explica\u00e7\u00f5es e ligar pontos. Isso ajuda a reduzir a ang\u00fastia de n\u00e3o compreender o que est\u00e1 acontecendo. Por\u00e9m, a explica\u00e7\u00e3o racional nem sempre revela a origem biol\u00f3gica do padr\u00e3o.<\/p>\n<p style=\"text-align: justify;\">\u00c9 por esse motivo que muitos processos terap\u00eauticos passam a observar tamb\u00e9m as respostas do corpo. Sensa\u00e7\u00f5es f\u00edsicas, rea\u00e7\u00f5es autom\u00e1ticas e emo\u00e7\u00f5es intensas podem indicar que uma mem\u00f3ria procedural est\u00e1 ativa. Quando isso acontece, o corpo muitas vezes revela mais sobre a origem do problema do que a narrativa consciente.<\/p>\n<p style=\"text-align: justify;\">Isso n\u00e3o significa ignorar o que o paciente diz. A fala continua sendo importante para compreender o contexto da pessoa. Por\u00e9m, ela funciona mais como um mapa inicial do que como a raiz do problema.<\/p>\n<p style=\"text-align: justify;\">A partir do momento em que o corpo entra em contato com essas mem\u00f3rias mais profundas, pode ocorrer um processo de atualiza\u00e7\u00e3o. O c\u00e9rebro possui uma capacidade chamada plasticidade, que permite reorganizar circuitos e modificar padr\u00f5es antigos quando novas experi\u00eancias s\u00e3o integradas.<\/p>\n<p style=\"text-align: justify;\">Quando uma mem\u00f3ria \u00e9 reativada e a pessoa experimenta seguran\u00e7a ou novas interpreta\u00e7\u00f5es sobre aquela experi\u00eancia, o sistema nervoso pode recalibrar suas previs\u00f5es. Com isso, respostas autom\u00e1ticas de medo ou tens\u00e3o podem diminuir.<\/p>\n<p style=\"text-align: justify;\">Em muitos casos, transformar a forma como o corpo interpreta experi\u00eancias passadas permite que o presente seja vivido com mais equil\u00edbrio e menos sofrimento. O objetivo do trabalho terap\u00eautico, portanto, n\u00e3o \u00e9 apenas revisitar hist\u00f3rias, mas compreender como o organismo aprendeu a reagir e oferecer condi\u00e7\u00f5es para que essas respostas possam ser atualizadas.<\/p>\n<p style=\"text-align: justify;\">Se esse conte\u00fado fez sentido para voc\u00ea e deseja aprofundar esse processo de atualiza\u00e7\u00e3o emocional de forma estruturada e segura, entre em contato.<\/p>\n<p style=\"text-align: justify;\">&nbsp;<\/p>\n","protected":false},"excerpt":{"rendered":"<p>Por Artur Santos&nbsp; Quando falamos de sofrimento emocional, \u00e9 comum acreditar que a raiz do problema est\u00e1 na hist\u00f3ria que a pessoa conta. O paciente relata um epis\u00f3dio, lembra de um momento dif\u00edcil ou aponta um acontecimento espec\u00edfico e conclui que ali come\u00e7ou sua dor. Por\u00e9m, quando observamos a neuroci\u00eancia com mais aten\u00e7\u00e3o, percebemos que [&hellip;]<\/p>\n","protected":false},"author":1,"featured_media":47439,"comment_status":"open","ping_status":"open","sticky":false,"template":"","format":"standard","meta":{"ngg_post_thumbnail":0,"footnotes":""},"categories":[2,283,41],"tags":[],"class_list":["post-47438","post","type-post","status-publish","format-standard","has-post-thumbnail","hentry","category-destaques","category-hipnoterapia","category-ultimasnoticias"],"_links":{"self":[{"href":"https:\/\/somdepapo.com.br\/portal\/wp-json\/wp\/v2\/posts\/47438","targetHints":{"allow":["GET"]}}],"collection":[{"href":"https:\/\/somdepapo.com.br\/portal\/wp-json\/wp\/v2\/posts"}],"about":[{"href":"https:\/\/somdepapo.com.br\/portal\/wp-json\/wp\/v2\/types\/post"}],"author":[{"embeddable":true,"href":"https:\/\/somdepapo.com.br\/portal\/wp-json\/wp\/v2\/users\/1"}],"replies":[{"embeddable":true,"href":"https:\/\/somdepapo.com.br\/portal\/wp-json\/wp\/v2\/comments?post=47438"}],"version-history":[{"count":1,"href":"https:\/\/somdepapo.com.br\/portal\/wp-json\/wp\/v2\/posts\/47438\/revisions"}],"predecessor-version":[{"id":47440,"href":"https:\/\/somdepapo.com.br\/portal\/wp-json\/wp\/v2\/posts\/47438\/revisions\/47440"}],"wp:featuredmedia":[{"embeddable":true,"href":"https:\/\/somdepapo.com.br\/portal\/wp-json\/wp\/v2\/media\/47439"}],"wp:attachment":[{"href":"https:\/\/somdepapo.com.br\/portal\/wp-json\/wp\/v2\/media?parent=47438"}],"wp:term":[{"taxonomy":"category","embeddable":true,"href":"https:\/\/somdepapo.com.br\/portal\/wp-json\/wp\/v2\/categories?post=47438"},{"taxonomy":"post_tag","embeddable":true,"href":"https:\/\/somdepapo.com.br\/portal\/wp-json\/wp\/v2\/tags?post=47438"}],"curies":[{"name":"wp","href":"https:\/\/api.w.org\/{rel}","templated":true}]}}