{"id":47586,"date":"2026-03-21T10:47:05","date_gmt":"2026-03-21T13:47:05","guid":{"rendered":"https:\/\/somdepapo.com.br\/portal\/?p=47586"},"modified":"2026-03-21T10:47:05","modified_gmt":"2026-03-21T13:47:05","slug":"e-voce-tem-um-amigo-de-verdade-os-valores-de-uma-amizade-verdadeira","status":"publish","type":"post","link":"https:\/\/somdepapo.com.br\/portal\/e-voce-tem-um-amigo-de-verdade-os-valores-de-uma-amizade-verdadeira\/","title":{"rendered":"E voc\u00ea tem um amigo de verdade? Os valores de uma amizade verdadeira"},"content":{"rendered":"<p style=\"text-align: right;\">Por Gilanio Calixto.<\/p>\n<p style=\"text-align: justify;\">&nbsp;<\/p>\n<p style=\"text-align: justify;\">&nbsp;Olha n\u00f3s aqui juntos mais uma vez. Que maravilha encontrar cada um e cada uma de voc\u00eas nesta coluna semanal de Cidadania onde nos conectamos com assuntos e conhecimentos vastos nos mais diversos temas e propostas.<\/p>\n<p style=\"text-align: justify;\">&nbsp;Neste dia abordo um conte\u00fado delicado, por\u00e9m muito importante e quero partilhar com cada um e cada uma de voc\u00eas meus estimados leitores. Vamos l\u00e1? Ser\u00e1 r\u00e1pido. Deixa eu te fazer uma pergunta: TU TENS ALGUM AMIGO OU AMIGA VERDADEIRA? J\u00c1 EXPERIMENTASSE OS VALORES DE UMA AMIZADE DE VERDADE?<\/p>\n<p style=\"text-align: justify;\">&nbsp;Em um mundo cada vez mais acelerado, imediatista e complexo onde tudo parece passageiro, a amizade verdadeira se torna um dos bens mais raros e preciosos que algu\u00e9m pode ter. N\u00e3o \u00e9 aquela presen\u00e7a constante apenas nos momentos de alegria, mas aquela que permanece firme quando o sil\u00eancio, a dor e as dificuldades chegam sem avisar aqualquer tempo e em qualquer situa\u00e7\u00e3o.<\/p>\n<p style=\"text-align: justify;\">&nbsp;Uma amizade verdadeira n\u00e3o se mede por tempo mas por intensidade. Est\u00e1 nos pequenos gestos: na mensagem inesperada, no abra\u00e7o sincero, no olhar que entende sem precisar de palavras, no chegar sem avisar no momento mais inesperado e mais necessitado, sempre al\u00ed viva e constante.&nbsp;<\/p>\n<p style=\"text-align: justify;\">&nbsp;\u00c9 constru\u00edda com respeito, lealdade e acima de tudo, sinceridade mesmo quando a verdade d\u00f3i, ela vem carregada de cuidado, aquela pessoa que n\u00e3o s\u00f3 agrada como tamb\u00e9m puxa as nossas orelhas e nos corrige. Amizade n\u00e3o \u00e9 s\u00f3 abra\u00e7ar, n\u00e3o \u00e9 s\u00f3 dizer palavras de carinho, eu, particularmente tenho muito medo de amigos que s\u00f3 me abra\u00e7am e sempre me d\u00e3o raz\u00e3o em tudo. Gosto da amizade que me aponta erros, que me corrigem, que por vezes at\u00e9 me desagradam com pontos e palavras discordantes, mas, SINCERAS!!.<\/p>\n<p style=\"text-align: justify;\">&nbsp;Amigos de verdade n\u00e3o competem, n\u00e3o invejam, n\u00e3o abandonam eles celebram nossas conquistas como se fossem deles e estendem a m\u00e3o quando voc\u00ea j\u00e1 n\u00e3o tem for\u00e7as para continuar.&nbsp;<\/p>\n<p style=\"text-align: justify;\">&nbsp;S\u00e3o aqueles que caminham ao seu lado n\u00e3o apenas quando o caminho \u00e9 f\u00e1cil, mas principalmente quando ele se torna dif\u00edcil.<\/p>\n<p style=\"text-align: justify;\">&nbsp;Ter uma amizade assim \u00e9 ter um ref\u00fagio no meio do caos, \u00e9 saber que independentemente das circunst\u00e2ncias voc\u00ea n\u00e3o est\u00e1 sozinho. E talvez o maior valor de uma amizade verdadeira seja justamente esse: a certeza de que, em um mundo cheio de incertezas, existe algu\u00e9m que escolhe ficar.<\/p>\n<p style=\"text-align: justify;\">&nbsp;E para finalizar, destaco um fator importante: N\u00e3o precisa se ver todos os dias, n\u00e3o precisa estar perto ou ir em nossas casas, mas sim, estar presente mesmo distante e quase sem que pensemos j\u00e1 se manifesta e estar ali para nos apoiar num \u00e9 mesmo? E voc\u00ea tem um amigo assim? Longe, mas sabe que pode contar. Eu tenho alguns e que est\u00e3o tatuados na minha hist\u00f3ria.<\/p>\n<p style=\"text-align: justify;\">&nbsp;<\/p>\n<p style=\"text-align: justify;\">Selecione seus amigos verdadeiros, eles s\u00e3o tesouros, amigo verdadeiro \u00e9 mais que irm\u00e3o, amizade de verdade \u00e9 biblico!!&nbsp;<\/p>\n<p style=\"text-align: justify;\">&nbsp;<\/p>\n<p style=\"text-align: justify;\">&nbsp;<\/p>\n<p style=\"text-align: justify;\">Gostou da abordagem?<\/p>\n<p style=\"text-align: justify;\">&nbsp;<\/p>\n<p style=\"text-align: justify;\">Fonte do texto: Pr\u00f3pria autoria.&nbsp;<\/p>\n<p style=\"text-align: justify;\">Imagem Internet \u2013 site: amentemaravilhosa.com.br&nbsp;<\/p>\n<p style=\"text-align: justify;\">&nbsp; &nbsp; Quer saber mais sobre estes assuntos e outros? Me segue nas redes sociais e l\u00e1 ter\u00e1s mais dicas e informa\u00e7\u00f5es. @gilaniocalixtoadv; @mcrereser.<\/p>\n<p style=\"text-align: justify;\">&nbsp;<\/p>\n<p style=\"text-align: justify;\">Gilanio Calixto Velez<\/p>\n<p style=\"text-align: justify;\">Advogado e Professor<\/p>\n<p style=\"text-align: justify;\">&nbsp;<\/p>\n<p style=\"text-align: justify;\">Advogado especialista em Direito Previdenci\u00e1rio e em Direito de Familia<\/p>\n<p style=\"text-align: justify;\">Professor Universit\u00e1rio em Direitos Humanos e Educa\u00e7\u00e3o Emocional<\/p>\n<p style=\"text-align: justify;\">Palestrante Motivacional e de Carreira Profissional e Autor de Livros<\/p>\n<p style=\"text-align: justify;\">Fundador do Instituto de Desenvolvimento Humano &#8211; Crer &amp; Ser \u2013 Metodologia e Projeto de Vida &#8211; Campina Grande \u2013 PB e Queimadas \u2013 PB<\/p>\n<p style=\"text-align: justify;\">Perfil no Instagram: @gilaniocalixtoadv; @mcrereser<\/p>\n<p style=\"text-align: justify;\">Email: gcalixtoadvocacia@gmail.com ; fone: (83).9.9866.3639<\/p>\n<p style=\"text-align: justify;\">&nbsp;<\/p>\n<p style=\"text-align: justify;\">&nbsp;<\/p>\n","protected":false},"excerpt":{"rendered":"<p>Por Gilanio Calixto. &nbsp; &nbsp;Olha n\u00f3s aqui juntos mais uma vez. Que maravilha encontrar cada um e cada uma de voc\u00eas nesta coluna semanal de Cidadania onde nos conectamos com assuntos e conhecimentos vastos nos mais diversos temas e propostas. &nbsp;Neste dia abordo um conte\u00fado delicado, por\u00e9m muito importante e quero partilhar com cada um [&hellip;]<\/p>\n","protected":false},"author":1,"featured_media":47587,"comment_status":"open","ping_status":"open","sticky":false,"template":"","format":"standard","meta":{"ngg_post_thumbnail":0,"footnotes":""},"categories":[225,2,41],"tags":[],"class_list":["post-47586","post","type-post","status-publish","format-standard","has-post-thumbnail","hentry","category-cidadania","category-destaques","category-ultimasnoticias"],"_links":{"self":[{"href":"https:\/\/somdepapo.com.br\/portal\/wp-json\/wp\/v2\/posts\/47586","targetHints":{"allow":["GET"]}}],"collection":[{"href":"https:\/\/somdepapo.com.br\/portal\/wp-json\/wp\/v2\/posts"}],"about":[{"href":"https:\/\/somdepapo.com.br\/portal\/wp-json\/wp\/v2\/types\/post"}],"author":[{"embeddable":true,"href":"https:\/\/somdepapo.com.br\/portal\/wp-json\/wp\/v2\/users\/1"}],"replies":[{"embeddable":true,"href":"https:\/\/somdepapo.com.br\/portal\/wp-json\/wp\/v2\/comments?post=47586"}],"version-history":[{"count":1,"href":"https:\/\/somdepapo.com.br\/portal\/wp-json\/wp\/v2\/posts\/47586\/revisions"}],"predecessor-version":[{"id":47588,"href":"https:\/\/somdepapo.com.br\/portal\/wp-json\/wp\/v2\/posts\/47586\/revisions\/47588"}],"wp:featuredmedia":[{"embeddable":true,"href":"https:\/\/somdepapo.com.br\/portal\/wp-json\/wp\/v2\/media\/47587"}],"wp:attachment":[{"href":"https:\/\/somdepapo.com.br\/portal\/wp-json\/wp\/v2\/media?parent=47586"}],"wp:term":[{"taxonomy":"category","embeddable":true,"href":"https:\/\/somdepapo.com.br\/portal\/wp-json\/wp\/v2\/categories?post=47586"},{"taxonomy":"post_tag","embeddable":true,"href":"https:\/\/somdepapo.com.br\/portal\/wp-json\/wp\/v2\/tags?post=47586"}],"curies":[{"name":"wp","href":"https:\/\/api.w.org\/{rel}","templated":true}]}}