{"id":47677,"date":"2026-03-25T10:26:53","date_gmt":"2026-03-25T13:26:53","guid":{"rendered":"https:\/\/somdepapo.com.br\/portal\/?p=47677"},"modified":"2026-03-25T10:26:53","modified_gmt":"2026-03-25T13:26:53","slug":"funcao-social-da-propriedade-rural-e-normas-ambientais","status":"publish","type":"post","link":"https:\/\/somdepapo.com.br\/portal\/funcao-social-da-propriedade-rural-e-normas-ambientais\/","title":{"rendered":"Fun\u00e7\u00e3o Social da propriedade rural e normas ambientais"},"content":{"rendered":"<p style=\"text-align: right;\">Por Andr\u00e9 Luiz Ortiz Minichiello<\/p>\n<p style=\"text-align: justify;\">O autor \u00e9 Advogado atuante no Direito do Agroneg\u00f3cio defendendo direitos dos produtores rurais nacionalmente. Professor Universit\u00e1rio. Especialista em Direito Empresarial; Mestre em Direito pela UNIMAR \u2013 Universidade de Mar\u00edlia. Instagram: @andreortiz.adv e-mail: alom@adv.oabsp.org.br Whatsapp: (14) 98199-4761.<\/p>\n<p style=\"text-align: justify;\">&nbsp;<\/p>\n<p style=\"text-align: justify;\">&nbsp;&nbsp;<\/p>\n<p style=\"text-align: justify;\">&nbsp; \u00c9 comum ouvirmos a express\u00e3o fun\u00e7\u00e3o social da propriedade e neste texto abordaremos no que consiste a fun\u00e7\u00e3o social da propriedade rural, relacionando ao cumprimento de normas de Direito Ambiental.<\/p>\n<p style=\"text-align: justify;\">&nbsp;O termos fun\u00e7\u00e3o social da propriedade tem previs\u00e3o Constitucional e isso nos mostra a import\u00e2ncia do tema e sua inger\u00eancia na explora\u00e7\u00e3o da propriedade.<\/p>\n<p style=\"text-align: justify;\">&nbsp;O artigo 5\u00ba, XXIII da Constitui\u00e7\u00e3o Federal prev\u00ea que \u201ca propriedade atender\u00e1 a sua fun\u00e7\u00e3o social\u201d e tal previs\u00e3o \u00e9 tida como uma garantia fundamental, que n\u00e3o pode ser suprimida do texto constitucional.<\/p>\n<p style=\"text-align: justify;\">&nbsp;Mais a diante, j\u00e1 no artigo 186, a Constitui\u00e7\u00e3o trata especificamente sobre a fun\u00e7\u00e3o social da propriedade rural, vejamos:<\/p>\n<p style=\"text-align: justify;\">A fun\u00e7\u00e3o social \u00e9 cumprida quando a propriedade rural atende, simultaneamente, segundo crit\u00e9rios e graus de exig\u00eancia estabelecidos em lei, aos seguintes requisitos:<\/p>\n<p style=\"text-align: justify;\">I &#8211; aproveitamento racional e adequado;<\/p>\n<p style=\"text-align: justify;\">II &#8211; utiliza\u00e7\u00e3o adequada dos recursos naturais dispon\u00edveis e preserva\u00e7\u00e3o do meio ambiente;<\/p>\n<p style=\"text-align: justify;\">III &#8211; observ\u00e2ncia das disposi\u00e7\u00f5es que regulam as rela\u00e7\u00f5es de trabalho;<\/p>\n<p style=\"text-align: justify;\">IV &#8211; explora\u00e7\u00e3o que favore\u00e7a o bem-estar dos propriet\u00e1rios e dos trabalhadores.<\/p>\n<p style=\"text-align: justify;\">&nbsp;<\/p>\n<p style=\"text-align: justify;\">&nbsp;Como se v\u00ea o texto Constitucional subordina o cumprimento da fun\u00e7\u00e3o social aos requisitos acima indicados e aqui, em especial d\u00e1-se \u00eanfase aos requisitos relativos ao Direito Ambiental pela proposta de nossa coluna no portal.<\/p>\n<p style=\"text-align: justify;\">&nbsp;Observe-se que para que se possa falar em cumprimento da fun\u00e7\u00e3o social no que diz respeito \u00e0 propriedade rural a Lei aborda a necessidade de que o aproveitamento da propriedade se d\u00ea de forma adequada\/racional e isso significa que na explora\u00e7\u00e3o da terra, o seu titular deve enfatizar a explora\u00e7\u00e3o de forma sustent\u00e1vel, aproveitando-se sim da propriedade, mas de modo que n\u00e3o a degrade e que n\u00e3o traga consequ\u00eancias prejudiciais \u00e0 coletividade, utilizando-se de t\u00e9cnicas que possam ensejar a utiliza\u00e7\u00e3o proporcional e equilibrada, gerando resultados ao particular, mas de modo equilibrado, sem abusos e utiliza\u00e7\u00e3o predat\u00f3ria.<\/p>\n<p style=\"text-align: justify;\">&nbsp;No mesmo sentido o requisito que trata da utiliza\u00e7\u00e3o adequada dos recursos naturais e preserva\u00e7\u00e3o do meio ambiente, pois, \u00e9 sabido que os recursos naturais s\u00e3o finitos e que a utiliza\u00e7\u00e3o predat\u00f3ria traz consequ\u00eancias prejudiciais \u00e0 todos, ainda que n\u00e3o vivam diretamente no meio rural, sendo necess\u00e1rio se pensar na sociedade atual e nas gera\u00e7\u00f5es futuras.<\/p>\n<p style=\"text-align: justify;\">&nbsp;Por fim, e n\u00e3o menos importante, \u00e9 salutar que no exerc\u00edcio da atividade rural se tenha a preocupa\u00e7\u00e3o com aqueles que atuam diretamente na atividade, sem os propriet\u00e1rios e os colaboradores que dia a dia labutam no campo e \u00e9 l\u00f3gico que deve-se ter aten\u00e7\u00e3o ao meio ambiente do trabalho, propiciando a realiza\u00e7\u00e3o do trabalho de modo saud\u00e1vel e tendente a preservar n\u00e3o s\u00f3 o meio ambiente como um todo, mas tamb\u00e9m o ambiente de trabalho, prestigiando-se a sa\u00fade, bem-estar e a dignidade dos trabalhadores.&nbsp;<\/p>\n<p style=\"text-align: justify;\">&nbsp;Diversos instrumentos existem para a prote\u00e7\u00e3o do meio ambiente e tamb\u00e9m dos trabalhadores e outros que atuam diretamente na atividade, vez que o ordenamento jur\u00eddico brasileiro \u00e9 dotado de normas importantes no aspecto ambiental e na tutela das rela\u00e7\u00f5es de trabalho rural, com normas especificas de prote\u00e7\u00e3o aos trabalhadores.<\/p>\n<p style=\"text-align: justify;\">&nbsp;Assim, importante \u00e9 se ter em mente que deve ser estabelecida um cultura de preserva\u00e7\u00e3o que atinja a todos os que atuam no campo e ainda lembrar que o n\u00e3o cumprimento da fun\u00e7\u00e3o social pode acarretar consequ\u00eancias que podem trazer ao titular da \u00e1rea rural a responsabiliza\u00e7\u00e3o por danos causados e inclusive at\u00e9 o perdimento da propriedade por desapropria\u00e7\u00e3o por interesse p\u00fablico.<\/p>\n<p style=\"text-align: justify;\">&nbsp;<\/p>\n<p style=\"text-align: justify;\">Refer\u00eancia:<\/p>\n<p style=\"text-align: justify;\">BRASIL. Constitui\u00e7\u00e3o da Rep\u00fablica Federativa do Brasil. 1988<\/p>\n<p style=\"text-align: justify;\">&nbsp;<\/p>\n","protected":false},"excerpt":{"rendered":"<p>Por Andr\u00e9 Luiz Ortiz Minichiello O autor \u00e9 Advogado atuante no Direito do Agroneg\u00f3cio defendendo direitos dos produtores rurais nacionalmente. Professor Universit\u00e1rio. Especialista em Direito Empresarial; Mestre em Direito pela UNIMAR \u2013 Universidade de Mar\u00edlia. Instagram: @andreortiz.adv e-mail: alom@adv.oabsp.org.br Whatsapp: (14) 98199-4761. &nbsp; &nbsp;&nbsp; &nbsp; \u00c9 comum ouvirmos a express\u00e3o fun\u00e7\u00e3o social da propriedade e [&hellip;]<\/p>\n","protected":false},"author":1,"featured_media":47678,"comment_status":"open","ping_status":"open","sticky":false,"template":"","format":"standard","meta":{"ngg_post_thumbnail":0,"footnotes":""},"categories":[2,388,41],"tags":[],"class_list":["post-47677","post","type-post","status-publish","format-standard","has-post-thumbnail","hentry","category-destaques","category-direito-ambiental-e-agrario","category-ultimasnoticias"],"_links":{"self":[{"href":"https:\/\/somdepapo.com.br\/portal\/wp-json\/wp\/v2\/posts\/47677","targetHints":{"allow":["GET"]}}],"collection":[{"href":"https:\/\/somdepapo.com.br\/portal\/wp-json\/wp\/v2\/posts"}],"about":[{"href":"https:\/\/somdepapo.com.br\/portal\/wp-json\/wp\/v2\/types\/post"}],"author":[{"embeddable":true,"href":"https:\/\/somdepapo.com.br\/portal\/wp-json\/wp\/v2\/users\/1"}],"replies":[{"embeddable":true,"href":"https:\/\/somdepapo.com.br\/portal\/wp-json\/wp\/v2\/comments?post=47677"}],"version-history":[{"count":1,"href":"https:\/\/somdepapo.com.br\/portal\/wp-json\/wp\/v2\/posts\/47677\/revisions"}],"predecessor-version":[{"id":47679,"href":"https:\/\/somdepapo.com.br\/portal\/wp-json\/wp\/v2\/posts\/47677\/revisions\/47679"}],"wp:featuredmedia":[{"embeddable":true,"href":"https:\/\/somdepapo.com.br\/portal\/wp-json\/wp\/v2\/media\/47678"}],"wp:attachment":[{"href":"https:\/\/somdepapo.com.br\/portal\/wp-json\/wp\/v2\/media?parent=47677"}],"wp:term":[{"taxonomy":"category","embeddable":true,"href":"https:\/\/somdepapo.com.br\/portal\/wp-json\/wp\/v2\/categories?post=47677"},{"taxonomy":"post_tag","embeddable":true,"href":"https:\/\/somdepapo.com.br\/portal\/wp-json\/wp\/v2\/tags?post=47677"}],"curies":[{"name":"wp","href":"https:\/\/api.w.org\/{rel}","templated":true}]}}