{"id":47683,"date":"2026-03-27T05:47:56","date_gmt":"2026-03-27T08:47:56","guid":{"rendered":"https:\/\/somdepapo.com.br\/portal\/?p=47683"},"modified":"2026-03-25T14:50:15","modified_gmt":"2026-03-25T17:50:15","slug":"inss-publica-novas-regras-em-2026-para-analise-de-beneficios-por-incapacidade-e-auxilio-acidente","status":"publish","type":"post","link":"https:\/\/somdepapo.com.br\/portal\/inss-publica-novas-regras-em-2026-para-analise-de-beneficios-por-incapacidade-e-auxilio-acidente\/","title":{"rendered":"INSS publica novas regras em 2026 para an\u00e1lise de benef\u00edcios por incapacidade e aux\u00edlio acidente"},"content":{"rendered":"<p style=\"text-align: right;\">Por Nemezio Vasconcelos&nbsp;<\/p>\n<p style=\"text-align: justify;\">Em mar\u00e7o de 2026, o Minist\u00e9rio da Previd\u00eancia Social e o Instituto Nacional do Seguro Social (INSS) publicaram importantes altera\u00e7\u00f5es no procedimento de an\u00e1lise de benef\u00edcios por incapacidade e do aux\u00edlio-acidente.<\/p>\n<p style=\"text-align: justify;\">As mudan\u00e7as foram introduzidas pelas Portaria Conjunta MPS\/INSS n\u00ba 13 de 23 de mar\u00e7o de 2026, Portaria Conjunta MPS\/INSS n\u00ba 14 de 23 de mar\u00e7o de 2026 e Portaria Conjunta MPS\/INSS n\u00ba 15 de 23 de mar\u00e7o de 2026, publicadas no Di\u00e1rio Oficial da Uni\u00e3o.<\/p>\n<p style=\"text-align: justify;\">As normas regulamentam o uso da an\u00e1lise documental pela per\u00edcia m\u00e9dica federal, ampliando sua utiliza\u00e7\u00e3o nos pedidos de aux\u00edlio por incapacidade tempor\u00e1ria e instituindo nova etapa de verifica\u00e7\u00e3o nos requerimentos de aux\u00edlioacidente.<\/p>\n<p style=\"text-align: justify;\">A seguir, analisamos as principais mudan\u00e7as e seus impactos na pr\u00e1tica previdenci\u00e1ria.<\/p>\n<p style=\"text-align: justify;\">An\u00e1lise documental no aux\u00edlio por incapacidade tempor\u00e1ria<\/p>\n<p style=\"text-align: justify;\">Uma das principais inova\u00e7\u00f5es trazidas pela Portaria Conjunta MPS\/INSS n\u00ba 13 de 23 de mar\u00e7o de 2026 foi a regulamenta\u00e7\u00e3o da possibilidade de concess\u00e3o ou indeferimento do aux\u00edlio por incapacidade tempor\u00e1ria (antigo aux\u00edlio-doen\u00e7a) por meio de an\u00e1lise documental.<\/p>\n<p style=\"text-align: justify;\">Nesse modelo, a per\u00edcia m\u00e9dica federal poder\u00e1 avaliar a incapacidade do segurado com base exclusivamente na documenta\u00e7\u00e3o m\u00e9dica apresentada, sem necessidade imediata de realiza\u00e7\u00e3o de per\u00edcia presencial.<\/p>\n<p style=\"text-align: justify;\">Para que essa an\u00e1lise seja poss\u00edvel, a documenta\u00e7\u00e3o m\u00e9dica deve conter informa\u00e7\u00f5es m\u00ednimas, tais como:<\/p>\n<p style=\"text-align: justify;\">\u2022 identifica\u00e7\u00e3o do segurado;<\/p>\n<p style=\"text-align: justify;\">\u2022 data de emiss\u00e3o do documento;<\/p>\n<p style=\"text-align: justify;\">\u2022 diagn\u00f3stico da doen\u00e7a ou c\u00f3digo CID;<\/p>\n<p style=\"text-align: justify;\">\u2022 assinatura do profissional de sa\u00fade;<\/p>\n<p style=\"text-align: justify;\">\u2022 identifica\u00e7\u00e3o do m\u00e9dico e registro no conselho profissional.<\/p>\n<p style=\"text-align: justify;\">Com base nesses documentos, o perito poder\u00e1 emitir parecer t\u00e9cnico fundamentado e decidir pela concess\u00e3o ou indeferimento do benef\u00edcio.<\/p>\n<p style=\"text-align: justify;\">A medida busca agilizar a an\u00e1lise de casos de afastamentos de menor dura\u00e7\u00e3o e reduzir o tempo de espera por per\u00edcias m\u00e9dicas.<\/p>\n<p style=\"text-align: justify;\">Prazo do benef\u00edcio concedido por an\u00e1lise documental<\/p>\n<p style=\"text-align: justify;\">A Portaria Conjunta MPS\/INSS n\u00ba 13 de 23 de mar\u00e7o de 2026 estabeleceu que o aux\u00edlio por incapacidade tempor\u00e1ria concedido exclusivamente por an\u00e1lise documental possui limite de dura\u00e7\u00e3o.<\/p>\n<p style=\"text-align: justify;\">De acordo com a norma, a soma dos per\u00edodos concedidos nessa modalidade n\u00e3o poderia ultrapassar 30 dias, sendo necess\u00e1rio o encaminhamento para per\u00edcia m\u00e9dica presencial ou por telemedicina caso a incapacidade persistisse por per\u00edodo superior.<\/p>\n<p style=\"text-align: justify;\">Contudo, logo ap\u00f3s a publica\u00e7\u00e3o dessa regra, foi editada a Portaria Conjunta MPS\/INSS n\u00ba 14 de 23 de mar\u00e7o de 2026, que autorizou de forma excepcional e transit\u00f3ria a amplia\u00e7\u00e3o desse prazo.<\/p>\n<p style=\"text-align: justify;\">Com a nova portaria, o limite passou a ser de at\u00e9 90 dias de benef\u00edcio concedido por an\u00e1lise documental, ainda que em per\u00edodos n\u00e3o consecutivos.<\/p>\n<p style=\"text-align: justify;\">Essa amplia\u00e7\u00e3o ter\u00e1 vig\u00eancia de 180 dias, sendo uma medida adotada para reduzir a fila de per\u00edcias m\u00e9dicas no INSS e permitir maior celeridade na concess\u00e3o de benef\u00edcios em casos de incapacidade tempor\u00e1ria.<\/p>\n<p style=\"text-align: justify;\">Caso n\u00e3o haja nova prorroga\u00e7\u00e3o normativa ap\u00f3s esse per\u00edodo, a tend\u00eancia \u00e9 que o limite retorne ao prazo originalmente previsto de 30 dias.<\/p>\n<p style=\"text-align: justify;\">Novas regras para pedidos de aux\u00edlio-acidente<\/p>\n<p style=\"text-align: justify;\">Outra mudan\u00e7a relevante foi trazida pela Portaria Conjunta MPS\/INSS n\u00ba 15 de 23 de mar\u00e7o de 2026, que instituiu a an\u00e1lise documental pr\u00e9via nos requerimentos de aux\u00edlio-acidente.<\/p>\n<p style=\"text-align: justify;\">Diferentemente do que ocorre no aux\u00edlio por incapacidade tempor\u00e1ria, essa an\u00e1lise documental n\u00e3o substitui a per\u00edcia m\u00e9dica, funcionando apenas como uma etapa inicial de verifica\u00e7\u00e3o da documenta\u00e7\u00e3o apresentada.<\/p>\n<p style=\"text-align: justify;\">Durante essa fase, a per\u00edcia m\u00e9dica federal analisar\u00e1 se existem elementos documentais capazes de demonstrar:<\/p>\n<p style=\"text-align: justify;\">\u2022 a ocorr\u00eancia do acidente;<\/p>\n<p style=\"text-align: justify;\">\u2022 a exist\u00eancia de sequela decorrente do evento;<\/p>\n<p style=\"text-align: justify;\">\u2022 a possibilidade de redu\u00e7\u00e3o da capacidade laboral do segurado.<\/p>\n<p style=\"text-align: justify;\">Caso a documenta\u00e7\u00e3o apresente ind\u00edcios suficientes desses requisitos, o segurado ser\u00e1 encaminhado para per\u00edcia m\u00e9dica presencial.<\/p>\n<p style=\"text-align: justify;\">Por outro lado, caso os documentos n\u00e3o comprovem minimamente os requisitos legais do benef\u00edcio, o pedido poder\u00e1 ser indeferido administrativamente sem necessidade de agendamento de per\u00edcia.<\/p>\n<p style=\"text-align: justify;\">Como era o procedimento antes das novas portarias<\/p>\n<p style=\"text-align: justify;\">Antes da publica\u00e7\u00e3o dessas normas, o fluxo de an\u00e1lise dos benef\u00edcios era diferente.<\/p>\n<p style=\"text-align: justify;\">Nos pedidos de aux\u00edlio por incapacidade tempor\u00e1ria, a regra geral era a realiza\u00e7\u00e3o de per\u00edcia m\u00e9dica presencial, sendo a an\u00e1lise documental utilizada apenas em situa\u00e7\u00f5es excepcionais ou em programas espec\u00edficos de redu\u00e7\u00e3o de filas.<\/p>\n<p style=\"text-align: justify;\">Da mesma forma, nos pedidos de aux\u00edlio-acidente, o procedimento administrativo normalmente resultava no agendamento direto de per\u00edcia m\u00e9dica, independentemente de uma avalia\u00e7\u00e3o pr\u00e9via da documenta\u00e7\u00e3o.<\/p>\n<p style=\"text-align: justify;\">Assim, a per\u00edcia m\u00e9dica era, na maioria dos casos, a etapa inicial da an\u00e1lise administrativa.<\/p>\n<p style=\"text-align: justify;\">Como ficou o procedimento ap\u00f3s as mudan\u00e7as<\/p>\n<p style=\"text-align: justify;\">Com a publica\u00e7\u00e3o das novas portarias, o fluxo administrativo passou a contar com novas etapas.<\/p>\n<p style=\"text-align: justify;\">Nos pedidos de aux\u00edlio por incapacidade tempor\u00e1ria, o INSS pode:<\/p>\n<p style=\"text-align: justify;\">1. analisar os documentos apresentados pelo segurado;<\/p>\n<p style=\"text-align: justify;\">2. conceder ou indeferir o benef\u00edcio com base nessa an\u00e1lise;<\/p>\n<p style=\"text-align: justify;\">3. conceder o benef\u00edcio por at\u00e9 90 dias, de forma excepcional.<\/p>\n<p style=\"text-align: justify;\">J\u00e1 nos pedidos de aux\u00edlio-acidente, o procedimento passa a ocorrer da seguinte forma:<\/p>\n<p style=\"text-align: justify;\">1. o pedido \u00e9 submetido a an\u00e1lise documental pr\u00e9via;<\/p>\n<p style=\"text-align: justify;\">2. caso existam ind\u00edcios de sequela e redu\u00e7\u00e3o da capacidade, \u00e9 agendada per\u00edcia m\u00e9dica presencial;<\/p>\n<p style=\"text-align: justify;\">3. se a documenta\u00e7\u00e3o for considerada insuficiente, o pedido poder\u00e1 ser indeferido administrativamente.<\/p>\n<p style=\"text-align: justify;\">Impactos pr\u00e1ticos para segurados e advogados<\/p>\n<p style=\"text-align: justify;\">As altera\u00e7\u00f5es buscam principalmente reduzir a fila de per\u00edcias m\u00e9dicas e tornar o processo administrativo mais eficiente.<\/p>\n<p style=\"text-align: justify;\">Entretanto, tamb\u00e9m aumentam a import\u00e2ncia da qualidade da documenta\u00e7\u00e3o apresentada no momento do requerimento administrativo.<\/p>\n<p style=\"text-align: justify;\">Isso porque, especialmente nos pedidos de aux\u00edlio-acidente, a an\u00e1lise documental poder\u00e1 definir se o segurado sequer ter\u00e1 acesso \u00e0 per\u00edcia m\u00e9dica.<\/p>\n<p style=\"text-align: justify;\">Para advogados previdenciaristas, essas mudan\u00e7as refor\u00e7am a necessidade de uma instru\u00e7\u00e3o administrativa mais robusta, com apresenta\u00e7\u00e3o de relat\u00f3rios m\u00e9dicos detalhados, exames complementares e documentos que demonstrem claramente a incapacidade ou a sequela decorrente de acidente.<\/p>\n<p style=\"text-align: justify;\">Conclus\u00e3o<\/p>\n<p style=\"text-align: justify;\">As Portarias Conjuntas n\u00ba 13, 14 e 15 de 2026 representam uma mudan\u00e7a relevante no modelo de an\u00e1lise de benef\u00edcios previdenci\u00e1rios.<\/p>\n<p style=\"text-align: justify;\">Enquanto a an\u00e1lise documental passa a ter maior protagonismo na concess\u00e3o do aux\u00edlio por incapacidade tempor\u00e1ria, ela tamb\u00e9m passa a funcionar como um filtro inicial nos pedidos de aux\u00edlio-acidente.<\/p>\n<p style=\"text-align: justify;\">Embora as medidas tenham sido adotadas com o objetivo de reduzir filas e agilizar a concess\u00e3o de benef\u00edcios, elas tamb\u00e9m exigem maior aten\u00e7\u00e3o na prepara\u00e7\u00e3o dos requerimentos administrativos, especialmente no que se refere \u00e0 qualidade e completude da documenta\u00e7\u00e3o m\u00e9dica apresentada.<\/p>\n<p style=\"text-align: justify;\">&nbsp;<\/p>\n<p>&nbsp;<\/p>\n<p>&nbsp;<\/p>\n<p>&nbsp;<\/p>\n<p>&nbsp;<\/p>\n<p>&nbsp;<\/p>\n<p>&nbsp;<\/p>\n<p>&nbsp;<\/p>\n<p>&nbsp;<\/p>\n","protected":false},"excerpt":{"rendered":"<p>Por Nemezio Vasconcelos&nbsp; Em mar\u00e7o de 2026, o Minist\u00e9rio da Previd\u00eancia Social e o Instituto Nacional do Seguro Social (INSS) publicaram importantes altera\u00e7\u00f5es no procedimento de an\u00e1lise de benef\u00edcios por incapacidade e do aux\u00edlio-acidente. As mudan\u00e7as foram introduzidas pelas Portaria Conjunta MPS\/INSS n\u00ba 13 de 23 de mar\u00e7o de 2026, Portaria Conjunta MPS\/INSS n\u00ba 14 [&hellip;]<\/p>\n","protected":false},"author":1,"featured_media":47684,"comment_status":"open","ping_status":"open","sticky":false,"template":"","format":"standard","meta":{"ngg_post_thumbnail":0,"footnotes":""},"categories":[2,389,41],"tags":[],"class_list":["post-47683","post","type-post","status-publish","format-standard","has-post-thumbnail","hentry","category-destaques","category-direito-previdenciario","category-ultimasnoticias"],"_links":{"self":[{"href":"https:\/\/somdepapo.com.br\/portal\/wp-json\/wp\/v2\/posts\/47683","targetHints":{"allow":["GET"]}}],"collection":[{"href":"https:\/\/somdepapo.com.br\/portal\/wp-json\/wp\/v2\/posts"}],"about":[{"href":"https:\/\/somdepapo.com.br\/portal\/wp-json\/wp\/v2\/types\/post"}],"author":[{"embeddable":true,"href":"https:\/\/somdepapo.com.br\/portal\/wp-json\/wp\/v2\/users\/1"}],"replies":[{"embeddable":true,"href":"https:\/\/somdepapo.com.br\/portal\/wp-json\/wp\/v2\/comments?post=47683"}],"version-history":[{"count":1,"href":"https:\/\/somdepapo.com.br\/portal\/wp-json\/wp\/v2\/posts\/47683\/revisions"}],"predecessor-version":[{"id":47685,"href":"https:\/\/somdepapo.com.br\/portal\/wp-json\/wp\/v2\/posts\/47683\/revisions\/47685"}],"wp:featuredmedia":[{"embeddable":true,"href":"https:\/\/somdepapo.com.br\/portal\/wp-json\/wp\/v2\/media\/47684"}],"wp:attachment":[{"href":"https:\/\/somdepapo.com.br\/portal\/wp-json\/wp\/v2\/media?parent=47683"}],"wp:term":[{"taxonomy":"category","embeddable":true,"href":"https:\/\/somdepapo.com.br\/portal\/wp-json\/wp\/v2\/categories?post=47683"},{"taxonomy":"post_tag","embeddable":true,"href":"https:\/\/somdepapo.com.br\/portal\/wp-json\/wp\/v2\/tags?post=47683"}],"curies":[{"name":"wp","href":"https:\/\/api.w.org\/{rel}","templated":true}]}}