{"id":47694,"date":"2026-03-27T05:23:04","date_gmt":"2026-03-27T08:23:04","guid":{"rendered":"https:\/\/somdepapo.com.br\/portal\/?p=47694"},"modified":"2026-03-26T10:29:07","modified_gmt":"2026-03-26T13:29:07","slug":"o-colapso-silencioso-das-maes","status":"publish","type":"post","link":"https:\/\/somdepapo.com.br\/portal\/o-colapso-silencioso-das-maes\/","title":{"rendered":"O colapso silencioso das m\u00e3es"},"content":{"rendered":"<p style=\"text-align: right;\">Por Thiago Alves Eduardo&nbsp;<\/p>\n<p style=\"text-align: right;\">Psicol\u00f3gico<\/p>\n<p style=\"text-align: right;\">@mentecultivada<\/p>\n<p style=\"text-align: justify;\">A maternidade costuma ser narrada como um territ\u00f3rio de plenitude, um lugar onde o amor nasce pronto, inteiro e suficiente para sustentar tudo. No entanto, quem atravessa essa experi\u00eancia sabe que ela \u00e9 tamb\u00e9m um campo de intensidades: alegrias profundas convivem com medos silenciosos, expectativas irreais e uma solid\u00e3o que, por vezes, n\u00e3o encontra palavras. \u00c9 nesse entrela\u00e7amento de luz e sombra que o apoio psicol\u00f3gico se revela n\u00e3o como um luxo, mas como uma necessidade fundamental.<\/p>\n<p style=\"text-align: justify;\">Tornar-se m\u00e3e n\u00e3o \u00e9 apenas acolher um novo ser no mundo; \u00e9, tamb\u00e9m, confrontar-se com uma nova vers\u00e3o de si mesma. H\u00e1 uma ruptura simb\u00f3lica: a mulher que existia antes precisa negociar espa\u00e7o com a m\u00e3e que nasce. Essa transi\u00e7\u00e3o raramente \u00e9 suave. Ela envolve lutas da liberdade, da identidade anterior, do controle sobre o tempo e, ao mesmo tempo, uma press\u00e3o social para que tudo seja vivido com gratid\u00e3o e felicidade constantes. Quando n\u00e3o h\u00e1 espa\u00e7o para reconhecer as ambival\u00eancias, o sofrimento se torna silencioso e, portanto, mais dif\u00edcil de ser cuidado.<\/p>\n<p style=\"text-align: justify;\">O apoio psicol\u00f3gico surge como um lugar onde a maternidade pode ser pensada para al\u00e9m dos idealismos. Um espa\u00e7o onde \u00e9 permitido dizer \u201cest\u00e1 dif\u00edcil\u201d, sem culpa, sem julgamento. Essa possibilidade de nomear o que se sente j\u00e1 \u00e9, em si, um ato terap\u00eautico. Afinal, aquilo que n\u00e3o \u00e9 simbolizado tende a se manifestar de outras formas no corpo, na irrita\u00e7\u00e3o constante, na exaust\u00e3o que n\u00e3o passa com o sono.<\/p>\n<p style=\"text-align: justify;\">Existe uma ideia persistente de que o instinto materno deveria dar conta de tudo. Como se amar fosse suficiente para saber cuidar, para n\u00e3o errar, para n\u00e3o se perder. Mas o amor, embora essencial, n\u00e3o organiza sozinho as complexidades da experi\u00eancia humana. O apoio psicol\u00f3gico ajuda justamente a construir pontes entre o sentir e o compreender. Ele oferece ferramentas para que a m\u00e3e possa reconhecer seus limites, elaborar suas inseguran\u00e7as e, principalmente, se autorizar a n\u00e3o ser perfeita.<\/p>\n<p style=\"text-align: justify;\">Al\u00e9m disso, a maternidade frequentemente reativa hist\u00f3rias antigas. Rela\u00e7\u00f5es com os pr\u00f3prios pais, mem\u00f3rias da inf\u00e2ncia, feridas n\u00e3o elaboradas, tudo isso pode emergir com for\u00e7a quando se est\u00e1 diante da tarefa de cuidar de outro ser humano. Sem um espa\u00e7o de escuta, essas experi\u00eancias podem ser revividas de maneira autom\u00e1tica, influenciando a forma como a m\u00e3e se relaciona com o filho e consigo mesma. O acompanhamento psicol\u00f3gico permite interromper esse ciclo, trazendo consci\u00eancia e, com ela, a possibilidade de escolha.<\/p>\n<p style=\"text-align: justify;\">H\u00e1 tamb\u00e9m a quest\u00e3o da solid\u00e3o. Mesmo cercada por pessoas, muitas m\u00e3es relatam uma sensa\u00e7\u00e3o de isolamento profundo. Isso acontece porque nem sempre h\u00e1 abertura social para falar sobre os aspectos dif\u00edceis da maternidade. Espera-se gratid\u00e3o, paci\u00eancia, entrega total. Nesse contexto, o apoio psicol\u00f3gico funciona como um contraponto: um lugar onde a subjetividade da m\u00e3e importa, onde ela n\u00e3o precisa performar um papel, mas pode simplesmente existir com tudo o que sente.<\/p>\n<p style=\"text-align: justify;\">Cuidar da sa\u00fade mental na maternidade n\u00e3o beneficia apenas a m\u00e3e; \u00e9 um gesto que reverbera na rela\u00e7\u00e3o com o filho. Uma m\u00e3e que se escuta, que se compreende e que busca apoio quando necess\u00e1rio, est\u00e1 mais dispon\u00edvel emocionalmente. N\u00e3o porque se tornou perfeita, mas porque se tornou mais consciente. E essa consci\u00eancia \u00e9 o que permite v\u00ednculos mais saud\u00e1veis, mais reais e mais sustent\u00e1veis ao longo do tempo.<\/p>\n<p style=\"text-align: justify;\">\u00c9 importante tamb\u00e9m desfazer a ideia de que procurar ajuda psicol\u00f3gica \u00e9 sinal de fraqueza. Pelo contr\u00e1rio, \u00e9 um ato de responsabilidade e coragem. Reconhecer que n\u00e3o se d\u00e1 conta de tudo sozinho \u00e9 um passo fundamental para qualquer processo de crescimento. Na maternidade, esse reconhecimento ganha ainda mais relev\u00e2ncia, pois envolve n\u00e3o apenas o bem-estar individual, mas o desenvolvimento de uma nova vida.<\/p>\n<p style=\"text-align: justify;\">Talvez a grande contribui\u00e7\u00e3o do apoio psicol\u00f3gico na maternidade seja justamente devolver \u00e0 mulher o direito de ser humana. De sentir cansa\u00e7o, d\u00favida, ambival\u00eancia. De precisar de ajuda. De n\u00e3o saber sempre o que fazer. Em um cen\u00e1rio que muitas vezes exige desempenho constante, o espa\u00e7o terap\u00eautico oferece pausa, reflex\u00e3o e acolhimento.<\/p>\n<p style=\"text-align: justify;\">No fim, apoiar psicologicamente uma m\u00e3e \u00e9 tamb\u00e9m um gesto coletivo. \u00c9 reconhecer que a maternidade n\u00e3o deve ser sustentada no isolamento, mas compartilhada em redes de cuidado formais e informais. Quando uma m\u00e3e \u00e9 cuidada, ela n\u00e3o apenas se fortalece, mas transforma a forma como cuida. E assim, silenciosamente, constr\u00f3i-se um ciclo mais saud\u00e1vel, onde o cuidado deixa de ser um peso solit\u00e1rio e passa a ser uma experi\u00eancia poss\u00edvel, imperfeita e profundamente humana.<\/p>\n<p style=\"text-align: justify;\">&nbsp;<\/p>\n<p style=\"text-align: justify;\">\u201cSou psic\u00f3logo especializado em Terapia Cognitivo-Comportamental (TCC), com forma\u00e7\u00e3o em Intelig\u00eancia Emocional, Psicologia Positiva e Sexualidade. Meu trabalho \u00e9 ajudar pessoas e casais a desenvolver maior consci\u00eancia sobre seus pensamentos, emo\u00e7\u00f5es e comportamentos, promovendo bem-estar, sentido de vida e rela\u00e7\u00f5es mais saud\u00e1veis. Acredito que, com as ferramentas certas, \u00e9 poss\u00edvel fortalecer a sa\u00fade mental e emocional, construir v\u00ednculos mais equilibrados e viver de forma mais plena e aut\u00eantica. Embarque voc\u00ea tamb\u00e9m nessa jornada de acolhimento, autoconhecimento e crescimento\u201d<\/p>\n","protected":false},"excerpt":{"rendered":"<p>Por Thiago Alves Eduardo&nbsp; Psicol\u00f3gico @mentecultivada A maternidade costuma ser narrada como um territ\u00f3rio de plenitude, um lugar onde o amor nasce pronto, inteiro e suficiente para sustentar tudo. No entanto, quem atravessa essa experi\u00eancia sabe que ela \u00e9 tamb\u00e9m um campo de intensidades: alegrias profundas convivem com medos silenciosos, expectativas irreais e uma solid\u00e3o [&hellip;]<\/p>\n","protected":false},"author":1,"featured_media":47697,"comment_status":"open","ping_status":"open","sticky":false,"template":"","format":"standard","meta":{"ngg_post_thumbnail":0,"footnotes":""},"categories":[2,352,41],"tags":[],"class_list":["post-47694","post","type-post","status-publish","format-standard","has-post-thumbnail","hentry","category-destaques","category-terapias","category-ultimasnoticias"],"_links":{"self":[{"href":"https:\/\/somdepapo.com.br\/portal\/wp-json\/wp\/v2\/posts\/47694","targetHints":{"allow":["GET"]}}],"collection":[{"href":"https:\/\/somdepapo.com.br\/portal\/wp-json\/wp\/v2\/posts"}],"about":[{"href":"https:\/\/somdepapo.com.br\/portal\/wp-json\/wp\/v2\/types\/post"}],"author":[{"embeddable":true,"href":"https:\/\/somdepapo.com.br\/portal\/wp-json\/wp\/v2\/users\/1"}],"replies":[{"embeddable":true,"href":"https:\/\/somdepapo.com.br\/portal\/wp-json\/wp\/v2\/comments?post=47694"}],"version-history":[{"count":1,"href":"https:\/\/somdepapo.com.br\/portal\/wp-json\/wp\/v2\/posts\/47694\/revisions"}],"predecessor-version":[{"id":47695,"href":"https:\/\/somdepapo.com.br\/portal\/wp-json\/wp\/v2\/posts\/47694\/revisions\/47695"}],"wp:featuredmedia":[{"embeddable":true,"href":"https:\/\/somdepapo.com.br\/portal\/wp-json\/wp\/v2\/media\/47697"}],"wp:attachment":[{"href":"https:\/\/somdepapo.com.br\/portal\/wp-json\/wp\/v2\/media?parent=47694"}],"wp:term":[{"taxonomy":"category","embeddable":true,"href":"https:\/\/somdepapo.com.br\/portal\/wp-json\/wp\/v2\/categories?post=47694"},{"taxonomy":"post_tag","embeddable":true,"href":"https:\/\/somdepapo.com.br\/portal\/wp-json\/wp\/v2\/tags?post=47694"}],"curies":[{"name":"wp","href":"https:\/\/api.w.org\/{rel}","templated":true}]}}