{"id":47748,"date":"2026-03-27T09:44:30","date_gmt":"2026-03-27T12:44:30","guid":{"rendered":"https:\/\/somdepapo.com.br\/portal\/?p=47748"},"modified":"2026-03-27T09:47:00","modified_gmt":"2026-03-27T12:47:00","slug":"a-ansiedade-o-inimigo-invisivel-que-destroi-relacionamentos-e-financas","status":"publish","type":"post","link":"https:\/\/somdepapo.com.br\/portal\/a-ansiedade-o-inimigo-invisivel-que-destroi-relacionamentos-e-financas\/","title":{"rendered":"A ansiedade: o inimigo invis\u00edvel que destroi relacionamentos e finan\u00e7as"},"content":{"rendered":"<p style=\"text-align: right;\">Por Jos\u00e9 Pereira<\/p>\n<p style=\"text-align: right;\">Terapeuta, Mentor emocional e Especialista em ansiedade.<\/p>\n<p style=\"text-align: right;\">@terapeutapereirajp9681.<\/p>\n<p style=\"text-align: right;\">\ud83d\udcf116 997817439<\/p>\n<p style=\"text-align: justify;\">Voc\u00ea j\u00e1 percebeu como a ansiedade n\u00e3o se limita apenas ao corpo e \u00e0 mente? Ela invade silenciosamente os relacionamentos e at\u00e9 mesmo o bolso.<\/p>\n<p style=\"text-align: justify;\">Nos relacionamentos: a ansiedade cria desconfian\u00e7a, ci\u00fames, necessidade de controle e medo constante de abandono. Pequenos conflitos viram tempestades emocionais, e muitas vezes a pessoa acaba afastando quem mais ama.<\/p>\n<p style=\"text-align: justify;\">Na vida financeira: decis\u00f5es impulsivas, compras por compuls\u00e3o, procrastina\u00e7\u00e3o e dificuldade em manter foco minam a estabilidade econ\u00f4mica. A ansiedade faz a pessoa gastar para aliviar a dor moment\u00e2nea, mas o pre\u00e7o \u00e9 alto: d\u00edvidas, arrependimento e sensa\u00e7\u00e3o de fracasso.<\/p>\n<p style=\"text-align: justify;\">\ud83d\udc49 A verdade \u00e9 dura: a ansiedade n\u00e3o s\u00f3 rouba a paz, mas tamb\u00e9m destr\u00f3i conex\u00f5es e oportunidades. Quem n\u00e3o trata, paga caro \u2014 emocionalmente e financeiramente.<\/p>\n<p style=\"text-align: justify;\">&nbsp;<\/p>\n<p style=\"text-align: justify;\">\ud83d\ude80 Transforme ansiedade em for\u00e7a<\/p>\n<p style=\"text-align: justify;\">Eu sou Jos\u00e9 Pereira terapeuta e mentor emocional especialista em ansiedade.<\/p>\n<p style=\"text-align: justify;\">Tenho 5 especializa\u00e7\u00f5es em traumas graves<\/p>\n<p style=\"text-align: justify;\">Sou formado em TRG (Terapia de Reprocessamento Generativo)<\/p>\n<p style=\"text-align: justify;\">Especialista em PNL (Programa\u00e7\u00e3o Neurolingu\u00edstica)<\/p>\n<p style=\"text-align: justify;\">Minha miss\u00e3o \u00e9 ajudar pessoas que j\u00e1 entenderam que n\u00e3o d\u00e1 para viver ref\u00e9m da ansiedade e que desejam investir em si mesmas para conquistar relacionamentos saud\u00e1veis e prosperidade financeir<\/p>\n<p style=\"text-align: justify;\">\ud83d\udcf1Se voc\u00ea sente que a ansiedade est\u00e1 custando caro na sua vida, chegou a hora de mudar.<\/p>\n<p style=\"text-align: justify;\">Entre em contato comigo agora mesmo no WhatsApp: 16 997817439<\/p>\n<p style=\"text-align: justify;\">\ud83d\udc49 N\u00e3o espere perder mais. Invista em voc\u00ea. A transforma\u00e7\u00e3o come\u00e7a hoje.<\/p>\n<p style=\"text-align: justify;\">&nbsp;<\/p>\n<p style=\"text-align: justify;\">&nbsp;<\/p>\n","protected":false},"excerpt":{"rendered":"<p>Por Jos\u00e9 Pereira Terapeuta, Mentor emocional e Especialista em ansiedade. @terapeutapereirajp9681. \ud83d\udcf116 997817439 Voc\u00ea j\u00e1 percebeu como a ansiedade n\u00e3o se limita apenas ao corpo e \u00e0 mente? Ela invade silenciosamente os relacionamentos e at\u00e9 mesmo o bolso. Nos relacionamentos: a ansiedade cria desconfian\u00e7a, ci\u00fames, necessidade de controle e medo constante de abandono. Pequenos conflitos [&hellip;]<\/p>\n","protected":false},"author":1,"featured_media":47752,"comment_status":"open","ping_status":"open","sticky":false,"template":"","format":"standard","meta":{"ngg_post_thumbnail":0,"footnotes":""},"categories":[2,352,41],"tags":[],"class_list":["post-47748","post","type-post","status-publish","format-standard","has-post-thumbnail","hentry","category-destaques","category-terapias","category-ultimasnoticias"],"_links":{"self":[{"href":"https:\/\/somdepapo.com.br\/portal\/wp-json\/wp\/v2\/posts\/47748","targetHints":{"allow":["GET"]}}],"collection":[{"href":"https:\/\/somdepapo.com.br\/portal\/wp-json\/wp\/v2\/posts"}],"about":[{"href":"https:\/\/somdepapo.com.br\/portal\/wp-json\/wp\/v2\/types\/post"}],"author":[{"embeddable":true,"href":"https:\/\/somdepapo.com.br\/portal\/wp-json\/wp\/v2\/users\/1"}],"replies":[{"embeddable":true,"href":"https:\/\/somdepapo.com.br\/portal\/wp-json\/wp\/v2\/comments?post=47748"}],"version-history":[{"count":1,"href":"https:\/\/somdepapo.com.br\/portal\/wp-json\/wp\/v2\/posts\/47748\/revisions"}],"predecessor-version":[{"id":47749,"href":"https:\/\/somdepapo.com.br\/portal\/wp-json\/wp\/v2\/posts\/47748\/revisions\/47749"}],"wp:featuredmedia":[{"embeddable":true,"href":"https:\/\/somdepapo.com.br\/portal\/wp-json\/wp\/v2\/media\/47752"}],"wp:attachment":[{"href":"https:\/\/somdepapo.com.br\/portal\/wp-json\/wp\/v2\/media?parent=47748"}],"wp:term":[{"taxonomy":"category","embeddable":true,"href":"https:\/\/somdepapo.com.br\/portal\/wp-json\/wp\/v2\/categories?post=47748"},{"taxonomy":"post_tag","embeddable":true,"href":"https:\/\/somdepapo.com.br\/portal\/wp-json\/wp\/v2\/tags?post=47748"}],"curies":[{"name":"wp","href":"https:\/\/api.w.org\/{rel}","templated":true}]}}