{"id":47753,"date":"2026-03-29T06:09:37","date_gmt":"2026-03-29T09:09:37","guid":{"rendered":"https:\/\/somdepapo.com.br\/portal\/?p=47753"},"modified":"2026-03-27T18:12:08","modified_gmt":"2026-03-27T21:12:08","slug":"nem-sempre-e-apenas-cansaco-entendendo-a-depressao-pos-parto","status":"publish","type":"post","link":"https:\/\/somdepapo.com.br\/portal\/nem-sempre-e-apenas-cansaco-entendendo-a-depressao-pos-parto\/","title":{"rendered":"Nem sempre \u00e9 apenas cansa\u00e7o: entendendo a depress\u00e3o p\u00f3s-parto"},"content":{"rendered":"<p style=\"text-align: right;\">Por J\u00e9ssica Monteiro Lima<\/p>\n<p style=\"text-align: right;\">@ psicologa_jessicamonteirolima<\/p>\n<p style=\"text-align: right;\">WhatsApp: (11) 91169-1479<\/p>\n<p style=\"text-align: justify;\">&nbsp;<\/p>\n<p style=\"text-align: justify;\">Ela olhava para seu beb\u00ea e chorava<\/p>\n<p style=\"text-align: justify;\">Ela sentia uma tristeza profunda e se culpava<\/p>\n<p style=\"text-align: justify;\">Ela desejou tanto ser m\u00e3e e n\u00e3o se sentia capaz<\/p>\n<p style=\"text-align: justify;\">Ela se sentia muito medo de n\u00e3o conseguir cuidar do seu beb\u00ea<\/p>\n<p style=\"text-align: justify;\">As pessoas em sua volta sabiam que algo n\u00e3o parecia certo com essa mulher que acabou de se tornar m\u00e3e<\/p>\n<p style=\"text-align: justify;\">Na coluna de hoje vamos falar de mais um tema sugerido por voc\u00eas, recebi uma d\u00favida de uma leitora referente ao tema de depress\u00e3o p\u00f3s-parto, o in\u00edcio \u00e9 mesmo ap\u00f3s o nascimento do beb\u00ea?<\/p>\n<p style=\"text-align: justify;\">Quando falamos em depress\u00e3o p\u00f3s-parto, \u00e9 comum imaginar que esse sofrimento come\u00e7a apenas ap\u00f3s o nascimento do beb\u00ea. No entanto, hoje j\u00e1 se utiliza o termo depress\u00e3o perinatal para ampliar esse olhar, considerando epis\u00f3dios depressivos que podem surgir ainda durante a gesta\u00e7\u00e3o e se estender at\u00e9 o primeiro ano ap\u00f3s o parto. Essa compreens\u00e3o ajuda a refor\u00e7ar a import\u00e2ncia de cuidar da sa\u00fade mental da mulher durante a gesta\u00e7\u00e3o e no p\u00f3s-parto.<\/p>\n<p style=\"text-align: justify;\">No Brasil, estudos indicam que aproximadamente 14% das mulheres apresentam sintomas de depress\u00e3o no per\u00edodo p\u00f3s-parto, n\u00e3o se trata de uma experi\u00eancia rara. Esses dados mostram o quanto \u00e9 importante falar sobre o tema, identificar sinais precocemente e oferecer acolhimento \u00e0s mulheres que vivenciam esse momento.<\/p>\n<p style=\"text-align: justify;\">Estudos tamb\u00e9m indicam que a presen\u00e7a de sintomas depressivos durante a gesta\u00e7\u00e3o \u00e9 um dos principais fatores de risco para o desenvolvimento da depress\u00e3o ap\u00f3s o parto. Isso refor\u00e7a a necessidade de olhar com aten\u00e7\u00e3o para o emocional da mulher desde a gravidez, compreendendo que o cuidado preventivo pode fazer diferen\u00e7a na forma como ela vivencia o p\u00f3s-parto.<\/p>\n<p style=\"text-align: justify;\">Apesar de ser um tema cada vez mais discutido, ainda existem muitas d\u00favidas, medos e at\u00e9 sil\u00eancios em torno dessa experi\u00eancia. Muitas mulheres passam por esse per\u00edodo sem saber exatamente o que est\u00e3o sentindo e, principalmente, sem entender que podem precisar de ajuda.<\/p>\n<p style=\"text-align: justify;\">Um dos mitos mais comuns \u00e9 acreditar que toda mulher com depress\u00e3o p\u00f3s-parto rejeita o seu beb\u00ea. Na realidade, muitas m\u00e3es continuam cuidando, protegendo e se dedicando, mas fazem isso enquanto lidam com tristeza, cansa\u00e7o extremo e sentimentos de inadequa\u00e7\u00e3o. O sofrimento n\u00e3o significa aus\u00eancia de amor, mas dificuldade emocional em um per\u00edodo de grande vulnerabilidade.<\/p>\n<p style=\"text-align: justify;\">\u00c9 importante diferenciar a depress\u00e3o perinatal do baby blues, que atinge a maioria das mulheres nos primeiros dias ap\u00f3s o parto, com sintomas como choro f\u00e1cil, sensibilidade e irritabilidade, e que tende a desaparecer em algumas semanas, j\u00e1 a depress\u00e3o apresenta sintomas mais intensos e persistentes e exigi acompanhamento profissional.<\/p>\n<p style=\"text-align: justify;\">Durante a gravidez, alguns sinais que merecem aten\u00e7\u00e3o incluem tristeza persistente, ansiedade excessiva, preocupa\u00e7\u00e3o constante com a gesta\u00e7\u00e3o, sensa\u00e7\u00e3o de incapacidade, dificuldade de se conectar com a gravidez, irritabilidade frequente, altera\u00e7\u00f5es importantes no sono, cansa\u00e7o intenso e perda de interesse por atividades que antes eram prazerosas.<\/p>\n<p style=\"text-align: justify;\">J\u00e1 no p\u00f3s-parto, al\u00e9m do cansa\u00e7o esperado com a chegada do beb\u00ea, \u00e9 importante observar quando sentimentos como tristeza, des\u00e2nimo, culpa excessiva ou sensa\u00e7\u00e3o de sobrecarga se tornam constantes e come\u00e7am a impactar o dia a dia. Dificuldade de se sentir confiante no cuidado com o beb\u00ea, isolamento, choro frequente, ansiedade intensa e sensa\u00e7\u00e3o de n\u00e3o dar conta tamb\u00e9m s\u00e3o sinais que merecem aten\u00e7\u00e3o.<\/p>\n<p style=\"text-align: justify;\">Para a pr\u00f3pria mulher, um sinal importante \u00e9 perceber quando esses sentimentos persistem, se intensificam ou tornam tarefas cotidianas mais dif\u00edceis.<\/p>\n<p style=\"text-align: justify;\">Para a fam\u00edlia e pessoas pr\u00f3ximas, vale observar mudan\u00e7as significativas de humor, afastamento social, falta de energia, fala negativa sobre si mesma ou sensa\u00e7\u00e3o de incapacidade constante.<\/p>\n<p style=\"text-align: justify;\">J\u00e1 os profissionais de sa\u00fade que acompanham essa mulher podem estar atentos a sinais emocionais durante as consultas. Identificar precocemente permite que a mulher receba acolhimento e acompanhamento especializado quando necess\u00e1rio, contribuindo para um cuidado mais individualizado neste per\u00edodo.<\/p>\n<p style=\"text-align: justify;\">Na pr\u00e1tica cl\u00ednica eu ofere\u00e7o o pr\u00e9-natal psicol\u00f3gico, uma proposta de cuidado emocional durante a gesta\u00e7\u00e3o, oferecendo acolhimento, orienta\u00e7\u00e3o e espa\u00e7o para trabalhar expectativas, medos, preocupa\u00e7\u00f5es e mudan\u00e7as dessa fase.<\/p>\n<p style=\"text-align: justify;\">Esse tipo de acompanhamento pode contribuir para uma viv\u00eancia mais consciente da gesta\u00e7\u00e3o e prepara\u00e7\u00e3o emocional para o p\u00f3s-parto.<\/p>\n<p style=\"text-align: justify;\">Gostou do tema de hoje? Compartilhe esse conhecimento importante no cuidado da sa\u00fade mental materna.<\/p>\n<p style=\"text-align: justify;\">&nbsp;<\/p>\n","protected":false},"excerpt":{"rendered":"<p>Por J\u00e9ssica Monteiro Lima @ psicologa_jessicamonteirolima WhatsApp: (11) 91169-1479 &nbsp; Ela olhava para seu beb\u00ea e chorava Ela sentia uma tristeza profunda e se culpava Ela desejou tanto ser m\u00e3e e n\u00e3o se sentia capaz Ela se sentia muito medo de n\u00e3o conseguir cuidar do seu beb\u00ea As pessoas em sua volta sabiam que algo [&hellip;]<\/p>\n","protected":false},"author":1,"featured_media":47754,"comment_status":"open","ping_status":"open","sticky":false,"template":"","format":"standard","meta":{"ngg_post_thumbnail":0,"footnotes":""},"categories":[2,31,401,41],"tags":[],"class_list":["post-47753","post","type-post","status-publish","format-standard","has-post-thumbnail","hentry","category-destaques","category-noticias","category-psicologia-perinatal","category-ultimasnoticias"],"_links":{"self":[{"href":"https:\/\/somdepapo.com.br\/portal\/wp-json\/wp\/v2\/posts\/47753","targetHints":{"allow":["GET"]}}],"collection":[{"href":"https:\/\/somdepapo.com.br\/portal\/wp-json\/wp\/v2\/posts"}],"about":[{"href":"https:\/\/somdepapo.com.br\/portal\/wp-json\/wp\/v2\/types\/post"}],"author":[{"embeddable":true,"href":"https:\/\/somdepapo.com.br\/portal\/wp-json\/wp\/v2\/users\/1"}],"replies":[{"embeddable":true,"href":"https:\/\/somdepapo.com.br\/portal\/wp-json\/wp\/v2\/comments?post=47753"}],"version-history":[{"count":1,"href":"https:\/\/somdepapo.com.br\/portal\/wp-json\/wp\/v2\/posts\/47753\/revisions"}],"predecessor-version":[{"id":47755,"href":"https:\/\/somdepapo.com.br\/portal\/wp-json\/wp\/v2\/posts\/47753\/revisions\/47755"}],"wp:featuredmedia":[{"embeddable":true,"href":"https:\/\/somdepapo.com.br\/portal\/wp-json\/wp\/v2\/media\/47754"}],"wp:attachment":[{"href":"https:\/\/somdepapo.com.br\/portal\/wp-json\/wp\/v2\/media?parent=47753"}],"wp:term":[{"taxonomy":"category","embeddable":true,"href":"https:\/\/somdepapo.com.br\/portal\/wp-json\/wp\/v2\/categories?post=47753"},{"taxonomy":"post_tag","embeddable":true,"href":"https:\/\/somdepapo.com.br\/portal\/wp-json\/wp\/v2\/tags?post=47753"}],"curies":[{"name":"wp","href":"https:\/\/api.w.org\/{rel}","templated":true}]}}