{"id":47875,"date":"2026-04-03T05:55:48","date_gmt":"2026-04-03T08:55:48","guid":{"rendered":"https:\/\/somdepapo.com.br\/portal\/?p=47875"},"modified":"2026-03-31T19:58:35","modified_gmt":"2026-03-31T22:58:35","slug":"ser-esquecido-doi","status":"publish","type":"post","link":"https:\/\/somdepapo.com.br\/portal\/ser-esquecido-doi\/","title":{"rendered":"Ser Esquecido D\u00f3i"},"content":{"rendered":"<p style=\"text-align: right;\">Por Thiago Alves Eduardo<\/p>\n<p style=\"text-align: right;\">Psic\u00f3logo<\/p>\n<p style=\"text-align: right;\">@mentecultivada<\/p>\n<p style=\"text-align: justify;\">Anivers\u00e1rios carregam um simbolismo que vai muito al\u00e9m de bolos, velas e mensagens prontas. Eles marcam a passagem do tempo, mas, sobretudo, oferecem uma oportunidade singular de reconhecimento: \u201ceu existo, eu importo, eu fui lembrado\u201d. Na psicologia, esse gesto aparentemente simples se conecta profundamente \u00e0 necessidade humana de valida\u00e7\u00e3o.<\/p>\n<p style=\"text-align: justify;\">Validar o anivers\u00e1rio de algu\u00e9m n\u00e3o \u00e9 apenas cumprir uma conven\u00e7\u00e3o social; \u00e9 legitimar a trajet\u00f3ria daquela pessoa. \u00c9 dizer, de forma expl\u00edcita ou sutil, que a sua hist\u00f3ria tem valor, que sua presen\u00e7a fez diferen\u00e7a ao longo de mais um ciclo. Em um mundo marcado pela pressa e pela superficialidade das intera\u00e7\u00f5es, parar para reconhecer o outro em seu dia pode ser um ato de cuidado emocional genu\u00edno.<\/p>\n<p style=\"text-align: justify;\">Para muitas pessoas, a data pode reativar sentimentos antigos: expectativas n\u00e3o atendidas, aus\u00eancias, compara\u00e7\u00f5es ou at\u00e9 a sensa\u00e7\u00e3o de invisibilidade. Quando o anivers\u00e1rio passa despercebido, o impacto raramente \u00e9 sobre a data em si, mas sobre o que ela representa a percep\u00e7\u00e3o de n\u00e3o ser visto. Por outro lado, quando h\u00e1 valida\u00e7\u00e3o, cria-se um espa\u00e7o de pertencimento e acolhimento que fortalece v\u00ednculos e a autoestima.<\/p>\n<p style=\"text-align: justify;\">Tamb\u00e9m \u00e9 importante refletir sobre a auto-valida\u00e7\u00e3o nesse contexto. Nem sempre o reconhecimento vir\u00e1 de fora, e aprender a se celebrar \u00e9 um exerc\u00edcio potente de autonomia emocional. Honrar a pr\u00f3pria trajet\u00f3ria, reconhecer conquistas inclusive as silenciosas e acolher as pr\u00f3prias vulnerabilidades transforma o anivers\u00e1rio em um ritual interno de significado, n\u00e3o dependente exclusivamente do olhar do outro.<\/p>\n<p style=\"text-align: justify;\">Ao validar o anivers\u00e1rio de algu\u00e9m, estamos, na pr\u00e1tica, dizendo: \u201ceu vejo voc\u00ea\u201d. E ser visto, em sua ess\u00eancia mais humana, \u00e9 uma das experi\u00eancias mais transformadoras que podemos oferecer e receber.<\/p>\n<p style=\"text-align: justify;\">\u201cSou psic\u00f3logo especializado em Terapia Cognitivo-Comportamental, Psicologia Positiva, Psicotraumatologia e Sexualidade. Meu trabalho \u00e9 ajudar pessoas e casais a desenvolver maior consci\u00eancia sobre seus pensamentos, emo\u00e7\u00f5es e comportamentos, promovendo bem-estar, sentido de vida e rela\u00e7\u00f5es mais saud\u00e1veis\u201d.<\/p>\n<p style=\"text-align: justify;\">&nbsp;<\/p>\n","protected":false},"excerpt":{"rendered":"<p>Por Thiago Alves Eduardo Psic\u00f3logo @mentecultivada Anivers\u00e1rios carregam um simbolismo que vai muito al\u00e9m de bolos, velas e mensagens prontas. Eles marcam a passagem do tempo, mas, sobretudo, oferecem uma oportunidade singular de reconhecimento: \u201ceu existo, eu importo, eu fui lembrado\u201d. Na psicologia, esse gesto aparentemente simples se conecta profundamente \u00e0 necessidade humana de valida\u00e7\u00e3o. [&hellip;]<\/p>\n","protected":false},"author":1,"featured_media":47877,"comment_status":"open","ping_status":"open","sticky":false,"template":"","format":"standard","meta":{"ngg_post_thumbnail":0,"footnotes":""},"categories":[2,352,41],"tags":[],"class_list":["post-47875","post","type-post","status-publish","format-standard","has-post-thumbnail","hentry","category-destaques","category-terapias","category-ultimasnoticias"],"_links":{"self":[{"href":"https:\/\/somdepapo.com.br\/portal\/wp-json\/wp\/v2\/posts\/47875","targetHints":{"allow":["GET"]}}],"collection":[{"href":"https:\/\/somdepapo.com.br\/portal\/wp-json\/wp\/v2\/posts"}],"about":[{"href":"https:\/\/somdepapo.com.br\/portal\/wp-json\/wp\/v2\/types\/post"}],"author":[{"embeddable":true,"href":"https:\/\/somdepapo.com.br\/portal\/wp-json\/wp\/v2\/users\/1"}],"replies":[{"embeddable":true,"href":"https:\/\/somdepapo.com.br\/portal\/wp-json\/wp\/v2\/comments?post=47875"}],"version-history":[{"count":1,"href":"https:\/\/somdepapo.com.br\/portal\/wp-json\/wp\/v2\/posts\/47875\/revisions"}],"predecessor-version":[{"id":47876,"href":"https:\/\/somdepapo.com.br\/portal\/wp-json\/wp\/v2\/posts\/47875\/revisions\/47876"}],"wp:featuredmedia":[{"embeddable":true,"href":"https:\/\/somdepapo.com.br\/portal\/wp-json\/wp\/v2\/media\/47877"}],"wp:attachment":[{"href":"https:\/\/somdepapo.com.br\/portal\/wp-json\/wp\/v2\/media?parent=47875"}],"wp:term":[{"taxonomy":"category","embeddable":true,"href":"https:\/\/somdepapo.com.br\/portal\/wp-json\/wp\/v2\/categories?post=47875"},{"taxonomy":"post_tag","embeddable":true,"href":"https:\/\/somdepapo.com.br\/portal\/wp-json\/wp\/v2\/tags?post=47875"}],"curies":[{"name":"wp","href":"https:\/\/api.w.org\/{rel}","templated":true}]}}