{"id":47916,"date":"2026-04-03T05:23:14","date_gmt":"2026-04-03T08:23:14","guid":{"rendered":"https:\/\/somdepapo.com.br\/portal\/?p=47916"},"modified":"2026-04-02T19:25:05","modified_gmt":"2026-04-02T22:25:05","slug":"autismo-e-sobre-pessoas-nao-rotulos","status":"publish","type":"post","link":"https:\/\/somdepapo.com.br\/portal\/autismo-e-sobre-pessoas-nao-rotulos\/","title":{"rendered":"Autismo \u00e9 sobre pessoas, n\u00e3o r\u00f3tulos"},"content":{"rendered":"<p style=\"text-align: right;\">Por Jo\u00e3o Costa Bezerra<\/p>\n<p style=\"text-align: right;\">@psico.joaocosta<\/p>\n<p style=\"text-align: justify;\">Quando falamos em autismo, ainda \u00e9 comum que o diagn\u00f3stico venha acompanhado de ideias prontas, expectativas r\u00edgidas e, muitas vezes, limita\u00e7\u00f5es impostas antes mesmo de qualquer escuta real. Mas, antes de qualquer defini\u00e7\u00e3o, existe uma pessoa \u2014 com hist\u00f3ria, emo\u00e7\u00f5es, desejos e formas \u00fanicas de estar no mundo.<\/p>\n<p style=\"text-align: justify;\">O Transtorno do Espectro Autista (TEA) n\u00e3o pode ser reduzido a um conjunto de caracter\u00edsticas ou comportamentos. Ele atravessa a forma como o indiv\u00edduo percebe, sente e se relaciona com o ambiente, as caracter\u00edsticas n\u00e3o define, por completo quem ele \u00e9. Falar sobre autismo \u00e9, antes de tudo, falar sobre singularidade.<\/p>\n<p style=\"text-align: justify;\">Para al\u00e9m do diagn\u00f3stico<\/p>\n<p style=\"text-align: justify;\">Cada pessoa no espectro \u00e9 \u00fanica. Algumas podem apresentar maiores dificuldades na comunica\u00e7\u00e3o verbal; outras encontram formas pr\u00f3prias e potentes de se expressar. H\u00e1 quem necessite de suporte mais intenso ao longo da vida, e h\u00e1 quem desenvolva maior autonomia em diferentes contextos.<\/p>\n<p style=\"text-align: justify;\">Essa diversidade exige um olhar individualizado. Quando o autismo \u00e9 reduzido a um r\u00f3tulo, n\u00e3o apenas a compreens\u00e3o da pessoa se empobrece, como tamb\u00e9m as oportunidades que lhe s\u00e3o oferecidas se restringem. Afinal, quando se espera menos, muitas vezes se oferece menos.<\/p>\n<p style=\"text-align: justify;\">O cuidado n\u00e3o \u00e9 simples e n\u00e3o deve ser romantizado<\/p>\n<p style=\"text-align: justify;\">Nos \u00faltimos anos, a visibilidade do autismo aumentou, e isso \u00e9 um avan\u00e7o importante. No entanto, junto com essa amplia\u00e7\u00e3o do debate, tamb\u00e9m surgiram discursos que, em alguns contextos, acabam romantizando o espectro.<\/p>\n<p style=\"text-align: justify;\">\u00c9 fundamental afirmar: o autismo n\u00e3o \u00e9 uma experi\u00eancia leve para todos.<\/p>\n<p style=\"text-align: justify;\">O cuidado pode ser complexo, cont\u00ednuo e, muitas vezes, exaustivo. Fam\u00edlias lidam com desafios di\u00e1rios que envolvem dificuldades de comunica\u00e7\u00e3o, crises comportamentais, sobrecarga emocional, necessidade de acompanhamento multiprofissional e constantes adapta\u00e7\u00f5es na rotina. Ignorar essa realidade ou suaviz\u00e1-la em excesso pode intensificar sentimentos de culpa, solid\u00e3o e inadequa\u00e7\u00e3o.<\/p>\n<p style=\"text-align: justify;\">Quando a vulnerabilidade social atravessa o cuidado<\/p>\n<p style=\"text-align: justify;\">A complexidade do cuidado se intensifica quando consideramos fam\u00edlias em situa\u00e7\u00e3o de vulnerabilidade social.<\/p>\n<p style=\"text-align: justify;\">Enquanto algumas conseguem acesso a terapias, acompanhamento especializado e suporte educacional, muitas outras enfrentam filas extensas no sistema p\u00fablico, escassez de servi\u00e7os especializados, dificuldade de acesso a profissionais capacitados e limita\u00e7\u00f5es financeiras para manter interven\u00e7\u00f5es cont\u00ednuas.<\/p>\n<p style=\"text-align: justify;\">Nesse cen\u00e1rio, o desenvolvimento da pessoa autista n\u00e3o \u00e9 impactado apenas pelo transtorno, mas tamb\u00e9m pelas condi\u00e7\u00f5es sociais em que est\u00e1 inserida. Falar sobre autismo sem considerar essas desigualdades \u00e9 olhar apenas para parte da realidade.<\/p>\n<p style=\"text-align: justify;\">Mais do que acolher: \u00e9 preciso desenvolver<\/p>\n<p style=\"text-align: justify;\">A inclus\u00e3o n\u00e3o pode se limitar ao discurso ou \u00e0 inten\u00e7\u00e3o. Pessoas autistas precisam de espa\u00e7os que promovam desenvolvimento real. Isso inclui ambientes que favore\u00e7am, de forma concreta:<\/p>\n<p style=\"text-align: justify;\">constru\u00e7\u00e3o de autonomia no cotidiano;<\/p>\n<p style=\"text-align: justify;\">desenvolvimento de habilidades funcionais;<\/p>\n<p style=\"text-align: justify;\">amplia\u00e7\u00e3o das formas de comunica\u00e7\u00e3o (incluindo alternativas);<\/p>\n<p style=\"text-align: justify;\">regula\u00e7\u00e3o emocional;<\/p>\n<p style=\"text-align: justify;\">participa\u00e7\u00e3o social efetiva.<\/p>\n<p style=\"text-align: justify;\">Espa\u00e7os terap\u00eauticos, educacionais e comunit\u00e1rios bem estruturados fazem diferen\u00e7a concreta na vida dessas pessoas e de suas fam\u00edlias. Quando esses recursos s\u00e3o insuficientes ou inacess\u00edveis, a responsabilidade do cuidado recai quase exclusivamente sobre a fam\u00edlia, aumentando a sobrecarga e reduzindo as possibilidades de desenvolvimento.<\/p>\n<p style=\"text-align: justify;\">Investir em servi\u00e7os de qualidade n\u00e3o \u00e9 um privil\u00e9gio, \u00e9 uma necessidade.<\/p>\n<p style=\"text-align: justify;\">Escuta, respeito e responsabilidade<\/p>\n<p style=\"text-align: justify;\">Se, por um lado, o r\u00f3tulo pode limitar, por outro, a escuta qualificada abre caminhos. Escutar a pessoa autista, dentro das suas possibilidades, respeitar seu tempo, suas formas de express\u00e3o e suas necessidades \u00e9 parte essencial de um cuidado \u00e9tico.<\/p>\n<p style=\"text-align: justify;\">Da mesma forma, \u00e9 fundamental acolher as fam\u00edlias, reconhecendo suas dificuldades sem julgamento e oferecendo suporte real.<\/p>\n<p style=\"text-align: justify;\">Mais pessoas, menos r\u00f3tulos<\/p>\n<p style=\"text-align: justify;\">Dizer que o autismo \u00e9 sobre pessoas, e n\u00e3o r\u00f3tulos, n\u00e3o significa ignorar o diagn\u00f3stico. Ele \u00e9 fundamental para orientar interven\u00e7\u00f5es, organizar o cuidado e garantir direitos. Mas n\u00e3o pode ser o \u00fanico olhar.<\/p>\n<p style=\"text-align: justify;\">Por tr\u00e1s de cada laudo existe uma vida em constru\u00e7\u00e3o com potencialidades, desafios e possibilidades que n\u00e3o cabem em defini\u00e7\u00f5es r\u00edgidas.<\/p>\n<p style=\"text-align: justify;\">Compreender o autismo \u00e9 importante. Mas o compromisso maior est\u00e1 em sustentar, na pr\u00e1tica, as condi\u00e7\u00f5es necess\u00e1rias para que essas pessoas possam se desenvolver com dignidade, autonomia e apoio ao longo da vida.<\/p>\n<p style=\"text-align: justify;\">Sobre o autor<\/p>\n<p style=\"text-align: justify;\">Jo\u00e3o Costa Bezerra \u00e9 psicoterapeuta e atua com Terapia Cognitivo-Comportamental (TCC), Terapia do Esquema, DBT e Psicologia Anal\u00edtica. Trabalha com atendimento cl\u00ednico de crian\u00e7as e adultos, com foco em regula\u00e7\u00e3o emocional, desenvolvimento psicol\u00f3gico e psicoeduca\u00e7\u00e3o.<\/p>\n<p style=\"text-align: justify;\">Para mais informa\u00e7\u00f5es: (11) 98436-1978<\/p>\n<p style=\"text-align: justify;\">&nbsp;<\/p>\n<p style=\"text-align: justify;\">&nbsp;<\/p>\n","protected":false},"excerpt":{"rendered":"<p>Por Jo\u00e3o Costa Bezerra @psico.joaocosta Quando falamos em autismo, ainda \u00e9 comum que o diagn\u00f3stico venha acompanhado de ideias prontas, expectativas r\u00edgidas e, muitas vezes, limita\u00e7\u00f5es impostas antes mesmo de qualquer escuta real. Mas, antes de qualquer defini\u00e7\u00e3o, existe uma pessoa \u2014 com hist\u00f3ria, emo\u00e7\u00f5es, desejos e formas \u00fanicas de estar no mundo. O Transtorno [&hellip;]<\/p>\n","protected":false},"author":1,"featured_media":47917,"comment_status":"open","ping_status":"open","sticky":false,"template":"","format":"standard","meta":{"ngg_post_thumbnail":0,"footnotes":""},"categories":[391,2,41],"tags":[],"class_list":["post-47916","post","type-post","status-publish","format-standard","has-post-thumbnail","hentry","category-atencao-psicossocial","category-destaques","category-ultimasnoticias"],"_links":{"self":[{"href":"https:\/\/somdepapo.com.br\/portal\/wp-json\/wp\/v2\/posts\/47916","targetHints":{"allow":["GET"]}}],"collection":[{"href":"https:\/\/somdepapo.com.br\/portal\/wp-json\/wp\/v2\/posts"}],"about":[{"href":"https:\/\/somdepapo.com.br\/portal\/wp-json\/wp\/v2\/types\/post"}],"author":[{"embeddable":true,"href":"https:\/\/somdepapo.com.br\/portal\/wp-json\/wp\/v2\/users\/1"}],"replies":[{"embeddable":true,"href":"https:\/\/somdepapo.com.br\/portal\/wp-json\/wp\/v2\/comments?post=47916"}],"version-history":[{"count":1,"href":"https:\/\/somdepapo.com.br\/portal\/wp-json\/wp\/v2\/posts\/47916\/revisions"}],"predecessor-version":[{"id":47918,"href":"https:\/\/somdepapo.com.br\/portal\/wp-json\/wp\/v2\/posts\/47916\/revisions\/47918"}],"wp:featuredmedia":[{"embeddable":true,"href":"https:\/\/somdepapo.com.br\/portal\/wp-json\/wp\/v2\/media\/47917"}],"wp:attachment":[{"href":"https:\/\/somdepapo.com.br\/portal\/wp-json\/wp\/v2\/media?parent=47916"}],"wp:term":[{"taxonomy":"category","embeddable":true,"href":"https:\/\/somdepapo.com.br\/portal\/wp-json\/wp\/v2\/categories?post=47916"},{"taxonomy":"post_tag","embeddable":true,"href":"https:\/\/somdepapo.com.br\/portal\/wp-json\/wp\/v2\/tags?post=47916"}],"curies":[{"name":"wp","href":"https:\/\/api.w.org\/{rel}","templated":true}]}}