{"id":47930,"date":"2026-04-05T05:04:56","date_gmt":"2026-04-05T08:04:56","guid":{"rendered":"https:\/\/somdepapo.com.br\/portal\/?p=47930"},"modified":"2026-04-03T21:07:16","modified_gmt":"2026-04-04T00:07:16","slug":"maternidade-e-carreira-o-desafio-de-recomecar","status":"publish","type":"post","link":"https:\/\/somdepapo.com.br\/portal\/maternidade-e-carreira-o-desafio-de-recomecar\/","title":{"rendered":"Maternidade e Carreira: o desafio de recome\u00e7ar"},"content":{"rendered":"<p style=\"text-align: right;\">Por J\u00e9ssica Monteiro Lima<\/p>\n<p style=\"text-align: right;\">@psicologa_jessicamonteirolima<\/p>\n<p style=\"text-align: right;\">WhatsApp: (11) 91169-1479<\/p>\n<p style=\"text-align: justify;\">&nbsp;<\/p>\n<p style=\"text-align: justify;\">Ela decidiu pausar.<\/p>\n<p style=\"text-align: justify;\">Depois decidiu voltar.<\/p>\n<p style=\"text-align: justify;\">E agora?<\/p>\n<p style=\"text-align: justify;\">&nbsp;<\/p>\n<p style=\"text-align: justify;\">Ela e o marido conversaram. Avaliaram a rotina, os custos, o desejo de acompanhar mais de perto o crescimento da filha. A decis\u00e3o foi tomada em conjunto: por um tempo, ela pausaria a carreira para se dedicar \u00e0 maternidade.<\/p>\n<p style=\"text-align: justify;\">No in\u00edcio, vieram sentimentos misturados. Havia a tranquilidade de estar mais presente, acompanhar os primeiros passos, construir a rotina com mais calma. Mas, junto com isso, surgiam d\u00favidas silenciosas sobre o futuro profissional, a identidade e o impacto dessa escolha ao longo do tempo.<\/p>\n<p style=\"text-align: justify;\">A decis\u00e3o de pausar a carreira pode ser vivida com alegria e, ao mesmo tempo, com inseguran\u00e7a. Algumas mulheres relatam sentir al\u00edvio por conseguir estar mais pr\u00f3ximas dos filhos, enquanto outras percebem tamb\u00e9m o medo de perder espa\u00e7o no mercado, a preocupa\u00e7\u00e3o com a depend\u00eancia financeira ou a sensa\u00e7\u00e3o de distanciamento da vida profissional. Muitas vezes, esses sentimentos coexistem, sem que um anule o outro.<\/p>\n<p style=\"text-align: justify;\">Com o passar do tempo, uma nova reflex\u00e3o come\u00e7a a surgir: o desejo de retornar ao mercado de trabalho. E, com ele, aparecem novos desafios emocionais. A culpa por \u201cdeixar\u201d a filha, o receio sobre a adapta\u00e7\u00e3o, o medo de n\u00e3o dar conta da rotina e a inseguran\u00e7a profissional podem surgir de forma intensa. Algumas mulheres tamb\u00e9m relatam a sensa\u00e7\u00e3o de estar \u201catrasada\u201d, especialmente ao se compararem com colegas que seguiram na carreira durante esse per\u00edodo.<\/p>\n<p style=\"text-align: justify;\">Al\u00e9m dos aspectos emocionais, existem desafios pr\u00e1ticos. A lacuna no curr\u00edculo, a necessidade de atualiza\u00e7\u00e3o profissional e a inseguran\u00e7a diante dos processos seletivos podem tornar esse retorno mais desafiador. Em entrevistas, nem sempre essa pausa \u00e9 compreendida como uma escolha leg\u00edtima, o que pode aumentar ainda mais a ansiedade e a autocr\u00edtica.<\/p>\n<p style=\"text-align: justify;\">Ao mesmo tempo, \u00e9 importante destacar que iniciativas t\u00eam surgido para apoiar esse retorno. Algumas empresas v\u00eam criando programas de recoloca\u00e7\u00e3o e vagas afirmativas para mulheres que pausaram a carreira, reconhecendo que esse per\u00edodo tamb\u00e9m desenvolve habilidades importantes. A maternidade pode fortalecer compet\u00eancias como organiza\u00e7\u00e3o, gest\u00e3o do tempo, flexibilidade, prioriza\u00e7\u00e3o e tomada de decis\u00e3o que s\u00e3o habilidades cada vez mais valorizadas no ambiente profissional.<\/p>\n<p style=\"text-align: justify;\">Esse tamb\u00e9m pode ser um momento importante para o acompanhamento psicol\u00f3gico. A psicoterapia oferece um espa\u00e7o para trabalhar medos, inseguran\u00e7as e cren\u00e7as que costumam surgir nesse processo, como \u201cestou atrasada\u201d, \u201cn\u00e3o sou mais capaz\u201d ou \u201cn\u00e3o vou dar conta\u201d. Elaborar essas emo\u00e7\u00f5es pode contribuir para um retorno mais seguro, respeitando o tempo e a realidade atual dessa mulher.<\/p>\n<p style=\"text-align: justify;\">Retornar ao trabalho ap\u00f3s a maternidade n\u00e3o significa voltar ao mesmo lugar de antes. A mulher que retorna carrega novas experi\u00eancias, novas prioridades e, muitas vezes, uma nova forma de olhar para a carreira e para a vida.<\/p>\n<p style=\"text-align: justify;\">A pausa n\u00e3o precisa ser vista como retrocesso, mas como parte de uma trajet\u00f3ria que continua sendo constru\u00edda, com escolhas poss\u00edveis em diferentes momentos da vida.<\/p>\n<p style=\"text-align: justify;\">&nbsp;<\/p>\n","protected":false},"excerpt":{"rendered":"<p>Por J\u00e9ssica Monteiro Lima @psicologa_jessicamonteirolima WhatsApp: (11) 91169-1479 &nbsp; Ela decidiu pausar. Depois decidiu voltar. E agora? &nbsp; Ela e o marido conversaram. Avaliaram a rotina, os custos, o desejo de acompanhar mais de perto o crescimento da filha. A decis\u00e3o foi tomada em conjunto: por um tempo, ela pausaria a carreira para se dedicar [&hellip;]<\/p>\n","protected":false},"author":1,"featured_media":47931,"comment_status":"open","ping_status":"open","sticky":false,"template":"","format":"standard","meta":{"ngg_post_thumbnail":0,"footnotes":""},"categories":[2,401,41],"tags":[],"class_list":["post-47930","post","type-post","status-publish","format-standard","has-post-thumbnail","hentry","category-destaques","category-psicologia-perinatal","category-ultimasnoticias"],"_links":{"self":[{"href":"https:\/\/somdepapo.com.br\/portal\/wp-json\/wp\/v2\/posts\/47930","targetHints":{"allow":["GET"]}}],"collection":[{"href":"https:\/\/somdepapo.com.br\/portal\/wp-json\/wp\/v2\/posts"}],"about":[{"href":"https:\/\/somdepapo.com.br\/portal\/wp-json\/wp\/v2\/types\/post"}],"author":[{"embeddable":true,"href":"https:\/\/somdepapo.com.br\/portal\/wp-json\/wp\/v2\/users\/1"}],"replies":[{"embeddable":true,"href":"https:\/\/somdepapo.com.br\/portal\/wp-json\/wp\/v2\/comments?post=47930"}],"version-history":[{"count":1,"href":"https:\/\/somdepapo.com.br\/portal\/wp-json\/wp\/v2\/posts\/47930\/revisions"}],"predecessor-version":[{"id":47932,"href":"https:\/\/somdepapo.com.br\/portal\/wp-json\/wp\/v2\/posts\/47930\/revisions\/47932"}],"wp:featuredmedia":[{"embeddable":true,"href":"https:\/\/somdepapo.com.br\/portal\/wp-json\/wp\/v2\/media\/47931"}],"wp:attachment":[{"href":"https:\/\/somdepapo.com.br\/portal\/wp-json\/wp\/v2\/media?parent=47930"}],"wp:term":[{"taxonomy":"category","embeddable":true,"href":"https:\/\/somdepapo.com.br\/portal\/wp-json\/wp\/v2\/categories?post=47930"},{"taxonomy":"post_tag","embeddable":true,"href":"https:\/\/somdepapo.com.br\/portal\/wp-json\/wp\/v2\/tags?post=47930"}],"curies":[{"name":"wp","href":"https:\/\/api.w.org\/{rel}","templated":true}]}}