{"id":48171,"date":"2026-04-11T09:55:43","date_gmt":"2026-04-11T12:55:43","guid":{"rendered":"https:\/\/somdepapo.com.br\/portal\/?p=48171"},"modified":"2026-04-11T10:22:38","modified_gmt":"2026-04-11T13:22:38","slug":"eleicoes-2026-o-que-o-seu-politico-pode-ou-nao-fazer-agora","status":"publish","type":"post","link":"https:\/\/somdepapo.com.br\/portal\/eleicoes-2026-o-que-o-seu-politico-pode-ou-nao-fazer-agora\/","title":{"rendered":"Elei\u00e7\u00f5es 2026: O que o seu pol\u00edtico pode (ou n\u00e3o) fazer agora?"},"content":{"rendered":"<p style=\"text-align: right;\">Por Felipe Sant\u2019Anna<\/p>\n<p style=\"text-align: right;\">Advogado Eleitoral<\/p>\n<p style=\"text-align: right;\">@felipeeleitoral<\/p>\n<p style=\"text-align: justify;\">&nbsp;<\/p>\n<p style=\"text-align: justify;\">&nbsp;Voc\u00ea j\u00e1 deve ter percebido que o clima de elei\u00e7\u00e3o come\u00e7ou a tomar conta das conversas e das redes sociais. Mas, afinal, o que \u00e9 permitido nesse per\u00edodo de aquecimento que chamamos de pr\u00e9-campanha? Muita gente fica na d\u00favida se aquele v\u00eddeo ou aquele evento que viu na internet est\u00e1 dentro da lei. A verdade \u00e9 que a regra de ouro \u00e9 simples: o pol\u00edtico pode mostrar quem ele \u00e9 e o que pensa, mas n\u00e3o pode, de jeito nenhum, pedir o seu voto agora.<\/p>\n<p style=\"text-align: justify;\">&nbsp;O pr\u00e9-candidato tem o direito de dizer que pretende concorrer, de mostrar suas qualidades e de debater os problemas da cidade ou do estado. Ele pode participar de entrevistas, postar suas opini\u00f5es nas redes sociais e at\u00e9 realizar reuni\u00f5es para discutir propostas. O que a Justi\u00e7a Eleitoral n\u00e3o aceita \u00e9 o &#8220;atalho&#8221; para as urnas. Isso significa que frases como &#8220;vote em mim&#8221; ou &#8220;conto com seu voto&#8221; est\u00e3o proibidas at\u00e9 que a campanha comece oficialmente em agosto. A ideia \u00e9 garantir que ningu\u00e9m saia na frente de forma desleal s\u00f3 porque tem mais recursos ou espa\u00e7o na m\u00eddia.<\/p>\n<p style=\"text-align: justify;\">&nbsp;Com a chegada da Intelig\u00eancia Artificial, o cuidado precisa ser redobrado. Ver um v\u00eddeo de um pol\u00edtico falando algo estranho ou parecendo perfeito demais pode ser um sinal de alerta. A regra agora exige que, se houver uso de filtros ou ferramentas de cria\u00e7\u00e3o digital, isso seja avisado claramente. O uso de montagens para enganar o eleitor ou atacar advers\u00e1rios com mentiras tecnol\u00f3gicas, as famosas deepfakes, \u00e9 um caminho sem volta para a cassa\u00e7\u00e3o. A tecnologia deve servir para informar, e n\u00e3o para criar uma realidade paralela.<\/p>\n<p style=\"text-align: justify;\">&nbsp;Outro ponto que gera confus\u00e3o \u00e9 o uso do dinheiro. O pr\u00e9-candidato pode fazer as famosas &#8220;vaquinhas virtuais&#8221; para arrecadar fundos, mas tudo precisa ter nota fiscal e transpar\u00eancia. O que n\u00e3o pode \u00e9 o uso de outdoors, que s\u00e3o proibidos em qualquer fase da elei\u00e7\u00e3o, ou o pagamento para que influenciadores digitais fa\u00e7am propaganda disfar\u00e7ada. No fim das contas, a pr\u00e9-campanha \u00e9 um per\u00edodo de di\u00e1logo. Para quem quer ser candidato, \u00e9 a hora de mostrar preparo. Para o eleitor, \u00e9 o momento de observar quem respeita as regras do jogo desde o in\u00edcio, pois quem ignora a lei na largada dificilmente ter\u00e1 compromisso com ela durante o mandato.<\/p>\n<p style=\"text-align: justify;\">&nbsp;<\/p>\n<p style=\"text-align: justify;\">Sobre o autor: Felipe Sant&#8217;Anna \u00e9 advogado especialista em Direito Eleitoral (OAB\/ES 28.780) atuando na consultoria preventiva e assessoria estrat\u00e9gica para candidatos e detentores de mandato. Com hist\u00f3rico de vit\u00f3rias em campanhas majorit\u00e1rias capixabas, une a combatividade nos tribunais \u00e0 forte produ\u00e7\u00e3o t\u00e9cnica. \u00c9 autor de obras focadas em viabilizar projetos pol\u00edticos com seguran\u00e7a jur\u00eddica, destacando-se o &#8220;Minimanual da Pr\u00e9-campanha Eleitoral&#8221; (2020 e 2024) e o &#8220;Manual de Condutas Vedadas &#8211; Elei\u00e7\u00f5es 2026&#8221;. Licenciado em Hist\u00f3ria pela Universidade Federal do Esp\u00edrito Santo.<\/p>\n<p style=\"text-align: justify;\">&nbsp;<\/p>\n","protected":false},"excerpt":{"rendered":"<p>Por Felipe Sant\u2019Anna Advogado Eleitoral @felipeeleitoral &nbsp; &nbsp;Voc\u00ea j\u00e1 deve ter percebido que o clima de elei\u00e7\u00e3o come\u00e7ou a tomar conta das conversas e das redes sociais. Mas, afinal, o que \u00e9 permitido nesse per\u00edodo de aquecimento que chamamos de pr\u00e9-campanha? Muita gente fica na d\u00favida se aquele v\u00eddeo ou aquele evento que viu na [&hellip;]<\/p>\n","protected":false},"author":1,"featured_media":48172,"comment_status":"open","ping_status":"open","sticky":false,"template":"","format":"standard","meta":{"ngg_post_thumbnail":0,"footnotes":""},"categories":[2,403,41],"tags":[],"class_list":["post-48171","post","type-post","status-publish","format-standard","has-post-thumbnail","hentry","category-destaques","category-direito-eleitoral","category-ultimasnoticias"],"_links":{"self":[{"href":"https:\/\/somdepapo.com.br\/portal\/wp-json\/wp\/v2\/posts\/48171","targetHints":{"allow":["GET"]}}],"collection":[{"href":"https:\/\/somdepapo.com.br\/portal\/wp-json\/wp\/v2\/posts"}],"about":[{"href":"https:\/\/somdepapo.com.br\/portal\/wp-json\/wp\/v2\/types\/post"}],"author":[{"embeddable":true,"href":"https:\/\/somdepapo.com.br\/portal\/wp-json\/wp\/v2\/users\/1"}],"replies":[{"embeddable":true,"href":"https:\/\/somdepapo.com.br\/portal\/wp-json\/wp\/v2\/comments?post=48171"}],"version-history":[{"count":2,"href":"https:\/\/somdepapo.com.br\/portal\/wp-json\/wp\/v2\/posts\/48171\/revisions"}],"predecessor-version":[{"id":48174,"href":"https:\/\/somdepapo.com.br\/portal\/wp-json\/wp\/v2\/posts\/48171\/revisions\/48174"}],"wp:featuredmedia":[{"embeddable":true,"href":"https:\/\/somdepapo.com.br\/portal\/wp-json\/wp\/v2\/media\/48172"}],"wp:attachment":[{"href":"https:\/\/somdepapo.com.br\/portal\/wp-json\/wp\/v2\/media?parent=48171"}],"wp:term":[{"taxonomy":"category","embeddable":true,"href":"https:\/\/somdepapo.com.br\/portal\/wp-json\/wp\/v2\/categories?post=48171"},{"taxonomy":"post_tag","embeddable":true,"href":"https:\/\/somdepapo.com.br\/portal\/wp-json\/wp\/v2\/tags?post=48171"}],"curies":[{"name":"wp","href":"https:\/\/api.w.org\/{rel}","templated":true}]}}