{"id":48240,"date":"2026-04-19T05:07:33","date_gmt":"2026-04-19T08:07:33","guid":{"rendered":"https:\/\/somdepapo.com.br\/portal\/?p=48240"},"modified":"2026-04-12T15:09:57","modified_gmt":"2026-04-12T18:09:57","slug":"vitamina-d-muito-alem-da-saude-ossea-voce-esta-recebendo-o-suficiente","status":"publish","type":"post","link":"https:\/\/somdepapo.com.br\/portal\/vitamina-d-muito-alem-da-saude-ossea-voce-esta-recebendo-o-suficiente\/","title":{"rendered":"Vitamina D: muito al\u00e9m da sa\u00fade \u00f3ssea. Voc\u00ea est\u00e1 recebendo o suficiente?"},"content":{"rendered":"<p style=\"text-align: right;\">Por Henrique Carvalho&nbsp;<\/p>\n<p style=\"text-align: justify;\">Frequentemente chamada de &#8220;vitamina do sol&#8221;, a vitamina D \u00e9, na verdade, um pr\u00e9-horm\u00f4nio essencial para o funcionamento harm\u00f4nico do corpo humano. Embora seja famosa por sua rela\u00e7\u00e3o com o c\u00e1lcio, suas fun\u00e7\u00f5es v\u00e3o muito al\u00e9m de manter o esqueleto fortalecido.<\/p>\n<p style=\"text-align: justify;\">Nesta mat\u00e9ria, vamos entender por que esse nutriente \u00e9 um pilar da sa\u00fade moderna e como garantir n\u00edveis otimizados.<\/p>\n<p style=\"text-align: justify;\">As m\u00faltiplas fun\u00e7\u00f5es da Vitamina D<\/p>\n<p style=\"text-align: justify;\">A import\u00e2ncia da vitamina D reside na sua versatilidade. Ela atua em receptores espalhados por quase todo o organismo, influenciando:<\/p>\n<p style=\"text-align: justify;\">Sa\u00fade \u00d3ssea: \u00c9 a chave mestra para a absor\u00e7\u00e3o do c\u00e1lcio, sendo indispens\u00e1vel para o crescimento infantil e a preven\u00e7\u00e3o da osteoporose em adultos.<\/p>\n<p style=\"text-align: justify;\">Sistema Imunol\u00f3gico: Atua na modula\u00e7\u00e3o das defesas do corpo, auxiliando na preven\u00e7\u00e3o de infec\u00e7\u00f5es e doen\u00e7as autoimunes.<\/p>\n<p style=\"text-align: justify;\">Bem-estar Mental: Estudos apontam sua relev\u00e2ncia na regula\u00e7\u00e3o do sistema nervoso e na preven\u00e7\u00e3o de quadros depressivos.<\/p>\n<p style=\"text-align: justify;\">Sa\u00fade Cardiovascular e Metab\u00f3lica: Auxilia na prote\u00e7\u00e3o do sistema circulat\u00f3rio e na preven\u00e7\u00e3o de condi\u00e7\u00f5es como diabetes e doen\u00e7as card\u00edacas.<\/p>\n<p style=\"text-align: justify;\">Onde encontrar a Vitamina D?<\/p>\n<p style=\"text-align: justify;\">Diferente de outros nutrientes, a principal fonte de vitamina D n\u00e3o vem do prato, mas sim do c\u00e9u.<\/p>\n<p style=\"text-align: justify;\">Exposi\u00e7\u00e3o Solar: A s\u00edntese cut\u00e2nea atrav\u00e9s dos raios UVB \u00e9 a forma mais eficaz de produ\u00e7\u00e3o natural do corpo.<\/p>\n<p style=\"text-align: justify;\">Alimenta\u00e7\u00e3o: Em menor escala, pode ser encontrada em alimentos como peixes gordos (salm\u00e3o, sardinha), gema de ovo, cogumelos, leite e cereais fortificados.<\/p>\n<p style=\"text-align: justify;\">Suplementa\u00e7\u00e3o: Muitas vezes necess\u00e1ria, j\u00e1 que a rotina moderna em locais fechados dificulta a exposi\u00e7\u00e3o solar ideal. A dose para adultos geralmente varia entre 400 e 2.000 UI, mas deve ser individualizada ap\u00f3s exames bioqu\u00edmicos.<\/p>\n<p style=\"text-align: justify;\">Sinais de Alerta: Como saber se os n\u00edveis est\u00e3o baixos?<\/p>\n<p style=\"text-align: justify;\">A defici\u00eancia de vitamina D \u00e9 silenciosa, mas o corpo emite sinais. Se voc\u00ea sente cansa\u00e7o persistente, dores musculares ou \u00f3sseas, fraqueza e recorr\u00eancia de fraturas, seus n\u00edveis podem estar abaixo do recomendado.<\/p>\n<p style=\"text-align: justify;\">Importante: O excesso de suplementa\u00e7\u00e3o sem orienta\u00e7\u00e3o tamb\u00e9m pode ser prejudicial. O equil\u00edbrio \u00e9 a chave.<\/p>\n<p style=\"text-align: justify;\">Personaliza\u00e7\u00e3o \u00e9 o segredo<\/p>\n<p style=\"text-align: justify;\">Voc\u00ea sabe como est\u00e3o seus n\u00edveis de vitamina D hoje? O que funciona para um atleta pode n\u00e3o ser o suficiente para uma mulher em fase de menopausa ou para algu\u00e9m em processo de emagrecimento.<\/p>\n<p style=\"text-align: justify;\">Se voc\u00ea busca otimizar sua sa\u00fade, performance e imunidade atrav\u00e9s de uma nutri\u00e7\u00e3o estrat\u00e9gica e sem terrorismo, o monitoramento desses n\u00edveis deve fazer parte da sua rotina.<\/p>\n<p style=\"text-align: justify;\">Agende sua avalia\u00e7\u00e3o personalizada<\/p>\n<p style=\"text-align: justify;\">Vamos ajustar sua estrat\u00e9gia nutricional para garantir que seu corpo funcione em sua m\u00e1xima performance, seja no atendimento presencial em Aracaju ou de forma on-line.<\/p>\n<p style=\"text-align: justify;\">Henrique Carvalho Nutricionista Cl\u00ednico e Esportivo Especialista em Sa\u00fade da Mulher, Fitoterapia e Emagrecimento.<\/p>\n<p style=\"text-align: justify;\">Contato\/WhatsApp: (79) 9 8804-2100<\/p>\n<p style=\"text-align: justify;\">Local: Espa\u00e7o Harmonia \u2013 Aracaju\/SE (e atendimentos on-line)<\/p>\n<p style=\"text-align: justify;\">&nbsp;<\/p>\n<p style=\"text-align: justify;\">&nbsp;<\/p>\n<p style=\"text-align: justify;\">&nbsp;<\/p>\n<p style=\"text-align: justify;\">Gostou deste conte\u00fado? Compartilhe com quem precisa saber disso e continue acompanhando nosso site para mais dicas de sa\u00fade e nutri\u00e7\u00e3o!<\/p>\n<p style=\"text-align: justify;\">&nbsp;<\/p>\n<p style=\"text-align: justify;\">&nbsp;<\/p>\n","protected":false},"excerpt":{"rendered":"<p>Por Henrique Carvalho&nbsp; Frequentemente chamada de &#8220;vitamina do sol&#8221;, a vitamina D \u00e9, na verdade, um pr\u00e9-horm\u00f4nio essencial para o funcionamento harm\u00f4nico do corpo humano. Embora seja famosa por sua rela\u00e7\u00e3o com o c\u00e1lcio, suas fun\u00e7\u00f5es v\u00e3o muito al\u00e9m de manter o esqueleto fortalecido. Nesta mat\u00e9ria, vamos entender por que esse nutriente \u00e9 um pilar [&hellip;]<\/p>\n","protected":false},"author":1,"featured_media":48241,"comment_status":"open","ping_status":"open","sticky":false,"template":"","format":"standard","meta":{"ngg_post_thumbnail":0,"footnotes":""},"categories":[2,31,34,41],"tags":[],"class_list":["post-48240","post","type-post","status-publish","format-standard","has-post-thumbnail","hentry","category-destaques","category-noticias","category-nutricao","category-ultimasnoticias"],"_links":{"self":[{"href":"https:\/\/somdepapo.com.br\/portal\/wp-json\/wp\/v2\/posts\/48240","targetHints":{"allow":["GET"]}}],"collection":[{"href":"https:\/\/somdepapo.com.br\/portal\/wp-json\/wp\/v2\/posts"}],"about":[{"href":"https:\/\/somdepapo.com.br\/portal\/wp-json\/wp\/v2\/types\/post"}],"author":[{"embeddable":true,"href":"https:\/\/somdepapo.com.br\/portal\/wp-json\/wp\/v2\/users\/1"}],"replies":[{"embeddable":true,"href":"https:\/\/somdepapo.com.br\/portal\/wp-json\/wp\/v2\/comments?post=48240"}],"version-history":[{"count":1,"href":"https:\/\/somdepapo.com.br\/portal\/wp-json\/wp\/v2\/posts\/48240\/revisions"}],"predecessor-version":[{"id":48242,"href":"https:\/\/somdepapo.com.br\/portal\/wp-json\/wp\/v2\/posts\/48240\/revisions\/48242"}],"wp:featuredmedia":[{"embeddable":true,"href":"https:\/\/somdepapo.com.br\/portal\/wp-json\/wp\/v2\/media\/48241"}],"wp:attachment":[{"href":"https:\/\/somdepapo.com.br\/portal\/wp-json\/wp\/v2\/media?parent=48240"}],"wp:term":[{"taxonomy":"category","embeddable":true,"href":"https:\/\/somdepapo.com.br\/portal\/wp-json\/wp\/v2\/categories?post=48240"},{"taxonomy":"post_tag","embeddable":true,"href":"https:\/\/somdepapo.com.br\/portal\/wp-json\/wp\/v2\/tags?post=48240"}],"curies":[{"name":"wp","href":"https:\/\/api.w.org\/{rel}","templated":true}]}}