{"id":48345,"date":"2026-04-17T05:03:07","date_gmt":"2026-04-17T08:03:07","guid":{"rendered":"https:\/\/somdepapo.com.br\/portal\/?p=48345"},"modified":"2026-04-15T17:07:56","modified_gmt":"2026-04-15T20:07:56","slug":"apos-o-fim-de-um-relacionamento-nao-cometa-este-erro","status":"publish","type":"post","link":"https:\/\/somdepapo.com.br\/portal\/apos-o-fim-de-um-relacionamento-nao-cometa-este-erro\/","title":{"rendered":"Ap\u00f3s o fim de um relacionamento &#8211; N\u00e3o cometa este erro"},"content":{"rendered":"<p style=\"text-align: right;\">Por Bia Rossatti&nbsp;<\/p>\n<p style=\"text-align: right;\">www.biarossterapeuta.com.br<\/p>\n<p style=\"text-align: right;\">@biarossattiterapeuta&nbsp;<\/p>\n<p style=\"text-align: justify;\">&nbsp;<\/p>\n<p style=\"text-align: justify;\">O fim de um relacionamento raramente termina no momento em que a rela\u00e7\u00e3o acaba. Existe um tempo emocional que n\u00e3o acompanha o tempo dos fatos.<\/p>\n<p style=\"text-align: justify;\">A separa\u00e7\u00e3o acontece. A rotina muda. A vida segue.<\/p>\n<p style=\"text-align: justify;\">Mas, internamente, algo ainda permanece.<\/p>\n<p style=\"text-align: justify;\">Um v\u00ednculo invis\u00edvel.<\/p>\n<p style=\"text-align: justify;\">Uma hist\u00f3ria que insiste em continuar dentro de n\u00f3s.<\/p>\n<p style=\"text-align: justify;\">Uma dor que n\u00e3o se dissolve com a mesma rapidez com que tudo terminou.<\/p>\n<p style=\"text-align: justify;\">O erro silencioso que quase todos cometem diante desse cen\u00e1rio e que poucos percebem \u00e9 \u2013 tentar recome\u00e7ar sem ter se reconstru\u00eddo.<\/p>\n<p style=\"text-align: justify;\">Esse erro aparece de v\u00e1rias formas: tentando ocupar o vazio com distra\u00e7\u00f5es; acelerando o processo emocional muitas vezes se fazendo de forte e n\u00e3o aceitando que a dor do t\u00e9rmino tem o seu pr\u00f3prio tempo; entrando em um novos relacionamentos ou simplesmente evitando sentir<\/p>\n<p style=\"text-align: justify;\">\u00c0 primeira vista, parece que a pessoa est\u00e1 seguindo em frente, mas na pr\u00e1tica, ela apenas mudou de cen\u00e1rio \u2014 n\u00e3o de estado emocional.<\/p>\n<p style=\"text-align: justify;\">&nbsp;<\/p>\n<p style=\"text-align: justify;\">Qual \u00e9 o problema disse: tudo aquilo que n\u00e3o foi elaborado, literalmente se repete!<\/p>\n<p style=\"text-align: justify;\">Quando um relacionamento termina, n\u00e3o levamos apenas lembran\u00e7as, levamos tamb\u00e9m os padr\u00f5es emocionais antigos, as expectativas \u2013 agora frustradas; as feridas n\u00e3o compreendidas e, as formas disfuncionais de nos relacionar que continuam ativas.<\/p>\n<p style=\"text-align: justify;\">E quando isso n\u00e3o \u00e9 olhado, acontece algo silencioso: a hist\u00f3ria muda, mas o padr\u00e3o se repete. \u00c9 por isso que muitas pessoas se veem vivendo rela\u00e7\u00f5es diferentes por\u00e9m&#8230; com dores muito semelhantes.<\/p>\n<p style=\"text-align: justify;\">&nbsp;<\/p>\n<p style=\"text-align: justify;\">O mito do tempo<\/p>\n<p style=\"text-align: justify;\">Existe uma cren\u00e7a muito difundida de que \u201co tempo cura tudo\u201d. Mas a pr\u00e1tica cl\u00ednica mostra outra realidade:<\/p>\n<p style=\"text-align: justify;\">O tempo pode suavizar a dor, mas n\u00e3o necessariamente a transforma.<\/p>\n<p style=\"text-align: justify;\">Porque sem consci\u00eancia, o tempo apenas dist\u00e2ncia \u2014 n\u00e3o resolve e o que realmente transforma \u00e9 o movimento interno de olhar, compreender e ressignificar.<\/p>\n<p style=\"text-align: justify;\">Pois entre o fim e o recome\u00e7o existe um espa\u00e7o importante que n\u00e3o deve ser evitado. Ele deve ser vivido.<\/p>\n<p style=\"text-align: justify;\">\u00c9 nele que acontece algo essencial: a compreens\u00e3o da pr\u00f3pria hist\u00f3ria; o reconhecimento de padr\u00f5es que devem ser revistos ou mesmo jogados fora e, o reencontro com a nossa pr\u00f3pria identidade.<\/p>\n<p style=\"text-align: justify;\">\u00c9 nele que a reconstru\u00e7\u00e3o come\u00e7a.<\/p>\n<p style=\"text-align: justify;\">&nbsp;<\/p>\n<p style=\"text-align: justify;\">Recome\u00e7ar n\u00e3o \u00e9 esquecer<\/p>\n<p style=\"text-align: justify;\">Muitas pessoas acreditam que recome\u00e7ar significa esquecer o outro. Mas recome\u00e7ar n\u00e3o \u00e9 apagar o passado. \u00c9 dar um novo significado a ele.<\/p>\n<p style=\"text-align: justify;\">\u00c9 conseguir olhar para o que foi vivido sem se perder emocionalmente e. de quebra integrar a experi\u00eancia, em vez de neg\u00e1-la.<\/p>\n<p style=\"text-align: justify;\">Recome\u00e7ar de forma saud\u00e1vel exige reconstruir-se \u2013 que \u00e9 voltar para si, compreender o que foi vivido; assumir responsabilidade emocional e, desenvolver uma nova forma de se relacionar \u2013 que pode ser aprendida come\u00e7ando por entender os erros cometidos no relacionamento que levaram a este resultado de fracasso.<\/p>\n<p style=\"text-align: justify;\">Mas isso n\u00e3o apenas com o outro \u2014 conosco mesmo.&nbsp;<\/p>\n<p style=\"text-align: justify;\">Um convite necess\u00e1rio: talvez a pergunta mais importante ap\u00f3s o fim de um relacionamento n\u00e3o seja: Como eu sigo em frente?\u201d<\/p>\n<p style=\"text-align: justify;\">Mas sim: \u201cO que em mim precisa ser compreendido antes de eu recome\u00e7ar?\u201d<\/p>\n<p style=\"text-align: justify;\">Porque quando essa resposta come\u00e7a a surgir, algo muda: a dor deixa de ser apenas sofrimento \u2014 e passa a ser tamb\u00e9m um caminho de consci\u00eancia. Um novo come\u00e7o<\/p>\n<p style=\"text-align: justify;\">Verdade, o fim de um relacionamento pode ser muito doloroso, s\u00f3 que ele pode ser tamb\u00e9m um ponto de virada. N\u00e3o porque a dor desaparece rapidamente. Mas porque ela foi transformada.<\/p>\n<p style=\"text-align: justify;\">E quando isso acontece, o recome\u00e7o deixa de ser uma tentativa de fuga\u2026e passa a verdadeiramente ser uma escolha mais consciente.<\/p>\n<p style=\"text-align: justify;\">&nbsp;<\/p>\n<p style=\"text-align: justify;\">Sobre a autora<\/p>\n<p style=\"text-align: justify;\">Bia Rossatti \u00e9 terapeuta familiar e pesquisadora das rela\u00e7\u00f5es humanas. Atua no acompanhamento de casais em crise e de pessoas que atravessam processos de separa\u00e7\u00e3o e div\u00f3rcio, auxiliando na reconstru\u00e7\u00e3o emocional e no desenvolvimento de rela\u00e7\u00f5es mais conscientes. \u00c9 criadora do projeto A Rota da Cura, dedicado ao autoconhecimento e \u00e0 ressignifica\u00e7\u00e3o das experi\u00eancias afetivas.<\/p>\n<p style=\"text-align: justify;\">www.biarossterapeuta.com.br<\/p>\n<p style=\"text-align: justify;\">@biarossattiterapeuta&nbsp;<\/p>\n<p style=\"text-align: justify;\">&nbsp;<\/p>\n","protected":false},"excerpt":{"rendered":"<p>Por Bia Rossatti&nbsp; www.biarossterapeuta.com.br @biarossattiterapeuta&nbsp; &nbsp; O fim de um relacionamento raramente termina no momento em que a rela\u00e7\u00e3o acaba. Existe um tempo emocional que n\u00e3o acompanha o tempo dos fatos. A separa\u00e7\u00e3o acontece. A rotina muda. A vida segue. Mas, internamente, algo ainda permanece. Um v\u00ednculo invis\u00edvel. Uma hist\u00f3ria que insiste em continuar dentro [&hellip;]<\/p>\n","protected":false},"author":1,"featured_media":48346,"comment_status":"open","ping_status":"open","sticky":false,"template":"","format":"standard","meta":{"ngg_post_thumbnail":0,"footnotes":""},"categories":[2,402,41],"tags":[],"class_list":["post-48345","post","type-post","status-publish","format-standard","has-post-thumbnail","hentry","category-destaques","category-relacionamento-interpessoal","category-ultimasnoticias"],"_links":{"self":[{"href":"https:\/\/somdepapo.com.br\/portal\/wp-json\/wp\/v2\/posts\/48345","targetHints":{"allow":["GET"]}}],"collection":[{"href":"https:\/\/somdepapo.com.br\/portal\/wp-json\/wp\/v2\/posts"}],"about":[{"href":"https:\/\/somdepapo.com.br\/portal\/wp-json\/wp\/v2\/types\/post"}],"author":[{"embeddable":true,"href":"https:\/\/somdepapo.com.br\/portal\/wp-json\/wp\/v2\/users\/1"}],"replies":[{"embeddable":true,"href":"https:\/\/somdepapo.com.br\/portal\/wp-json\/wp\/v2\/comments?post=48345"}],"version-history":[{"count":1,"href":"https:\/\/somdepapo.com.br\/portal\/wp-json\/wp\/v2\/posts\/48345\/revisions"}],"predecessor-version":[{"id":48347,"href":"https:\/\/somdepapo.com.br\/portal\/wp-json\/wp\/v2\/posts\/48345\/revisions\/48347"}],"wp:featuredmedia":[{"embeddable":true,"href":"https:\/\/somdepapo.com.br\/portal\/wp-json\/wp\/v2\/media\/48346"}],"wp:attachment":[{"href":"https:\/\/somdepapo.com.br\/portal\/wp-json\/wp\/v2\/media?parent=48345"}],"wp:term":[{"taxonomy":"category","embeddable":true,"href":"https:\/\/somdepapo.com.br\/portal\/wp-json\/wp\/v2\/categories?post=48345"},{"taxonomy":"post_tag","embeddable":true,"href":"https:\/\/somdepapo.com.br\/portal\/wp-json\/wp\/v2\/tags?post=48345"}],"curies":[{"name":"wp","href":"https:\/\/api.w.org\/{rel}","templated":true}]}}