{"id":48390,"date":"2026-04-17T05:19:55","date_gmt":"2026-04-17T08:19:55","guid":{"rendered":"https:\/\/somdepapo.com.br\/portal\/?p=48390"},"modified":"2026-04-16T17:23:30","modified_gmt":"2026-04-16T20:23:30","slug":"dormir-mal-ou-adoecer-quando-o-cansaco-imita-transtornos-mentais","status":"publish","type":"post","link":"https:\/\/somdepapo.com.br\/portal\/dormir-mal-ou-adoecer-quando-o-cansaco-imita-transtornos-mentais\/","title":{"rendered":"Dormir Mal ou Adoecer? Quando o cansa\u00e7o imita Transtornos Mentais"},"content":{"rendered":"<p style=\"text-align: right;\">Por Jo\u00e3o Costa Bezerra<\/p>\n<p style=\"text-align: right;\">@psi.joaocosta<\/p>\n<p style=\"text-align: justify;\">E a\u00ed, voc\u00ea tem dormido bem ou s\u00f3 est\u00e1 \u201capagando\u201d de exaust\u00e3o?<\/p>\n<p style=\"text-align: justify;\">Em um contexto onde produtividade \u00e9 frequentemente confundida com valor pessoal, o sono acaba sendo tratado como um detalhe. Mas, do ponto de vista psicol\u00f3gico e neurobiol\u00f3gico, ele est\u00e1 longe de ser secund\u00e1rio. Dormir \u00e9 um processo ativo de regula\u00e7\u00e3o emocional, organiza\u00e7\u00e3o cognitiva e manuten\u00e7\u00e3o da sa\u00fade mental.<\/p>\n<p style=\"text-align: justify;\">Durante o sono, o c\u00e9rebro realiza uma esp\u00e9cie de \u201cfaxina\u201d: filtra informa\u00e7\u00f5es irrelevantes, consolida mem\u00f3rias e reorganiza experi\u00eancias emocionais. Esse processo permite que, ao acordar, tenhamos mais clareza para interpretar o mundo e responder \u00e0s demandas do dia a dia.<\/p>\n<p style=\"text-align: justify;\">Quando esse sistema falha, n\u00e3o \u00e9 apenas o corpo que sente. A mente entra em sobrecarga.<\/p>\n<p style=\"text-align: justify;\">Manuais diagn\u00f3sticos e a literatura cl\u00ednica contempor\u00e2nea apontam que altera\u00e7\u00f5es no sono n\u00e3o s\u00e3o apenas sintomas acess\u00f3rios \u2014 elas aparecem como crit\u00e9rios diagn\u00f3sticos, fatores de risco e elementos de manuten\u00e7\u00e3o em diversos transtornos, como depress\u00e3o, ansiedade e transtornos do humor.<\/p>\n<p style=\"text-align: justify;\">Na pr\u00e1tica cl\u00ednica, isso se traduz de forma bastante concreta: pacientes que dormem mal apresentam maior irritabilidade, redu\u00e7\u00e3o da capacidade atencional, preju\u00edzos na mem\u00f3ria e um racioc\u00ednio mais lento. Emo\u00e7\u00f5es tornam-se mais intensas e duradouras, enquanto pensamentos tendem a se tornar mais r\u00edgidos, negativos e autocr\u00edticos.<\/p>\n<p style=\"text-align: justify;\">Na psicoterapia, h\u00e1 uma observa\u00e7\u00e3o recorrente: estados fisiol\u00f3gicos, como a priva\u00e7\u00e3o de sono, influenciam diretamente a forma como a pessoa percebe a si mesma, o outro e o mundo. Um c\u00e9rebro cansado n\u00e3o apenas processa menos, ele interpreta pior.<\/p>\n<p style=\"text-align: justify;\">Isso significa que, diante de uma mesma situa\u00e7\u00e3o, uma pessoa descansada tende a acessar alternativas, relativizar e responder com maior flexibilidade. J\u00e1 uma pessoa privada de sono frequentemente interpreta de forma mais amea\u00e7adora, definitiva e negativa.<\/p>\n<p style=\"text-align: justify;\">N\u00e3o \u00e9 incomum que a priva\u00e7\u00e3o de sono produza sintomas que simulam psicopatologias: desaten\u00e7\u00e3o, esquecimentos, impulsividade, baixa autoestima e instabilidade emocional. Esses sinais, quando mal interpretados, podem refor\u00e7ar cren\u00e7as disfuncionais como \u201ceu n\u00e3o dou conta\u201d, \u201ctem algo errado comigo\u201d ou \u201cestou piorando\u201d.<\/p>\n<p style=\"text-align: justify;\">Cria-se, assim, um ciclo delicado: o indiv\u00edduo dorme mal, passa a funcionar pior, interpreta isso como falha pessoal e aumenta ainda mais sua autocr\u00edtica e ansiedade \u2014 fatores que, por sua vez, prejudicam ainda mais o sono.<\/p>\n<p style=\"text-align: justify;\">O que est\u00e1 em jogo, portanto, n\u00e3o \u00e9 apenas descanso, mas a qualidade da rela\u00e7\u00e3o que a pessoa estabelece consigo mesma.<\/p>\n<p style=\"text-align: justify;\">Talvez a pergunta mais importante n\u00e3o seja \u201co que h\u00e1 de errado comigo?\u201d, mas sim:<\/p>\n<p style=\"text-align: justify;\">quanto do que voc\u00ea tem pensado sobre si mesmo \u00e9, na verdade, o resultado de uma mente que n\u00e3o teve tempo suficiente para se reorganizar?<\/p>\n<p style=\"text-align: justify;\">Dormir n\u00e3o \u00e9 luxo.<\/p>\n<p style=\"text-align: justify;\">\u00c9 condi\u00e7\u00e3o b\u00e1sica para pensar, sentir e existir com mais equil\u00edbrio.<\/p>\n<p style=\"text-align: justify;\">\u2014<\/p>\n<p style=\"text-align: justify;\">Refer\u00eancias<\/p>\n<p style=\"text-align: justify;\">CABELLINO, Lu\u00edza Fricks et al. Priva\u00e7\u00e3o do Sono e Sa\u00fade Mental: Impactos Neurobiol\u00f3gicos e Comportamentais. Brazilian Journal of Implantology and Health Sciences, [s. l.], v. 7, n. 4, p. 660-672, 2025.<\/p>\n<p style=\"text-align: justify;\">MARQUIOLI, Vanessa Souza Fassarela. A influ\u00eancia do sono na mem\u00f3ria e emo\u00e7\u00e3o. 2011. Monografia (Especializa\u00e7\u00e3o em Neuroci\u00eancias) \u2013 Universidade Federal de Minas Gerais, Belo Horizonte, 2011.<\/p>\n<p style=\"text-align: justify;\">Mini curr\u00edculo<\/p>\n<p style=\"text-align: justify;\">Jo\u00e3o Costa Bezerra<\/p>\n<p style=\"text-align: justify;\">Psicoterapeuta especializado em sa\u00fade mental de crian\u00e7as, adolescentes e adultos.<\/p>\n<p style=\"text-align: justify;\">Atuo com TCC, DBT, Terapia do Esquema e Psicologia Anal\u00edtica, ajudando pessoas a desenvolverem regula\u00e7\u00e3o emocional, flexibilidade e autonomia para lidar com seus desafios psicol\u00f3gicos.<\/p>\n<p style=\"text-align: justify;\">Para saber mais entre em contato (11) 98436-1978<\/p>\n<p style=\"text-align: justify;\">@psi.joaocosta<\/p>\n<p style=\"text-align: justify;\">&nbsp;<\/p>\n<p style=\"text-align: justify;\">&nbsp;<\/p>\n","protected":false},"excerpt":{"rendered":"<p>Por Jo\u00e3o Costa Bezerra @psi.joaocosta E a\u00ed, voc\u00ea tem dormido bem ou s\u00f3 est\u00e1 \u201capagando\u201d de exaust\u00e3o? Em um contexto onde produtividade \u00e9 frequentemente confundida com valor pessoal, o sono acaba sendo tratado como um detalhe. Mas, do ponto de vista psicol\u00f3gico e neurobiol\u00f3gico, ele est\u00e1 longe de ser secund\u00e1rio. Dormir \u00e9 um processo ativo [&hellip;]<\/p>\n","protected":false},"author":1,"featured_media":48391,"comment_status":"open","ping_status":"open","sticky":false,"template":"","format":"standard","meta":{"ngg_post_thumbnail":0,"footnotes":""},"categories":[391,2,41],"tags":[],"class_list":["post-48390","post","type-post","status-publish","format-standard","has-post-thumbnail","hentry","category-atencao-psicossocial","category-destaques","category-ultimasnoticias"],"_links":{"self":[{"href":"https:\/\/somdepapo.com.br\/portal\/wp-json\/wp\/v2\/posts\/48390","targetHints":{"allow":["GET"]}}],"collection":[{"href":"https:\/\/somdepapo.com.br\/portal\/wp-json\/wp\/v2\/posts"}],"about":[{"href":"https:\/\/somdepapo.com.br\/portal\/wp-json\/wp\/v2\/types\/post"}],"author":[{"embeddable":true,"href":"https:\/\/somdepapo.com.br\/portal\/wp-json\/wp\/v2\/users\/1"}],"replies":[{"embeddable":true,"href":"https:\/\/somdepapo.com.br\/portal\/wp-json\/wp\/v2\/comments?post=48390"}],"version-history":[{"count":1,"href":"https:\/\/somdepapo.com.br\/portal\/wp-json\/wp\/v2\/posts\/48390\/revisions"}],"predecessor-version":[{"id":48392,"href":"https:\/\/somdepapo.com.br\/portal\/wp-json\/wp\/v2\/posts\/48390\/revisions\/48392"}],"wp:featuredmedia":[{"embeddable":true,"href":"https:\/\/somdepapo.com.br\/portal\/wp-json\/wp\/v2\/media\/48391"}],"wp:attachment":[{"href":"https:\/\/somdepapo.com.br\/portal\/wp-json\/wp\/v2\/media?parent=48390"}],"wp:term":[{"taxonomy":"category","embeddable":true,"href":"https:\/\/somdepapo.com.br\/portal\/wp-json\/wp\/v2\/categories?post=48390"},{"taxonomy":"post_tag","embeddable":true,"href":"https:\/\/somdepapo.com.br\/portal\/wp-json\/wp\/v2\/tags?post=48390"}],"curies":[{"name":"wp","href":"https:\/\/api.w.org\/{rel}","templated":true}]}}