{"id":48461,"date":"2026-04-20T05:36:44","date_gmt":"2026-04-20T08:36:44","guid":{"rendered":"https:\/\/somdepapo.com.br\/portal\/?p=48461"},"modified":"2026-04-18T18:42:32","modified_gmt":"2026-04-18T21:42:32","slug":"o-eco-de-si-mesmo","status":"publish","type":"post","link":"https:\/\/somdepapo.com.br\/portal\/o-eco-de-si-mesmo\/","title":{"rendered":"O eco de si mesmo"},"content":{"rendered":"<p style=\"text-align: right;\">Por Thiago Alves Eduardo &#8211; Psic\u00f3logo<\/p>\n<p style=\"text-align: right;\">@mentecultivada<\/p>\n<p style=\"text-align: justify;\">Em meio \u00e0 pressa cotidiana, conectar-se consigo mesmo tornou-se quase um ato de resist\u00eancia. Somos constantemente atravessados por demandas externas, prazos, expectativas, notifica\u00e7\u00f5es que nos empurram para fora, para o desempenho, para o outro. Nesse movimento, pouco a pouco, vamos nos afastando de um territ\u00f3rio essencial: o nosso pr\u00f3prio mundo interno.<\/p>\n<p style=\"text-align: justify;\">Conectar-se consigo mesmo n\u00e3o \u00e9 um gesto grandioso, nem exige retiros silenciosos ou mudan\u00e7as radicais de vida, trata-se, antes, de um exerc\u00edcio de presen\u00e7a. \u00c9 a capacidade de perceber o que se passa dentro de n\u00f3s enquanto a vida acontece: reconhecer emo\u00e7\u00f5es sem julgamento, escutar pensamentos sem se deixar dominar por eles, e, sobretudo, legitimar a pr\u00f3pria experi\u00eancia.<\/p>\n<p style=\"text-align: justify;\">Muitas vezes, evitamos esse encontro interno. O sil\u00eancio pode ser desconfort\u00e1vel porque revela inquieta\u00e7\u00f5es que preferimos ignorar, h\u00e1 dores n\u00e3o elaboradas, medos antigos, d\u00favidas que insistem em retornar. No entanto, \u00e9 justamente ao nos permitirmos sentir sem fuga imediata que abrimos espa\u00e7o para compreender quem somos de forma mais honesta.<\/p>\n<p style=\"text-align: justify;\">A conex\u00e3o consigo mesmo tamb\u00e9m passa pelo corpo. Em uma cultura que valoriza tanto a mente e a produtividade, esquecemos que o corpo fala o tempo todo. Tens\u00f5es, cansa\u00e7o, respira\u00e7\u00e3o curta tudo isso comunica algo. Aprender a escutar esses sinais \u00e9 uma forma profunda de autocuidado e reconex\u00e3o.<\/p>\n<p style=\"text-align: justify;\">Outro ponto fundamental \u00e9 a gentileza consigo. Somos, com frequ\u00eancia, nossos cr\u00edticos mais severos. Criamos padr\u00f5es inalcan\u00e7\u00e1veis e nos punimos quando n\u00e3o os atingimos. Reconectar-se consigo mesmo implica desenvolver uma postura mais compassiva: reconhecer limites, acolher imperfei\u00e7\u00f5es e entender que estar em constru\u00e7\u00e3o \u00e9 parte da experi\u00eancia humana.<\/p>\n<p style=\"text-align: justify;\">N\u00e3o se trata de encontrar respostas definitivas, mas de sustentar perguntas importantes: \u201cO que estou sentindo agora?\u201d, \u201cDo que eu preciso?\u201d, \u201cIsso faz sentido para mim?\u201d. Essas pequenas pausas de consci\u00eancia podem transformar a maneira como nos relacionamos com n\u00f3s mesmos e com o mundo.<\/p>\n<p style=\"text-align: justify;\">No fim, conectar-se consigo mesmo \u00e9 um caminho, n\u00e3o um destino. \u00c9 um retorno cont\u00ednuo, feito de idas e vindas, de presen\u00e7a e esquecimento. Mas, a cada vez que escolhemos voltar para dentro, fortalecemos um v\u00ednculo essencial que sustenta todas as outras rela\u00e7\u00f5es da nossa vida.<\/p>\n<p style=\"text-align: justify;\">\u201cSou psic\u00f3logo cl\u00ednico e social, refer\u00eancia na minha \u00e1rea de atua\u00e7\u00e3o, com especializa\u00e7\u00e3o;<\/p>\n<p style=\"text-align: justify;\">Terapia Cognitivo-Comportamental, Psicologia Positiva e Sexualidade.<\/p>\n<p style=\"text-align: justify;\">Minha pr\u00e1tica \u00e9 focada em resultados reais: ajudo pessoas e casais a compreenderem<\/p>\n<p style=\"text-align: justify;\">profundamente seus pensamentos, emo\u00e7\u00f5es e comportamentos, promovendo transforma\u00e7\u00e3o,<\/p>\n<p style=\"text-align: justify;\">bem-estar duradouro, prop\u00f3sito de vida e rela\u00e7\u00f5es mais saud\u00e1veis equilibradas.<\/p>\n<p style=\"text-align: justify;\">&nbsp;Com um olhar t\u00e9cnico, humano e estrat\u00e9gico, conduzo cada processo terap\u00eautico de forma<\/p>\n<p style=\"text-align: justify;\">personalizada, respeitando a singularidade de cada hist\u00f3ria.\u201d<\/p>\n<p style=\"text-align: justify;\">&nbsp;<\/p>\n<p style=\"text-align: justify;\">&nbsp;<\/p>\n","protected":false},"excerpt":{"rendered":"<p>Por Thiago Alves Eduardo &#8211; Psic\u00f3logo @mentecultivada Em meio \u00e0 pressa cotidiana, conectar-se consigo mesmo tornou-se quase um ato de resist\u00eancia. Somos constantemente atravessados por demandas externas, prazos, expectativas, notifica\u00e7\u00f5es que nos empurram para fora, para o desempenho, para o outro. Nesse movimento, pouco a pouco, vamos nos afastando de um territ\u00f3rio essencial: o nosso [&hellip;]<\/p>\n","protected":false},"author":1,"featured_media":48463,"comment_status":"open","ping_status":"open","sticky":false,"template":"","format":"standard","meta":{"ngg_post_thumbnail":0,"footnotes":""},"categories":[362,2,41],"tags":[],"class_list":["post-48461","post","type-post","status-publish","format-standard","has-post-thumbnail","hentry","category-bem-estar-comportamento","category-destaques","category-ultimasnoticias"],"_links":{"self":[{"href":"https:\/\/somdepapo.com.br\/portal\/wp-json\/wp\/v2\/posts\/48461","targetHints":{"allow":["GET"]}}],"collection":[{"href":"https:\/\/somdepapo.com.br\/portal\/wp-json\/wp\/v2\/posts"}],"about":[{"href":"https:\/\/somdepapo.com.br\/portal\/wp-json\/wp\/v2\/types\/post"}],"author":[{"embeddable":true,"href":"https:\/\/somdepapo.com.br\/portal\/wp-json\/wp\/v2\/users\/1"}],"replies":[{"embeddable":true,"href":"https:\/\/somdepapo.com.br\/portal\/wp-json\/wp\/v2\/comments?post=48461"}],"version-history":[{"count":1,"href":"https:\/\/somdepapo.com.br\/portal\/wp-json\/wp\/v2\/posts\/48461\/revisions"}],"predecessor-version":[{"id":48462,"href":"https:\/\/somdepapo.com.br\/portal\/wp-json\/wp\/v2\/posts\/48461\/revisions\/48462"}],"wp:featuredmedia":[{"embeddable":true,"href":"https:\/\/somdepapo.com.br\/portal\/wp-json\/wp\/v2\/media\/48463"}],"wp:attachment":[{"href":"https:\/\/somdepapo.com.br\/portal\/wp-json\/wp\/v2\/media?parent=48461"}],"wp:term":[{"taxonomy":"category","embeddable":true,"href":"https:\/\/somdepapo.com.br\/portal\/wp-json\/wp\/v2\/categories?post=48461"},{"taxonomy":"post_tag","embeddable":true,"href":"https:\/\/somdepapo.com.br\/portal\/wp-json\/wp\/v2\/tags?post=48461"}],"curies":[{"name":"wp","href":"https:\/\/api.w.org\/{rel}","templated":true}]}}