{"id":48567,"date":"2026-04-24T06:01:02","date_gmt":"2026-04-24T09:01:02","guid":{"rendered":"https:\/\/somdepapo.com.br\/portal\/?p=48567"},"modified":"2026-04-22T18:05:39","modified_gmt":"2026-04-22T21:05:39","slug":"muitas-pessoas-carregam-feridas-invisiveis-que-nasceram-dentro-de-casa","status":"publish","type":"post","link":"https:\/\/somdepapo.com.br\/portal\/muitas-pessoas-carregam-feridas-invisiveis-que-nasceram-dentro-de-casa\/","title":{"rendered":"Muitas pessoas carregam feridas invis\u00edveis que nasceram dentro de casa"},"content":{"rendered":"<p style=\"text-align: right;\">Por Jos\u00e9 Pereira<\/p>\n<p style=\"text-align: right;\">Terapeuta e Mentor Emocional<\/p>\n<p style=\"text-align: right;\">Especialista em ansiedade.<\/p>\n<p style=\"text-align: right;\">INSTAGRAM.terapeutapereirajp9681<\/p>\n<p style=\"text-align: right;\">\ud83d\udcf116997817439.<\/p>\n<p style=\"text-align: justify;\">Quando a inf\u00e2ncia \u00e9 marcada por brigas, trai\u00e7\u00f5es e pais narcisistas, a crian\u00e7a aprende a sobreviver em meio ao caos. Mas essas marcas n\u00e3o ficam no passado: elas se transformam em ansiedade, inseguran\u00e7a e repeti\u00e7\u00e3o de padr\u00f5es dolorosos nos relacionamentos adultos.<\/p>\n<p style=\"text-align: justify;\">Talvez voc\u00ea j\u00e1 tenha sentido isso na pele: o medo constante, a sensa\u00e7\u00e3o de n\u00e3o ser suficiente, ou o peso de reviver hist\u00f3rias que n\u00e3o escolheu. A verdade \u00e9 que n\u00e3o somos culpados pelo que aconteceu, mas somos respons\u00e1veis por decidir o que faremos com essas dores daqui para frente.<\/p>\n<p style=\"text-align: justify;\">Existe um caminho para quebrar esse ciclo.<\/p>\n<p style=\"text-align: justify;\">Quando voc\u00ea decide olhar para dentro, reconhecer os padr\u00f5es e aprender a se libertar deles, abre espa\u00e7o para uma vida mais leve, saud\u00e1vel e cheia de significado. A transforma\u00e7\u00e3o n\u00e3o acontece da noite para o dia, mas come\u00e7a com um passo de coragem \u2014 o passo de buscar ajuda.<\/p>\n<p style=\"text-align: justify;\">Eu j\u00e1 acompanhei in\u00fameras pessoas que estavam presas em hist\u00f3rias de dor e conseguiram ressignificar suas experi\u00eancias. Elas descobriram que \u00e9 poss\u00edvel transformar sofrimento em for\u00e7a, e ansiedade em equil\u00edbrio.<\/p>\n<p style=\"text-align: justify;\">\ud83d\udc49 Se voc\u00ea sente que chegou a hora de mudar, fale comigo no privado. Juntos, podemos iniciar sua jornada de cura e liberta\u00e7\u00e3o.<\/p>\n<p style=\"text-align: justify;\">&nbsp;<\/p>\n<p style=\"text-align: justify;\">Quem sou eu:<\/p>\n<p style=\"text-align: justify;\">Sou Jos\u00e9, terapeuta e mentor emocional, especialista em ansiedade. Tenho 5 especializa\u00e7\u00f5es em traumas emocionais graves, sou especialista em PNL (Programa\u00e7\u00e3o Neurolingu\u00edstica) e formado em leitura corporal e comportamental. Dediquei mais de 30 anos da minha vida a ajudar pessoas a se libertarem de dores profundas e a encontrarem equil\u00edbrio emocional. Hoje, coloco toda essa experi\u00eancia a servi\u00e7o de quem deseja escrever um novo cap\u00edtulo da sua hist\u00f3ria.<\/p>\n<p style=\"text-align: justify;\">&nbsp;<\/p>\n<p style=\"text-align: justify;\">&nbsp;<\/p>\n","protected":false},"excerpt":{"rendered":"<p>Por Jos\u00e9 Pereira Terapeuta e Mentor Emocional Especialista em ansiedade. INSTAGRAM.terapeutapereirajp9681 \ud83d\udcf116997817439. Quando a inf\u00e2ncia \u00e9 marcada por brigas, trai\u00e7\u00f5es e pais narcisistas, a crian\u00e7a aprende a sobreviver em meio ao caos. Mas essas marcas n\u00e3o ficam no passado: elas se transformam em ansiedade, inseguran\u00e7a e repeti\u00e7\u00e3o de padr\u00f5es dolorosos nos relacionamentos adultos. Talvez voc\u00ea [&hellip;]<\/p>\n","protected":false},"author":1,"featured_media":48568,"comment_status":"open","ping_status":"open","sticky":false,"template":"","format":"standard","meta":{"ngg_post_thumbnail":0,"footnotes":""},"categories":[371,2,41],"tags":[],"class_list":["post-48567","post","type-post","status-publish","format-standard","has-post-thumbnail","hentry","category-ansiedade","category-destaques","category-ultimasnoticias"],"_links":{"self":[{"href":"https:\/\/somdepapo.com.br\/portal\/wp-json\/wp\/v2\/posts\/48567","targetHints":{"allow":["GET"]}}],"collection":[{"href":"https:\/\/somdepapo.com.br\/portal\/wp-json\/wp\/v2\/posts"}],"about":[{"href":"https:\/\/somdepapo.com.br\/portal\/wp-json\/wp\/v2\/types\/post"}],"author":[{"embeddable":true,"href":"https:\/\/somdepapo.com.br\/portal\/wp-json\/wp\/v2\/users\/1"}],"replies":[{"embeddable":true,"href":"https:\/\/somdepapo.com.br\/portal\/wp-json\/wp\/v2\/comments?post=48567"}],"version-history":[{"count":1,"href":"https:\/\/somdepapo.com.br\/portal\/wp-json\/wp\/v2\/posts\/48567\/revisions"}],"predecessor-version":[{"id":48569,"href":"https:\/\/somdepapo.com.br\/portal\/wp-json\/wp\/v2\/posts\/48567\/revisions\/48569"}],"wp:featuredmedia":[{"embeddable":true,"href":"https:\/\/somdepapo.com.br\/portal\/wp-json\/wp\/v2\/media\/48568"}],"wp:attachment":[{"href":"https:\/\/somdepapo.com.br\/portal\/wp-json\/wp\/v2\/media?parent=48567"}],"wp:term":[{"taxonomy":"category","embeddable":true,"href":"https:\/\/somdepapo.com.br\/portal\/wp-json\/wp\/v2\/categories?post=48567"},{"taxonomy":"post_tag","embeddable":true,"href":"https:\/\/somdepapo.com.br\/portal\/wp-json\/wp\/v2\/tags?post=48567"}],"curies":[{"name":"wp","href":"https:\/\/api.w.org\/{rel}","templated":true}]}}