{"id":48577,"date":"2026-04-24T05:20:22","date_gmt":"2026-04-24T08:20:22","guid":{"rendered":"https:\/\/somdepapo.com.br\/portal\/?p=48577"},"modified":"2026-04-23T15:22:05","modified_gmt":"2026-04-23T18:22:05","slug":"imitar-quem-voce-admira-vale-a-pena","status":"publish","type":"post","link":"https:\/\/somdepapo.com.br\/portal\/imitar-quem-voce-admira-vale-a-pena\/","title":{"rendered":"Imitar quem voc\u00ea admira vale a pena?"},"content":{"rendered":"<p style=\"text-align: right;\">Por Jo\u00e3o Costa Bezerra<\/p>\n<p style=\"text-align: right;\">@psi.joaocosta<\/p>\n<p style=\"text-align: justify;\">\u00c9 natural admirar. Desde cedo, aprendemos observando: como falar, agir e reagir. Em muitos casos, nem percebemos, mas partes importantes da nossa forma de ser foram moldadas a partir de pessoas que, em algum momento, representaram for\u00e7a, sucesso, seguran\u00e7a ou at\u00e9 sobreviv\u00eancia emocional.<\/p>\n<p style=\"text-align: justify;\">O ponto \u00e9: n\u00f3s n\u00e3o internalizamos apenas qualidades isoladas. N\u00f3s absorvemos o \u201cpacote completo\u201d.<\/p>\n<p style=\"text-align: justify;\">Ao admirar algu\u00e9m confiante, por exemplo, podemos acabar incorporando tamb\u00e9m a arrog\u00e2ncia. Ao valorizar algu\u00e9m independente, podemos aprender, sem perceber, a nos tornar emocionalmente distantes. Ao enxergar for\u00e7a em algu\u00e9m que nunca demonstra fragilidade, podemos come\u00e7ar a reprimir as pr\u00f3prias emo\u00e7\u00f5es.<\/p>\n<p style=\"text-align: justify;\">O c\u00e9rebro n\u00e3o faz uma curadoria refinada do que copia. Ele aprende por associa\u00e7\u00e3o.<\/p>\n<p style=\"text-align: justify;\">Se aquela pessoa parece \u201cdar certo\u201d na vida, seus comportamentos, mesmo os mais disfuncionais, ganham uma esp\u00e9cie de valida\u00e7\u00e3o impl\u00edcita. E quando esses comportamentos funcionam em algum n\u00edvel (evitam conflitos, geram respeito, d\u00e3o sensa\u00e7\u00e3o de controle), eles se consolidam e se refor\u00e7am.<\/p>\n<p style=\"text-align: justify;\">Com o tempo, aquilo que come\u00e7ou como imita\u00e7\u00e3o vira identidade.<\/p>\n<p style=\"text-align: justify;\">Deixa de ser \u201ceu aprendi isso\u201d e passa a ser \u201ceu sou assim\u201d.<\/p>\n<p style=\"text-align: justify;\">\u00c9 aqui que mora o risco.<\/p>\n<p style=\"text-align: justify;\">Porque, sem revis\u00e3o, passamos a viver guiados por padr\u00f5es que n\u00e3o foram escolhidos, mas herdados.<\/p>\n<p style=\"text-align: justify;\">E nem sempre esses padr\u00f5es nos fazem bem.<\/p>\n<p style=\"text-align: justify;\">O trabalho psicol\u00f3gico n\u00e3o est\u00e1 em evitar a internaliza\u00e7\u00e3o \u2014 isso \u00e9 inevit\u00e1vel. Est\u00e1 em desenvolver a capacidade de revisar, questionar e refinar aquilo que foi aprendido.<\/p>\n<p style=\"text-align: justify;\">Separar o que \u00e9 valor do que \u00e9 distor\u00e7\u00e3o.<\/p>\n<p style=\"text-align: justify;\">Manter a ess\u00eancia, mas mudar a forma.<\/p>\n<p style=\"text-align: justify;\">Ser assertivo, sem ser agressivo.<\/p>\n<p style=\"text-align: justify;\">Ser independente, sem se desconectar.<\/p>\n<p style=\"text-align: justify;\">Ser forte, sem precisar se endurecer.<\/p>\n<p style=\"text-align: justify;\">No fundo, a pergunta mais importante talvez n\u00e3o seja \u201cquem voc\u00ea admira?\u201d, mas:<\/p>\n<p style=\"text-align: justify;\">Voc\u00ea admira a pessoa\u2026<\/p>\n<p style=\"text-align: justify;\">ou o impacto que ela causa?<\/p>\n<p style=\"text-align: justify;\">Porque, muitas vezes, comportamentos t\u00f3xicos n\u00e3o s\u00e3o sinais de for\u00e7a \u2014 s\u00e3o apenas atalhos de efeito.<\/p>\n<p style=\"text-align: justify;\">E viver de atalhos pode custar caro demais quando o objetivo \u00e9 construir uma identidade saud\u00e1vel, flex\u00edvel e consciente.<\/p>\n<p style=\"text-align: justify;\">Refer\u00eancias bibliogr\u00e1ficas<\/p>\n<p style=\"text-align: justify;\">BANDURA, Albert. Aprendizagem social e desenvolvimento da personalidade. S\u00e3o Paulo: Livros T\u00e9cnicos e Cient\u00edficos, 1979.<\/p>\n<p style=\"text-align: justify;\">BECK, Aaron T. Terapia cognitiva e transtornos emocionais. Porto Alegre: Artmed, 1997.<\/p>\n<p style=\"text-align: justify;\">YOUNG, Jeffrey E.; KLOSKO, Janet S.; WEISHAAR, Marjorie E. Terapia do esquema: guia de t\u00e9cnicas cognitivo-comportamentais inovadoras. Porto Alegre: Artmed, 2008.<\/p>\n<p style=\"text-align: justify;\">LINEHAN, Marsha M. Terapia comportamental dial\u00e9tica: guia pr\u00e1tico para o tratamento de transtornos emocionais. Porto Alegre: Artmed, 2010.<\/p>\n<p style=\"text-align: justify;\">Mini curr\u00edculo&nbsp;<\/p>\n<p style=\"text-align: justify;\">Jo\u00e3o Costa Bezerra<\/p>\n<p style=\"text-align: justify;\">Psicoterapeuta especializado em sa\u00fade mental de crian\u00e7as, adolescentes e adultos.<\/p>\n<p style=\"text-align: justify;\">Atua com TCC, DBT, Terapia do Esquema e Psicologia Anal\u00edtica, ajudando pessoas a desenvolverem regula\u00e7\u00e3o emocional, flexibilidade e autonomia para lidar com seus desafios psicol\u00f3gicos.<\/p>\n<p style=\"text-align: justify;\">&nbsp;<\/p>\n<p style=\"text-align: justify;\">Para mais informa\u00e7\u00f5es: (11) 98436-1978<\/p>\n<p style=\"text-align: justify;\">&nbsp;<\/p>\n<p style=\"text-align: justify;\">&nbsp;<\/p>\n","protected":false},"excerpt":{"rendered":"<p>Por Jo\u00e3o Costa Bezerra @psi.joaocosta \u00c9 natural admirar. Desde cedo, aprendemos observando: como falar, agir e reagir. Em muitos casos, nem percebemos, mas partes importantes da nossa forma de ser foram moldadas a partir de pessoas que, em algum momento, representaram for\u00e7a, sucesso, seguran\u00e7a ou at\u00e9 sobreviv\u00eancia emocional. O ponto \u00e9: n\u00f3s n\u00e3o internalizamos apenas [&hellip;]<\/p>\n","protected":false},"author":1,"featured_media":48578,"comment_status":"open","ping_status":"open","sticky":false,"template":"","format":"standard","meta":{"ngg_post_thumbnail":0,"footnotes":""},"categories":[391,2,41],"tags":[],"class_list":["post-48577","post","type-post","status-publish","format-standard","has-post-thumbnail","hentry","category-atencao-psicossocial","category-destaques","category-ultimasnoticias"],"_links":{"self":[{"href":"https:\/\/somdepapo.com.br\/portal\/wp-json\/wp\/v2\/posts\/48577","targetHints":{"allow":["GET"]}}],"collection":[{"href":"https:\/\/somdepapo.com.br\/portal\/wp-json\/wp\/v2\/posts"}],"about":[{"href":"https:\/\/somdepapo.com.br\/portal\/wp-json\/wp\/v2\/types\/post"}],"author":[{"embeddable":true,"href":"https:\/\/somdepapo.com.br\/portal\/wp-json\/wp\/v2\/users\/1"}],"replies":[{"embeddable":true,"href":"https:\/\/somdepapo.com.br\/portal\/wp-json\/wp\/v2\/comments?post=48577"}],"version-history":[{"count":1,"href":"https:\/\/somdepapo.com.br\/portal\/wp-json\/wp\/v2\/posts\/48577\/revisions"}],"predecessor-version":[{"id":48579,"href":"https:\/\/somdepapo.com.br\/portal\/wp-json\/wp\/v2\/posts\/48577\/revisions\/48579"}],"wp:featuredmedia":[{"embeddable":true,"href":"https:\/\/somdepapo.com.br\/portal\/wp-json\/wp\/v2\/media\/48578"}],"wp:attachment":[{"href":"https:\/\/somdepapo.com.br\/portal\/wp-json\/wp\/v2\/media?parent=48577"}],"wp:term":[{"taxonomy":"category","embeddable":true,"href":"https:\/\/somdepapo.com.br\/portal\/wp-json\/wp\/v2\/categories?post=48577"},{"taxonomy":"post_tag","embeddable":true,"href":"https:\/\/somdepapo.com.br\/portal\/wp-json\/wp\/v2\/tags?post=48577"}],"curies":[{"name":"wp","href":"https:\/\/api.w.org\/{rel}","templated":true}]}}