{"id":48587,"date":"2026-04-24T08:27:39","date_gmt":"2026-04-24T11:27:39","guid":{"rendered":"https:\/\/somdepapo.com.br\/portal\/?p=48587"},"modified":"2026-04-24T08:27:39","modified_gmt":"2026-04-24T11:27:39","slug":"vale-a-pena-se-diminuir","status":"publish","type":"post","link":"https:\/\/somdepapo.com.br\/portal\/vale-a-pena-se-diminuir\/","title":{"rendered":"Vale a pena se diminuir?"},"content":{"rendered":"<p style=\"text-align: right;\">Por Daniela Gurgel<\/p>\n<p style=\"text-align: right;\">@danigurgel.psicana8listaigsh<\/p>\n<p style=\"text-align: justify;\">&nbsp; &nbsp; &nbsp; &nbsp; &nbsp; &nbsp; &nbsp;&nbsp;<\/p>\n<p style=\"text-align: justify;\">&nbsp; &nbsp; &nbsp;At\u00e9 onde vale a pena se diminuir para caber no mundo de algu\u00e9m?<\/p>\n<p style=\"text-align: justify;\">&nbsp;A pergunta parece ser simples de se responder, mas carrega muito significado e relev\u00e2ncia.<\/p>\n<p style=\"text-align: justify;\">&nbsp;As rela\u00e7\u00f5es sociais e at\u00e9 mesmo familiares muita das vezes nos obriga a adotarmos comportamentos onde possamos estar sempre dispon\u00edveis e a servi\u00e7o do outro. E a\u00ed come\u00e7a o processo de desconex\u00e3o interior, sustentados por moldes que nem sempre combinam conosco, mas que adotamos com o objetivo de nos sentirmos amados, aceitos ou simplesmente acompanhados, mesmo que seja s\u00f3 fisicamente.&nbsp;<\/p>\n<p style=\"text-align: justify;\">&nbsp;Para encaixar no espa\u00e7o do outro, come\u00e7amos a nos silenciar. Evitamos conflitos, paramos de demonstrar nossos desejos e simplesmente vamos nos anulando ao ponto de n\u00e3o saber mais quem somos para n\u00e3o desagradar o outro. A busca pelo reconhecimento e o pertencimento, passa a ser constante ao ponto de sentirmos necessidade de nos adaptarmos o tempo todo.&nbsp;&nbsp;<\/p>\n<p style=\"text-align: justify;\">&nbsp;Mas em que ponto a concess\u00e3o se transforma em anula\u00e7\u00e3o? Para a psican\u00e1lise h\u00e1 uma grande diferen\u00e7a entre ceder e se anular. Quando para ser aceito depende de voc\u00ea deixar de ser quem \u00e9, o sofrimento come\u00e7a a se instalar gerando assim um custo ps\u00edquico, um desgaste emocional.<\/p>\n<p style=\"text-align: justify;\">&nbsp;Quando voc\u00ea come\u00e7a a se diminuir para caber no mundo de algu\u00e9m, mostra que h\u00e1 algo na rela\u00e7\u00e3o, que n\u00e3o est\u00e1 em harmonia.&nbsp;<\/p>\n<p style=\"text-align: justify;\">&nbsp;Para a psican\u00e1lise n\u00e3o h\u00e1 necessidade de romper com o outro para que voc\u00ea volte a ser quem voc\u00ea \u00e9, mas se posicionar de forma aut\u00f4noma saindo de um espa\u00e7o de adapta\u00e7\u00e3o para um espa\u00e7o de presen\u00e7a \u00e9 fundamental.<\/p>\n<p style=\"text-align: justify;\">&nbsp;A confian\u00e7a e a coragem de ser aut\u00eantico, s\u00e3o bases para o amor- pr\u00f3prio e a aceita\u00e7\u00e3o. Quem realmente escolhe caminhar ao seu lado n\u00e3o vai exigir vers\u00f5es reduzidas de voc\u00ea, mas reconhece e admira sua ess\u00eancia por inteiro. Os v\u00ednculos n\u00e3o devem ser espa\u00e7os de anula\u00e7\u00e3o, mas sim de parceria e crescimento.<\/p>\n<p style=\"text-align: justify;\">&nbsp;Busque estar com quem te fortalece e te estimula a crescer cada vez mais, te encorajando a existir de verdade.<\/p>\n<p style=\"text-align: justify;\">&nbsp;A vida \u00e9 curta demais para voc\u00ea ficar se encolhendo para existir!<\/p>\n<p style=\"text-align: justify;\">&nbsp;<\/p>\n","protected":false},"excerpt":{"rendered":"<p>Por Daniela Gurgel @danigurgel.psicana8listaigsh &nbsp; &nbsp; &nbsp; &nbsp; &nbsp; &nbsp; &nbsp;&nbsp; &nbsp; &nbsp; &nbsp;At\u00e9 onde vale a pena se diminuir para caber no mundo de algu\u00e9m? &nbsp;A pergunta parece ser simples de se responder, mas carrega muito significado e relev\u00e2ncia. &nbsp;As rela\u00e7\u00f5es sociais e at\u00e9 mesmo familiares muita das vezes nos obriga a adotarmos comportamentos [&hellip;]<\/p>\n","protected":false},"author":1,"featured_media":48588,"comment_status":"open","ping_status":"open","sticky":false,"template":"","format":"standard","meta":{"ngg_post_thumbnail":0,"footnotes":""},"categories":[2,409,41],"tags":[],"class_list":["post-48587","post","type-post","status-publish","format-standard","has-post-thumbnail","hentry","category-destaques","category-reconexao-psicanalitica","category-ultimasnoticias"],"_links":{"self":[{"href":"https:\/\/somdepapo.com.br\/portal\/wp-json\/wp\/v2\/posts\/48587","targetHints":{"allow":["GET"]}}],"collection":[{"href":"https:\/\/somdepapo.com.br\/portal\/wp-json\/wp\/v2\/posts"}],"about":[{"href":"https:\/\/somdepapo.com.br\/portal\/wp-json\/wp\/v2\/types\/post"}],"author":[{"embeddable":true,"href":"https:\/\/somdepapo.com.br\/portal\/wp-json\/wp\/v2\/users\/1"}],"replies":[{"embeddable":true,"href":"https:\/\/somdepapo.com.br\/portal\/wp-json\/wp\/v2\/comments?post=48587"}],"version-history":[{"count":1,"href":"https:\/\/somdepapo.com.br\/portal\/wp-json\/wp\/v2\/posts\/48587\/revisions"}],"predecessor-version":[{"id":48589,"href":"https:\/\/somdepapo.com.br\/portal\/wp-json\/wp\/v2\/posts\/48587\/revisions\/48589"}],"wp:featuredmedia":[{"embeddable":true,"href":"https:\/\/somdepapo.com.br\/portal\/wp-json\/wp\/v2\/media\/48588"}],"wp:attachment":[{"href":"https:\/\/somdepapo.com.br\/portal\/wp-json\/wp\/v2\/media?parent=48587"}],"wp:term":[{"taxonomy":"category","embeddable":true,"href":"https:\/\/somdepapo.com.br\/portal\/wp-json\/wp\/v2\/categories?post=48587"},{"taxonomy":"post_tag","embeddable":true,"href":"https:\/\/somdepapo.com.br\/portal\/wp-json\/wp\/v2\/tags?post=48587"}],"curies":[{"name":"wp","href":"https:\/\/api.w.org\/{rel}","templated":true}]}}