{"id":48593,"date":"2026-04-29T05:16:59","date_gmt":"2026-04-29T08:16:59","guid":{"rendered":"https:\/\/somdepapo.com.br\/portal\/?p=48593"},"modified":"2026-04-24T13:19:18","modified_gmt":"2026-04-24T16:19:18","slug":"salario-maternidade-com-uma-unica-contribuicao-como-funciona-na-pratica","status":"publish","type":"post","link":"https:\/\/somdepapo.com.br\/portal\/salario-maternidade-com-uma-unica-contribuicao-como-funciona-na-pratica\/","title":{"rendered":"Sal\u00e1rio-Maternidade com uma \u00fanica contribui\u00e7\u00e3o: como funciona na pr\u00e1tica"},"content":{"rendered":"<p style=\"text-align: right;\">Por Dr Nemezio Vasconcelos&nbsp;<\/p>\n<p style=\"text-align: justify;\">O sal\u00e1rio-maternidade \u00e9 um dos benef\u00edcios mais importantes da Previd\u00eancia Social, garantindo prote\u00e7\u00e3o \u00e0 mulher em um momento de grande impacto pessoal e financeiro. Administrado pelo Instituto Nacional do Seguro Social, o benef\u00edcio possui regras espec\u00edficas, mas, nos \u00faltimos anos, uma tese tem ganhado destaque: a possibilidade de concess\u00e3o com apenas uma contribui\u00e7\u00e3o.<\/p>\n<p style=\"text-align: justify;\">Mas afinal, isso \u00e9 realmente poss\u00edvel?<\/p>\n<p style=\"text-align: justify;\">A regra legal: ainda existe car\u00eancia<\/p>\n<p style=\"text-align: justify;\">A legisla\u00e7\u00e3o previdenci\u00e1ria continua prevendo que:<\/p>\n<p style=\"text-align: justify;\">seguradas empregadas, dom\u00e9sticas e avulsas n\u00e3o precisam cumprir car\u00eancia;<\/p>\n<p style=\"text-align: justify;\">j\u00e1 as contribuintes individuais e facultativas devem comprovar, em regra, 10 contribui\u00e7\u00f5es mensais.<\/p>\n<p style=\"text-align: justify;\">Ou seja, pela leitura da lei, n\u00e3o houve mudan\u00e7a: a car\u00eancia m\u00ednima permanece exigida.<\/p>\n<p style=\"text-align: justify;\">A virada na pr\u00e1tica: contribui\u00e7\u00e3o \u00fanica<\/p>\n<p style=\"text-align: justify;\">Apesar da regra legal, a pr\u00e1tica administrativa e judicial evoluiu.<\/p>\n<p style=\"text-align: justify;\">Hoje, \u00e9 poss\u00edvel encontrar situa\u00e7\u00f5es em que o pr\u00f3prio INSS concede sal\u00e1rio-maternidade com apenas uma contribui\u00e7\u00e3o, especialmente quando:<\/p>\n<p style=\"text-align: justify;\">a contribui\u00e7\u00e3o \u00e9 feita pr\u00f3xima ao parto;<\/p>\n<p style=\"text-align: justify;\">aplica-se o chamado per\u00edodo de gra\u00e7a.<\/p>\n<p style=\"text-align: justify;\">Nesses casos, a contribui\u00e7\u00e3o \u00fanica funciona como um marco de reativa\u00e7\u00e3o do v\u00ednculo previdenci\u00e1rio.<\/p>\n<p style=\"text-align: justify;\">O fundamento dessa flexibiliza\u00e7\u00e3o<\/p>\n<p style=\"text-align: justify;\">Essa interpreta\u00e7\u00e3o n\u00e3o surgiu por acaso. Ela se apoia em pilares constitucionais relevantes, como:<\/p>\n<p style=\"text-align: justify;\">prote\u00e7\u00e3o \u00e0 maternidade;<\/p>\n<p style=\"text-align: justify;\">dignidade da pessoa humana;<\/p>\n<p style=\"text-align: justify;\">fun\u00e7\u00e3o social da Previd\u00eancia.<\/p>\n<p style=\"text-align: justify;\">A ideia central \u00e9 evitar que exig\u00eancias formais impe\u00e7am o acesso a um benef\u00edcio essencial em um momento de vulnerabilidade.<\/p>\n<p style=\"text-align: justify;\">Aten\u00e7\u00e3o: n\u00e3o \u00e9 autom\u00e1tico<\/p>\n<p style=\"text-align: justify;\">Aqui est\u00e1 o ponto mais importante \u2014 e onde muitos se equivocam:<\/p>\n<p style=\"text-align: justify;\">N\u00e3o basta simplesmente pagar uma contribui\u00e7\u00e3o para ter direito ao sal\u00e1rio-maternidade.<\/p>\n<p style=\"text-align: justify;\">O INSS analisa o caso concreto, levando em considera\u00e7\u00e3o:<\/p>\n<p style=\"text-align: justify;\">a qualidade de segurado no momento do parto;<\/p>\n<p style=\"text-align: justify;\">o hist\u00f3rico contributivo;<\/p>\n<p style=\"text-align: justify;\">o tempo sem contribuir antes da nova filia\u00e7\u00e3o.<\/p>\n<p style=\"text-align: justify;\">Se a segurada ficou muitos anos sem contribuir e faz apenas um pagamento isolado, as chances de indeferimento aumentam significativamente.<\/p>\n<p style=\"text-align: justify;\">Qualidade de segurado: o fator decisivo<\/p>\n<p style=\"text-align: justify;\">Na pr\u00e1tica, o elemento central n\u00e3o \u00e9 a quantidade de contribui\u00e7\u00f5es, mas sim a qualidade de segurado.<\/p>\n<p style=\"text-align: justify;\">O sistema previdenci\u00e1rio permite que essa qualidade seja mantida mesmo sem contribui\u00e7\u00f5es por determinado per\u00edodo (per\u00edodo de gra\u00e7a). Assim, uma \u00fanica contribui\u00e7\u00e3o pode ser suficiente quando:<\/p>\n<p style=\"text-align: justify;\">n\u00e3o houve perda definitiva do v\u00ednculo;<\/p>\n<p style=\"text-align: justify;\">ou quando o retorno ao sistema ocorre de forma juridicamente v\u00e1lida.<\/p>\n<p style=\"text-align: justify;\">Conclus\u00e3o<\/p>\n<p style=\"text-align: justify;\">A chamada \u201ctese da contribui\u00e7\u00e3o \u00fanica\u201d \u00e9 uma realidade \u2014 mas precisa ser compreendida corretamente.<\/p>\n<p style=\"text-align: justify;\">O cen\u00e1rio atual pode ser resumido da seguinte forma:<\/p>\n<p style=\"text-align: justify;\">a lei ainda exige car\u00eancia de 10 contribui\u00e7\u00f5es;<\/p>\n<p style=\"text-align: justify;\">o INSS, na pr\u00e1tica, admite flexibiliza\u00e7\u00f5es;<\/p>\n<p style=\"text-align: justify;\">a concess\u00e3o com uma \u00fanica contribui\u00e7\u00e3o depende do caso concreto.<\/p>\n<p style=\"text-align: justify;\">Portanto, n\u00e3o se trata de um direito autom\u00e1tico, mas de uma possibilidade jur\u00eddica real, que exige an\u00e1lise t\u00e9cnica cuidadosa.<\/p>\n<p style=\"text-align: justify;\">&nbsp;<\/p>\n<p style=\"text-align: justify;\">&nbsp;<\/p>\n<p style=\"text-align: justify;\">&nbsp;<\/p>\n","protected":false},"excerpt":{"rendered":"<p>Por Dr Nemezio Vasconcelos&nbsp; O sal\u00e1rio-maternidade \u00e9 um dos benef\u00edcios mais importantes da Previd\u00eancia Social, garantindo prote\u00e7\u00e3o \u00e0 mulher em um momento de grande impacto pessoal e financeiro. Administrado pelo Instituto Nacional do Seguro Social, o benef\u00edcio possui regras espec\u00edficas, mas, nos \u00faltimos anos, uma tese tem ganhado destaque: a possibilidade de concess\u00e3o com apenas [&hellip;]<\/p>\n","protected":false},"author":1,"featured_media":48594,"comment_status":"open","ping_status":"open","sticky":false,"template":"","format":"standard","meta":{"ngg_post_thumbnail":0,"footnotes":""},"categories":[2,389,41],"tags":[],"class_list":["post-48593","post","type-post","status-publish","format-standard","has-post-thumbnail","hentry","category-destaques","category-direito-previdenciario","category-ultimasnoticias"],"_links":{"self":[{"href":"https:\/\/somdepapo.com.br\/portal\/wp-json\/wp\/v2\/posts\/48593","targetHints":{"allow":["GET"]}}],"collection":[{"href":"https:\/\/somdepapo.com.br\/portal\/wp-json\/wp\/v2\/posts"}],"about":[{"href":"https:\/\/somdepapo.com.br\/portal\/wp-json\/wp\/v2\/types\/post"}],"author":[{"embeddable":true,"href":"https:\/\/somdepapo.com.br\/portal\/wp-json\/wp\/v2\/users\/1"}],"replies":[{"embeddable":true,"href":"https:\/\/somdepapo.com.br\/portal\/wp-json\/wp\/v2\/comments?post=48593"}],"version-history":[{"count":1,"href":"https:\/\/somdepapo.com.br\/portal\/wp-json\/wp\/v2\/posts\/48593\/revisions"}],"predecessor-version":[{"id":48595,"href":"https:\/\/somdepapo.com.br\/portal\/wp-json\/wp\/v2\/posts\/48593\/revisions\/48595"}],"wp:featuredmedia":[{"embeddable":true,"href":"https:\/\/somdepapo.com.br\/portal\/wp-json\/wp\/v2\/media\/48594"}],"wp:attachment":[{"href":"https:\/\/somdepapo.com.br\/portal\/wp-json\/wp\/v2\/media?parent=48593"}],"wp:term":[{"taxonomy":"category","embeddable":true,"href":"https:\/\/somdepapo.com.br\/portal\/wp-json\/wp\/v2\/categories?post=48593"},{"taxonomy":"post_tag","embeddable":true,"href":"https:\/\/somdepapo.com.br\/portal\/wp-json\/wp\/v2\/tags?post=48593"}],"curies":[{"name":"wp","href":"https:\/\/api.w.org\/{rel}","templated":true}]}}