{"id":48602,"date":"2026-04-27T05:39:15","date_gmt":"2026-04-27T08:39:15","guid":{"rendered":"https:\/\/somdepapo.com.br\/portal\/?p=48602"},"modified":"2026-04-24T15:43:41","modified_gmt":"2026-04-24T18:43:41","slug":"o-preco-da-saude-instagramavel","status":"publish","type":"post","link":"https:\/\/somdepapo.com.br\/portal\/o-preco-da-saude-instagramavel\/","title":{"rendered":"O pre\u00e7o da &#8220;sa\u00fade instagram\u00e1vel&#8221;"},"content":{"rendered":"<p style=\"text-align: right;\">Por Kamila Gimenes<\/p>\n<p style=\"text-align: right;\">@dra.kamilagimenes<\/p>\n<p style=\"text-align: justify;\">Nos dias atuais, vivemos um paradoxo curioso: muitos falam sobre sa\u00fade, mas poucos, realmente, compreendem sobre ela.<\/p>\n<p style=\"text-align: justify;\">As redes sociais transformaram o cuidado com o corpo em vitrine. Rotinas de treino extenuantes, desafios de alta intensidade, jejuns prolongados associados a exerc\u00edcios vigorosos e a est\u00e9tica do sofrimento, passaram a ser vendidos como s\u00edmbolos de disciplina e sucesso. A mensagem impl\u00edcita \u00e9 sedutora: quanto mais extremo, melhor. Quanto mais suor, mais resultado. Quanto mais dor, mais m\u00e9rito.<\/p>\n<p style=\"text-align: justify;\">Mas o organismo humano n\u00e3o funciona sob essa l\u00f3gica simplista.<\/p>\n<p style=\"text-align: justify;\">Do ponto de vista da gen\u00e9tica e do metabolismo, existe uma variabilidade enorme na forma como cada indiv\u00edduo responde ao exerc\u00edcio f\u00edsico. Polimorfismos gen\u00e9ticos influenciam desde a capacidade aer\u00f3bica at\u00e9 a recupera\u00e7\u00e3o muscular, passando pela resposta inflamat\u00f3ria e pela efici\u00eancia energ\u00e9tica celular. Em termos pr\u00e1ticos, isso significa que o treino que potencializa um indiv\u00edduo pode esgotar outro.<\/p>\n<p style=\"text-align: justify;\">H\u00e1 pessoas com maior densidade mitocondrial, melhor capacidade oxidativa e uma resposta hormonal mais adaptativa ao estresse f\u00edsico. Essas conseguem tolerar volumes maiores de treino com menor custo fisiol\u00f3gico. Outras, por\u00e9m, apresentam maior suscetibilidade ao ac\u00famulo de fadiga, maior resposta inflamat\u00f3ria e recupera\u00e7\u00e3o mais lenta. Quando essas diferen\u00e7as s\u00e3o ignoradas, o resultado deixa de ser evolu\u00e7\u00e3o e passa a ser desgaste.<\/p>\n<p style=\"text-align: justify;\">E \u00e9 exatamente isso que observamos com frequ\u00eancia crescente.<\/p>\n<p style=\"text-align: justify;\">O excesso de exerc\u00edcio, especialmente quando dissociado de recupera\u00e7\u00e3o adequada, configura um estado de estresse fisiol\u00f3gico cr\u00f4nico. O aumento persistente de cortisol, a sobrecarga do sistema nervoso aut\u00f4nomo e a inflama\u00e7\u00e3o de baixo grau criam um ambiente metab\u00f3lico desfavor\u00e1vel. Em vez de melhorar a composi\u00e7\u00e3o corporal, o organismo entra em modo de preserva\u00e7\u00e3o.<\/p>\n<p style=\"text-align: justify;\">Paradoxalmente, indiv\u00edduos submetidos a treinos intensos e frequentes sem o devido descanso podem apresentar piora da sensibilidade \u00e0 insulina, maior dificuldade na perda de gordura e at\u00e9 redu\u00e7\u00e3o de massa magra. Em condi\u00e7\u00f5es ideais, o exerc\u00edcio melhora a sensibilidade \u00e0 insulina, mas quando voc\u00ea empilha alta intensidade, alto volume e uma recupera\u00e7\u00e3o insuficiente, o corpo sai de um estado adaptativo e entra em um estado de estresse cr\u00f4nico.<\/p>\n<p style=\"text-align: justify;\">Ou seja: o organismo interpreta aquele cen\u00e1rio como amea\u00e7a, n\u00e3o como est\u00edmulo saud\u00e1vel. A performance permanece estagnada, o humor oscila, o sono perde qualidade.&nbsp;<\/p>\n<p style=\"text-align: justify;\">No caso das mulheres, os efeitos podem ser ainda mais acentuados. A combina\u00e7\u00e3o de alto volume de treino com baixa disponibilidade energ\u00e9tica impacta diretamente o eixo hipot\u00e1lamo-hip\u00f3fise-gonadal. Irregularidades menstruais, amenorreia e altera\u00e7\u00f5es hormonais passam a ser comuns e s\u00e3o sinais claros de que o organismo est\u00e1 priorizando sobreviv\u00eancia e n\u00e3o performance.<\/p>\n<p style=\"text-align: justify;\">Existe hoje uma cultura que normaliza o cansa\u00e7o extremo, a dor constante e a exaust\u00e3o como parte obrigat\u00f3ria de um estilo de vida saud\u00e1vel e isso n\u00e3o \u00e9 apenas um equ\u00edvoco, \u00e9 um risco.<\/p>\n<p style=\"text-align: justify;\">Parte desse cen\u00e1rio se explica pela prolifera\u00e7\u00e3o de \u201cespecialistas\u201d nas redes sociais. Nunca foi t\u00e3o f\u00e1cil conquistar autoridade aparente. Um f\u00edsico bem trabalhado, v\u00eddeos din\u00e2micos e frases de impacto bastam para construir uma audi\u00eancia. No entanto, est\u00e9tica n\u00e3o \u00e9 sin\u00f4nimo de conhecimento. E experi\u00eancia pessoal, por mais v\u00e1lida que seja, n\u00e3o substitui forma\u00e7\u00e3o t\u00e9cnica.<\/p>\n<p style=\"text-align: justify;\">Prescri\u00e7\u00e3o de exerc\u00edcio \u00e9 ci\u00eancia. Envolve compreens\u00e3o de fisiologia, bioqu\u00edmica, biomec\u00e2nica, individualidade biol\u00f3gica e contexto cl\u00ednico. N\u00e3o pode ser reduzida a f\u00f3rmulas prontas replic\u00e1veis em massa.<\/p>\n<p style=\"text-align: justify;\">Quando recomenda\u00e7\u00f5es generalistas s\u00e3o aplicadas indiscriminadamente, o que se perde \u00e9 justamente o princ\u00edpio mais b\u00e1sico da boa pr\u00e1tica em sa\u00fade: a individualiza\u00e7\u00e3o.<\/p>\n<p style=\"text-align: justify;\">O corpo humano responde a est\u00edmulos, mas responde melhor quando esses est\u00edmulos s\u00e3o adequados. Existe uma dose ideal entre est\u00edmulo e recupera\u00e7\u00e3o. Abaixo dela, n\u00e3o h\u00e1 progresso. Acima dela, h\u00e1 regress\u00e3o.<\/p>\n<p style=\"text-align: justify;\">E esse limite n\u00e3o \u00e9 determinado por tend\u00eancias de internet.<\/p>\n<p style=\"text-align: justify;\">A boa pr\u00e1tica de exerc\u00edcios f\u00edsicos sempre valorizou consist\u00eancia, progress\u00e3o gradual e respeito aos sinais do corpo. N\u00e3o h\u00e1 atalhos fisiol\u00f3gicos. O que existe \u00e9 adapta\u00e7\u00e3o, e adapta\u00e7\u00e3o exige tempo.<\/p>\n<p style=\"text-align: justify;\">Treinar bem continua sendo mais eficaz do que treinar muito. Recuperar-se adequadamente continua sendo parte essencial do processo. Dormir bem, alimentar-se de forma coerente e respeitar per\u00edodos de descanso n\u00e3o s\u00e3o sinais de fraqueza, s\u00e3o estrat\u00e9gias inteligentes.<\/p>\n<p style=\"text-align: justify;\">Talvez o maior desafio atual n\u00e3o seja a falta de informa\u00e7\u00e3o, mas o excesso de ru\u00eddo. Em meio a tantas vozes, muitas vezes perde-se o essencial.<\/p>\n<p style=\"text-align: justify;\">Sa\u00fade n\u00e3o precisa ser extrema para ser eficaz. N\u00e3o precisa ser exibida para ser validada. E, definitivamente, n\u00e3o pode ser conduzida com base em modismos.<\/p>\n<p style=\"text-align: justify;\">No fim, o corpo humano segue operando sob as mesmas leis: est\u00edmulo em dose certa e repouso. A diferen\u00e7a \u00e9 que, agora, muita gente resolveu ignor\u00e1-las em busca de resultados nem sempre melhores, mas sempre \u201cinstagram\u00e1veis\u201d. E a fisiologia segue seu curso, ajustando, compensando e, inevitavelmente, cobrando o pre\u00e7o dos excessos.&nbsp;<\/p>\n<p style=\"text-align: justify;\">&nbsp;<\/p>\n<p style=\"text-align: justify;\">&nbsp;<\/p>\n<p style=\"text-align: justify;\">&nbsp;<\/p>\n<p style=\"text-align: justify;\">&nbsp;<\/p>\n<p style=\"text-align: justify;\">Kamila Gimenes \u00e9 m\u00e9dica, graduada pela Universidade de Caxias do Sul, com p\u00f3s-gradua\u00e7\u00e3o em Nutrologia pela Associa\u00e7\u00e3o Brasileira de Nutrologia (ABRAN), p\u00f3s-graduanda em Medicina do Exerc\u00edc\u00edo e do Esporte. Possui forma\u00e7\u00e3o complementar em doen\u00e7as relacionadas ao envelhecimento. Atual com enfoque em medicina metab\u00f3lica, com capacita\u00e7\u00e3o em metabol\u00f4mica e bioqu\u00edmica cl\u00ednica.<\/p>\n<p style=\"text-align: justify;\">kamilagimenes@hotmail.com<\/p>\n<p style=\"text-align: justify;\">Cl\u00ednica Integrare \u2013 Erechim\/RS<\/p>\n<p style=\"text-align: justify;\">Agendamento de consultas (54)98118-0095<\/p>\n<p style=\"text-align: justify;\">Palestras e mentorias para profissionais da \u00e1rea da sa\u00fade (54)98121-9080<\/p>\n<p style=\"text-align: justify;\">&nbsp;<\/p>\n<p style=\"text-align: justify;\">&nbsp;<\/p>\n","protected":false},"excerpt":{"rendered":"<p>Por Kamila Gimenes @dra.kamilagimenes Nos dias atuais, vivemos um paradoxo curioso: muitos falam sobre sa\u00fade, mas poucos, realmente, compreendem sobre ela. As redes sociais transformaram o cuidado com o corpo em vitrine. Rotinas de treino extenuantes, desafios de alta intensidade, jejuns prolongados associados a exerc\u00edcios vigorosos e a est\u00e9tica do sofrimento, passaram a ser vendidos [&hellip;]<\/p>\n","protected":false},"author":1,"featured_media":48603,"comment_status":"open","ping_status":"open","sticky":false,"template":"","format":"standard","meta":{"ngg_post_thumbnail":0,"footnotes":""},"categories":[2,396,41],"tags":[],"class_list":["post-48602","post","type-post","status-publish","format-standard","has-post-thumbnail","hentry","category-destaques","category-genetica-e-metabolismo","category-ultimasnoticias"],"_links":{"self":[{"href":"https:\/\/somdepapo.com.br\/portal\/wp-json\/wp\/v2\/posts\/48602","targetHints":{"allow":["GET"]}}],"collection":[{"href":"https:\/\/somdepapo.com.br\/portal\/wp-json\/wp\/v2\/posts"}],"about":[{"href":"https:\/\/somdepapo.com.br\/portal\/wp-json\/wp\/v2\/types\/post"}],"author":[{"embeddable":true,"href":"https:\/\/somdepapo.com.br\/portal\/wp-json\/wp\/v2\/users\/1"}],"replies":[{"embeddable":true,"href":"https:\/\/somdepapo.com.br\/portal\/wp-json\/wp\/v2\/comments?post=48602"}],"version-history":[{"count":1,"href":"https:\/\/somdepapo.com.br\/portal\/wp-json\/wp\/v2\/posts\/48602\/revisions"}],"predecessor-version":[{"id":48604,"href":"https:\/\/somdepapo.com.br\/portal\/wp-json\/wp\/v2\/posts\/48602\/revisions\/48604"}],"wp:featuredmedia":[{"embeddable":true,"href":"https:\/\/somdepapo.com.br\/portal\/wp-json\/wp\/v2\/media\/48603"}],"wp:attachment":[{"href":"https:\/\/somdepapo.com.br\/portal\/wp-json\/wp\/v2\/media?parent=48602"}],"wp:term":[{"taxonomy":"category","embeddable":true,"href":"https:\/\/somdepapo.com.br\/portal\/wp-json\/wp\/v2\/categories?post=48602"},{"taxonomy":"post_tag","embeddable":true,"href":"https:\/\/somdepapo.com.br\/portal\/wp-json\/wp\/v2\/tags?post=48602"}],"curies":[{"name":"wp","href":"https:\/\/api.w.org\/{rel}","templated":true}]}}