{"id":48605,"date":"2026-04-29T05:44:20","date_gmt":"2026-04-29T08:44:20","guid":{"rendered":"https:\/\/somdepapo.com.br\/portal\/?p=48605"},"modified":"2026-04-24T15:47:13","modified_gmt":"2026-04-24T18:47:13","slug":"seu-cachorro-enxerga-preto-e-branco-a-verdade-pode-te-surpreender","status":"publish","type":"post","link":"https:\/\/somdepapo.com.br\/portal\/seu-cachorro-enxerga-preto-e-branco-a-verdade-pode-te-surpreender\/","title":{"rendered":"Seu cachorro enxerga preto e branco? A verdade pode te surpreender"},"content":{"rendered":"<p style=\"text-align: right;\">Por Dr. Julio Cesar<\/p>\n<p style=\"text-align: justify;\">&nbsp;<\/p>\n<p style=\"text-align: justify;\">Muitas pessoas acreditam que os c\u00e3es enxergam o mundo apenas em preto e branco. Essa \u00e9 uma das d\u00favidas mais comuns entre os tutores \u2014 e tamb\u00e9m um dos maiores mitos quando falamos sobre o comportamento dos pets.<\/p>\n<p style=\"text-align: justify;\">Mas afinal, o que realmente o seu cachorro v\u00ea?<\/p>\n<p style=\"text-align: justify;\">Como m\u00e9dico veterin\u00e1rio, posso te dizer: a vis\u00e3o dos c\u00e3es \u00e9 diferente da nossa, mas isso n\u00e3o significa que seja pior \u2014 apenas adaptada \u00e0 forma como eles vivem.<\/p>\n<p style=\"text-align: justify;\">Os c\u00e3es enxergam cores sim!<\/p>\n<p style=\"text-align: justify;\">Ao contr\u00e1rio do que muitos pensam, os c\u00e3es n\u00e3o enxergam apenas em preto e branco.<\/p>\n<p style=\"text-align: justify;\">Eles conseguem ver cores, por\u00e9m de forma mais limitada que os humanos.<\/p>\n<p style=\"text-align: justify;\">Enquanto n\u00f3s enxergamos uma grande variedade de cores, os c\u00e3es percebem principalmente:<\/p>\n<p style=\"text-align: justify;\">tons de azul&nbsp;<\/p>\n<p style=\"text-align: justify;\">tons de amarelo&nbsp;<\/p>\n<p style=\"text-align: justify;\">J\u00e1 cores como:<\/p>\n<p style=\"text-align: justify;\">vermelho&nbsp;<\/p>\n<p style=\"text-align: justify;\">verde&nbsp;<\/p>\n<p style=\"text-align: justify;\">podem ser vistas de forma mais apagada ou at\u00e9 confundidas entre si.<\/p>\n<p style=\"text-align: justify;\">Por que a vis\u00e3o deles \u00e9 diferente?<\/p>\n<p style=\"text-align: justify;\">Isso acontece por causa das c\u00e9lulas presentes nos olhos, chamadas de cones e bastonetes.<\/p>\n<p style=\"text-align: justify;\">Os humanos possuem mais cones \u2192 respons\u00e1veis pelas cores&nbsp;<\/p>\n<p style=\"text-align: justify;\">Os c\u00e3es possuem mais bastonetes \u2192 respons\u00e1veis pela vis\u00e3o em ambientes com pouca luz&nbsp;<\/p>\n<p style=\"text-align: justify;\">Ou seja:<\/p>\n<p style=\"text-align: justify;\">\u2714 Eles enxergam menos cores<\/p>\n<p style=\"text-align: justify;\">\u2714 Mas enxergam melhor no escuro<\/p>\n<p style=\"text-align: justify;\">Uma vantagem importante<\/p>\n<p style=\"text-align: justify;\">Apesar de verem menos cores, os c\u00e3es t\u00eam uma grande vantagem:<\/p>\n<p style=\"text-align: justify;\">excelente vis\u00e3o noturna<\/p>\n<p style=\"text-align: justify;\">Isso explica por que eles:<\/p>\n<p style=\"text-align: justify;\">se movimentam bem \u00e0 noite&nbsp;<\/p>\n<p style=\"text-align: justify;\">percebem movimentos com facilidade&nbsp;<\/p>\n<p style=\"text-align: justify;\">reagem r\u00e1pido a est\u00edmulos&nbsp;<\/p>\n<p style=\"text-align: justify;\">Essa caracter\u00edstica vem dos seus ancestrais, que eram ca\u00e7adores.<\/p>\n<p style=\"text-align: justify;\">Movimento \u00e9 mais importante que cor<\/p>\n<p style=\"text-align: justify;\">Para os c\u00e3es, o mais importante n\u00e3o \u00e9 a cor \u2014 \u00e9 o movimento.<\/p>\n<p style=\"text-align: justify;\">Eles s\u00e3o muito mais sens\u00edveis a:<\/p>\n<p style=\"text-align: justify;\">objetos em movimento&nbsp;<\/p>\n<p style=\"text-align: justify;\">mudan\u00e7as no ambiente&nbsp;<\/p>\n<p style=\"text-align: justify;\">gestos do tutor&nbsp;<\/p>\n<p style=\"text-align: justify;\">Por isso, muitas vezes seu pet reage mais ao seu movimento do que \u00e0 cor de um objeto.<\/p>\n<p style=\"text-align: justify;\">Curiosidade pr\u00e1tica (isso muda tudo!)<\/p>\n<p style=\"text-align: justify;\">J\u00e1 reparou que alguns c\u00e3es t\u00eam dificuldade de encontrar uma bolinha vermelha na grama?<\/p>\n<p style=\"text-align: justify;\">Isso acontece porque:<\/p>\n<p style=\"text-align: justify;\">o vermelho pode parecer \u201capagado\u201d&nbsp;<\/p>\n<p style=\"text-align: justify;\">a grama (verde) pode confundir a vis\u00e3o&nbsp;<\/p>\n<p style=\"text-align: justify;\">Por isso, brinquedos em cores como:<\/p>\n<p style=\"text-align: justify;\">\u2714 azul<\/p>\n<p style=\"text-align: justify;\">\u2714 amarelo<\/p>\n<p style=\"text-align: justify;\">s\u00e3o muito mais f\u00e1ceis para eles identificarem.<\/p>\n<p style=\"text-align: justify;\">O que isso muda no dia a dia?<\/p>\n<p style=\"text-align: justify;\">Entender como seu pet enxerga ajuda voc\u00ea a:<\/p>\n<p style=\"text-align: justify;\">\u2714 Escolher brinquedos melhores<\/p>\n<p style=\"text-align: justify;\">\u2714 Estimular mais o animal<\/p>\n<p style=\"text-align: justify;\">\u2714 Melhorar o enriquecimento ambiental<\/p>\n<p style=\"text-align: justify;\">\u2714 Evitar frustra\u00e7\u00f5es<\/p>\n<p style=\"text-align: justify;\">Pequenos ajustes fazem grande diferen\u00e7a na qualidade de vida do seu animal.<\/p>\n<p style=\"text-align: justify;\">Conclus\u00e3o<\/p>\n<p style=\"text-align: justify;\">Seu cachorro n\u00e3o v\u00ea o mundo como voc\u00ea \u2014mas isso n\u00e3o significa que ele veja pior. Ele v\u00ea de forma diferente, adaptada ao seu instinto e comportamento. E no final, o mais importante n\u00e3o s\u00e3o as cores\u2026 \u00e9 a conex\u00e3o que ele tem com voc\u00ea.<\/p>\n<p style=\"text-align: justify;\">Julio Cesar \u00e9 M\u00e9dico Veterin\u00e1rio, especialista em Est\u00e9tica Animal, palestrante e terapeuta hol\u00edstico. Atua integrando sa\u00fade, bem-estar e equil\u00edbrio emocional de pets, unindo conhecimento t\u00e9cnico e vis\u00e3o humanizada no cuidado animal.<\/p>\n<p style=\"text-align: justify;\">@nagashimajulio<\/p>\n<p style=\"text-align: justify;\">&nbsp;<\/p>\n","protected":false},"excerpt":{"rendered":"<p>Por Dr. Julio Cesar &nbsp; Muitas pessoas acreditam que os c\u00e3es enxergam o mundo apenas em preto e branco. Essa \u00e9 uma das d\u00favidas mais comuns entre os tutores \u2014 e tamb\u00e9m um dos maiores mitos quando falamos sobre o comportamento dos pets. Mas afinal, o que realmente o seu cachorro v\u00ea? Como m\u00e9dico veterin\u00e1rio, [&hellip;]<\/p>\n","protected":false},"author":1,"featured_media":48606,"comment_status":"open","ping_status":"open","sticky":false,"template":"","format":"standard","meta":{"ngg_post_thumbnail":0,"footnotes":""},"categories":[2,384,31,41],"tags":[],"class_list":["post-48605","post","type-post","status-publish","format-standard","has-post-thumbnail","hentry","category-destaques","category-medicina-veterinaria","category-noticias","category-ultimasnoticias"],"_links":{"self":[{"href":"https:\/\/somdepapo.com.br\/portal\/wp-json\/wp\/v2\/posts\/48605","targetHints":{"allow":["GET"]}}],"collection":[{"href":"https:\/\/somdepapo.com.br\/portal\/wp-json\/wp\/v2\/posts"}],"about":[{"href":"https:\/\/somdepapo.com.br\/portal\/wp-json\/wp\/v2\/types\/post"}],"author":[{"embeddable":true,"href":"https:\/\/somdepapo.com.br\/portal\/wp-json\/wp\/v2\/users\/1"}],"replies":[{"embeddable":true,"href":"https:\/\/somdepapo.com.br\/portal\/wp-json\/wp\/v2\/comments?post=48605"}],"version-history":[{"count":1,"href":"https:\/\/somdepapo.com.br\/portal\/wp-json\/wp\/v2\/posts\/48605\/revisions"}],"predecessor-version":[{"id":48607,"href":"https:\/\/somdepapo.com.br\/portal\/wp-json\/wp\/v2\/posts\/48605\/revisions\/48607"}],"wp:featuredmedia":[{"embeddable":true,"href":"https:\/\/somdepapo.com.br\/portal\/wp-json\/wp\/v2\/media\/48606"}],"wp:attachment":[{"href":"https:\/\/somdepapo.com.br\/portal\/wp-json\/wp\/v2\/media?parent=48605"}],"wp:term":[{"taxonomy":"category","embeddable":true,"href":"https:\/\/somdepapo.com.br\/portal\/wp-json\/wp\/v2\/categories?post=48605"},{"taxonomy":"post_tag","embeddable":true,"href":"https:\/\/somdepapo.com.br\/portal\/wp-json\/wp\/v2\/tags?post=48605"}],"curies":[{"name":"wp","href":"https:\/\/api.w.org\/{rel}","templated":true}]}}