{"id":48629,"date":"2026-04-26T05:05:21","date_gmt":"2026-04-26T08:05:21","guid":{"rendered":"https:\/\/somdepapo.com.br\/portal\/?p=48629"},"modified":"2026-04-25T17:08:00","modified_gmt":"2026-04-25T20:08:00","slug":"quando-os-pais-conduzem-juntos-a-crianca-cresce-com-seguranca","status":"publish","type":"post","link":"https:\/\/somdepapo.com.br\/portal\/quando-os-pais-conduzem-juntos-a-crianca-cresce-com-seguranca\/","title":{"rendered":"Quando os pais conduzem juntos, a crian\u00e7a cresce com seguran\u00e7a"},"content":{"rendered":"<p style=\"text-align: justify;\">Diferen\u00e7as entre pai e m\u00e3e s\u00e3o naturais, mas \u00e9 o alinhamento entre eles que oferece \u00e0 crian\u00e7a a dire\u00e7\u00e3o emocional necess\u00e1ria para crescer com seguran\u00e7a.<\/p>\n<p style=\"text-align: justify;\">Na educa\u00e7\u00e3o dos filhos, \u00e9 natural que pai e m\u00e3e tenham estilos diferentes. Cada adulto traz sua hist\u00f3ria, seus valores e suas pr\u00f3prias refer\u00eancias sobre o que significa cuidar.<\/p>\n<p style=\"text-align: justify;\">Mas, para uma crian\u00e7a, crescer com seguran\u00e7a \u00e9 muito importante que os pais estejam alinhados sobre a conduta educativa que desejam para seus filhos \u2014 e que essa dire\u00e7\u00e3o seja sustentada por quem cuida dela.<\/p>\n<p style=\"text-align: justify;\">A crian\u00e7a precisa entender o que pode, o que n\u00e3o pode e, principalmente, sentir que os adultos respons\u00e1veis por ela caminham juntos nas decis\u00f5es importantes. Quando cada um diz uma coisa diferente, ou quando as regras mudam dependendo de quem est\u00e1 presente, ela perde uma refer\u00eancia essencial de seguran\u00e7a emocional.<\/p>\n<p style=\"text-align: justify;\">E isso aparece no comportamento. Muitas vezes, aquilo que parece desobedi\u00eancia \u00e9, na verdade, confus\u00e3o.<\/p>\n<p style=\"text-align: justify;\">Quando um adulto diz \u201cn\u00e3o\u201d e o outro logo depois permite, a crian\u00e7a aprende algo importante \u2014 mas n\u00e3o sobre limites. Ela aprende que as regras dependem da situa\u00e7\u00e3o, do humor, do dia e com o tempo, isso pode aumentar as birras, os testes de autoridade e as dificuldades em lidar com frustra\u00e7\u00f5es.<\/p>\n<p style=\"text-align: justify;\">N\u00e3o \u00e9 manipula\u00e7\u00e3o. \u00c9 adapta\u00e7\u00e3o ao ambiente.<\/p>\n<p style=\"text-align: justify;\">Crian\u00e7as precisam de coer\u00eancia para se sentirem seguras. Quando os adultos conduzem juntos, a crian\u00e7a entende para onde est\u00e1 indo \u2014 e isso organiza suas emo\u00e7\u00f5es e seu comportamento.<\/p>\n<p style=\"text-align: justify;\">Isso n\u00e3o significa que pai e m\u00e3e precisam pensar exatamente igual. Diferen\u00e7as s\u00e3o naturais e fazem parte de qualquer rela\u00e7\u00e3o. O que a crian\u00e7a precisa perceber \u00e9 que existe uma base comum entre os adultos que cuidam dela.<\/p>\n<p style=\"text-align: justify;\">Quando os respons\u00e1veis conversam entre si, combinam regras e sustentam juntos essas decis\u00f5es, a crian\u00e7a se sente protegida. Ela confia mais, aceita limites com menos sofrimento e desenvolve autonomia com mais tranquilidade.<\/p>\n<p style=\"text-align: justify;\">Um erro muito comum acontece quando os adultos discutem regras na frente da crian\u00e7a, especialmente no momento em que o conflito j\u00e1 come\u00e7ou. Nessas situa\u00e7\u00f5es, ela pode se sentir insegura, confusa e at\u00e9 respons\u00e1vel por algo que n\u00e3o \u00e9 fun\u00e7\u00e3o dela resolver.<\/p>\n<p style=\"text-align: justify;\">Organizar as regras \u00e9 tarefa dos adultos. Crescer dentro delas com seguran\u00e7a \u00e9 tarefa da crian\u00e7a.<\/p>\n<p style=\"text-align: justify;\">Esse cuidado se torna ainda mais importante quando os pais est\u00e3o separados.<\/p>\n<p style=\"text-align: justify;\">Existe uma ideia equivocada de que, depois da separa\u00e7\u00e3o, cada casa pode funcionar de um jeito completamente diferente. Embora rotinas possam variar, a aus\u00eancia de alinhamento nas decis\u00f5es principais costuma gerar inseguran\u00e7a emocional importante para a crian\u00e7a.<\/p>\n<p style=\"text-align: justify;\">Quando ela percebe regras opostas, discursos contradit\u00f3rios ou conflitos entre os respons\u00e1veis, pode sentir que precisa escolher lados, agradar um deles ou esconder comportamentos para evitar problemas entre os adultos e isso \u00e9 pesado demais para uma crian\u00e7a.<\/p>\n<p style=\"text-align: justify;\">Separar-se como casal n\u00e3o significa deixar de atuar como equipe parental. Mesmo em casas diferentes, quando os adultos conseguem manter respeito, comunica\u00e7\u00e3o e coer\u00eancia nas decis\u00f5es importantes, oferecem \u00e0 crian\u00e7a algo fundamental: a sensa\u00e7\u00e3o de que ela continua pertencendo aos dois ambientes com seguran\u00e7a. E isso protege profundamente o desenvolvimento emocional.<\/p>\n<p style=\"text-align: justify;\">Alinhamento parental n\u00e3o \u00e9 sobre controle. \u00c9 sobre dire\u00e7\u00e3o emocional.<\/p>\n<p style=\"text-align: justify;\">Porque, na maioria das vezes, quando o comportamento da crian\u00e7a muda, n\u00e3o \u00e9 sinal de desafio \u2014 \u00e9 sinal de que ela precisa de adultos que assumam juntos o leme enquanto cuidam dela.<\/p>\n<p style=\"text-align: justify;\">&nbsp;<\/p>\n<p style=\"text-align: justify;\">\u00c9rika Ricci \u00e9 psic\u00f3loga cl\u00ednica, com atua\u00e7\u00e3o em psicoterapia infantil, juvenil e orienta\u00e7\u00e3o familiar. Diretora da cl\u00ednica Jardim da Consci\u00eancia, realiza acompanhamento psicol\u00f3gico com foco no desenvolvimento emocional de crian\u00e7as e adolescentes, al\u00e9m de apoio \u00e0s fam\u00edlias no processo educativo.<\/p>\n<p style=\"text-align: justify;\">\u00c9rika Ricci \u2013 Psic\u00f3loga Cl\u00ednica<\/p>\n<p style=\"text-align: justify;\">Atendimento psicol\u00f3gico para crian\u00e7as e adolescentes | Orienta\u00e7\u00e3o familiar<\/p>\n<p style=\"text-align: justify;\">\ud83d\udcf1 WhatsApp: (11) 9 5636-6017<\/p>\n<p style=\"text-align: justify;\">\ud83d\udcf7 Instagram: @erikaricci.psico<\/p>\n<p style=\"text-align: justify;\">\ud83d\udce7 jardim.da.consciencia.psi@gmail.com<\/p>\n<p style=\"text-align: justify;\">\ud83d\udccd S\u00e3o Caetano do Sul \u2013 SP | Atendimento presencial e online<\/p>\n<p style=\"text-align: justify;\">WhatsApp: https:\/\/wa.me\/5511956366017<\/p>\n<p style=\"text-align: justify;\">&nbsp;<\/p>\n<p style=\"text-align: justify;\">&nbsp;<\/p>\n<p style=\"text-align: justify;\">&nbsp;<\/p>\n","protected":false},"excerpt":{"rendered":"<p>Diferen\u00e7as entre pai e m\u00e3e s\u00e3o naturais, mas \u00e9 o alinhamento entre eles que oferece \u00e0 crian\u00e7a a dire\u00e7\u00e3o emocional necess\u00e1ria para crescer com seguran\u00e7a. Na educa\u00e7\u00e3o dos filhos, \u00e9 natural que pai e m\u00e3e tenham estilos diferentes. Cada adulto traz sua hist\u00f3ria, seus valores e suas pr\u00f3prias refer\u00eancias sobre o que significa cuidar. Mas, [&hellip;]<\/p>\n","protected":false},"author":1,"featured_media":48630,"comment_status":"open","ping_status":"open","sticky":false,"template":"","format":"standard","meta":{"ngg_post_thumbnail":0,"footnotes":""},"categories":[2,31,411,41],"tags":[],"class_list":["post-48629","post","type-post","status-publish","format-standard","has-post-thumbnail","hentry","category-destaques","category-noticias","category-psicologia-infanto-juvenil","category-ultimasnoticias"],"_links":{"self":[{"href":"https:\/\/somdepapo.com.br\/portal\/wp-json\/wp\/v2\/posts\/48629","targetHints":{"allow":["GET"]}}],"collection":[{"href":"https:\/\/somdepapo.com.br\/portal\/wp-json\/wp\/v2\/posts"}],"about":[{"href":"https:\/\/somdepapo.com.br\/portal\/wp-json\/wp\/v2\/types\/post"}],"author":[{"embeddable":true,"href":"https:\/\/somdepapo.com.br\/portal\/wp-json\/wp\/v2\/users\/1"}],"replies":[{"embeddable":true,"href":"https:\/\/somdepapo.com.br\/portal\/wp-json\/wp\/v2\/comments?post=48629"}],"version-history":[{"count":1,"href":"https:\/\/somdepapo.com.br\/portal\/wp-json\/wp\/v2\/posts\/48629\/revisions"}],"predecessor-version":[{"id":48631,"href":"https:\/\/somdepapo.com.br\/portal\/wp-json\/wp\/v2\/posts\/48629\/revisions\/48631"}],"wp:featuredmedia":[{"embeddable":true,"href":"https:\/\/somdepapo.com.br\/portal\/wp-json\/wp\/v2\/media\/48630"}],"wp:attachment":[{"href":"https:\/\/somdepapo.com.br\/portal\/wp-json\/wp\/v2\/media?parent=48629"}],"wp:term":[{"taxonomy":"category","embeddable":true,"href":"https:\/\/somdepapo.com.br\/portal\/wp-json\/wp\/v2\/categories?post=48629"},{"taxonomy":"post_tag","embeddable":true,"href":"https:\/\/somdepapo.com.br\/portal\/wp-json\/wp\/v2\/tags?post=48629"}],"curies":[{"name":"wp","href":"https:\/\/api.w.org\/{rel}","templated":true}]}}