{"id":48642,"date":"2026-04-26T09:41:39","date_gmt":"2026-04-26T12:41:39","guid":{"rendered":"https:\/\/somdepapo.com.br\/portal\/?p=48642"},"modified":"2026-04-26T09:41:39","modified_gmt":"2026-04-26T12:41:39","slug":"curcuma-o-poder-natural-do-acafrao-da-terra-na-sua-saude","status":"publish","type":"post","link":"https:\/\/somdepapo.com.br\/portal\/curcuma-o-poder-natural-do-acafrao-da-terra-na-sua-saude\/","title":{"rendered":"Curcuma: O Poder natural do &#8220;A\u00e7afr\u00e3o da Terra&#8221; na sua sa\u00fade"},"content":{"rendered":"<p style=\"text-align: right;\">Por Henrique Carvalho&nbsp;<\/p>\n<p style=\"text-align: justify;\">Voc\u00ea j\u00e1 parou para pensar em como um tempero dourado pode transformar o funcionamento do seu corpo? A c\u00farcuma, popularmente conhecida como a\u00e7afr\u00e3o da terra, deixou de ser apenas um condimento culin\u00e1rio para se tornar um dos suplementos naturais mais recomendados pela ci\u00eancia atual.<\/p>\n<p style=\"text-align: justify;\">Mas o que faz dela um &#8220;superalimento&#8221;? Vamos explorar seus benef\u00edcios e a melhor forma de inclu\u00ed-la na sua rotina.<\/p>\n<p style=\"text-align: justify;\">A Ci\u00eancia por tr\u00e1s da Cor Dourada<\/p>\n<p style=\"text-align: justify;\">O segredo da c\u00farcuma reside nos curcuminoides. Essas subst\u00e2ncias s\u00e3o os compostos ativos respons\u00e1veis pelas poderosas propriedades antioxidantes e anti-inflamat\u00f3rias do rizoma.<\/p>\n<p style=\"text-align: justify;\">Pesquisas cient\u00edficas comprovam que a curcumina atua diretamente no bloqueio de citocinas inflamat\u00f3rias. Na pr\u00e1tica, isso traz benef\u00edcios sist\u00eamicos, como:<\/p>\n<p style=\"text-align: justify;\">Sa\u00fade Cardiovascular: Auxilia na redu\u00e7\u00e3o do colesterol ruim (LDL) e no aumento do colesterol bom (HDL).<\/p>\n<p style=\"text-align: justify;\">Preven\u00e7\u00e3o de Doen\u00e7as: O combate \u00e0 inflama\u00e7\u00e3o cr\u00f4nica \u00e9 um passo essencial na preven\u00e7\u00e3o de condi\u00e7\u00f5es como diabetes, doen\u00e7as card\u00edacas, depress\u00e3o e at\u00e9 alguns tipos de c\u00e2ncer.<\/p>\n<p style=\"text-align: justify;\">Como incluir a C\u00farcuma no seu dia a dia?<\/p>\n<p style=\"text-align: justify;\">Saber como consumir \u00e9 t\u00e3o importante quanto o consumo em si. Aqui est\u00e3o as duas formas mais eficazes de aproveitar seus benef\u00edcios:<\/p>\n<p style=\"text-align: justify;\">1. No Shot Matinal<\/p>\n<p style=\"text-align: justify;\">Uma das estrat\u00e9gias mais eficientes para come\u00e7ar o dia combatendo a inflama\u00e7\u00e3o. Voc\u00ea pode combinar a c\u00farcuma com:<\/p>\n<p style=\"text-align: justify;\">\u00c1gua morna;<\/p>\n<p style=\"text-align: justify;\">Suco de lim\u00e3o;<\/p>\n<p style=\"text-align: justify;\">Extrato de pr\u00f3polis;<\/p>\n<p style=\"text-align: justify;\">Glutamina.<\/p>\n<p style=\"text-align: justify;\">2. Na Culin\u00e1ria (Dica de Ouro!)<\/p>\n<p style=\"text-align: justify;\">Se voc\u00ea prefere o sabor da c\u00farcuma nas refei\u00e7\u00f5es, o ideal \u00e9 utiliz\u00e1-la crua ou adicion\u00e1-la ao final do preparo. Quando submetida a altas temperaturas por muito tempo, ela pode perder grande parte de suas propriedades medicinais.<\/p>\n<p style=\"text-align: justify;\">A Import\u00e2ncia da Individualidade<\/p>\n<p style=\"text-align: justify;\">Apesar de ser um ingrediente natural, a dosagem e a forma de consumo variam drasticamente de pessoa para pessoa. Fatores como a combina\u00e7\u00e3o com pimenta preta (piperina) ou gorduras saud\u00e1veis podem aumentar a absor\u00e7\u00e3o da curcumina em mais de 2.000%.<\/p>\n<p style=\"text-align: justify;\">Por isso, o acompanhamento profissional \u00e9 indispens\u00e1vel para ajustar a estrat\u00e9gia ao seu objetivo espec\u00edfico, seja ele performance esportiva, sa\u00fade da mulher ou emagrecimento.<\/p>\n<p style=\"text-align: justify;\">&nbsp;<\/p>\n<p style=\"text-align: justify;\">&nbsp;<\/p>\n<p style=\"text-align: justify;\">Vamos otimizar sua estrat\u00e9gia nutricional?<\/p>\n<p style=\"text-align: justify;\">Se voc\u00ea busca uma vida com menos inflama\u00e7\u00e3o e mais energia, eu posso te ajudar a integrar a fitoterapia e a nutri\u00e7\u00e3o de forma descomplicada no seu plano alimentar.<\/p>\n<p style=\"text-align: justify;\">Henrique Carvalho Nutricionista Cl\u00ednico e Esportivo Especialista em Sa\u00fade da Mulher, Fitoterapia, Obesidade e Emagrecimento.<\/p>\n<p style=\"text-align: justify;\">Atendimentos: Presencial (Aracaju\/SE) e On-line<\/p>\n<p style=\"text-align: justify;\">Contato\/WhatsApp: (79) 98804-2100<\/p>\n<p style=\"text-align: justify;\">&nbsp;<\/p>\n<p style=\"text-align: justify;\">&nbsp;<\/p>\n<p style=\"text-align: justify;\">&nbsp;<\/p>\n<p style=\"text-align: justify;\">Gostou deste conte\u00fado? Compartilhe com quem precisa saber disso e continue acompanhando nosso site para mais dicas de sa\u00fade e nutri\u00e7\u00e3o!<\/p>\n<p style=\"text-align: justify;\">&nbsp;<\/p>\n<p style=\"text-align: justify;\">&nbsp;<\/p>\n","protected":false},"excerpt":{"rendered":"<p>Por Henrique Carvalho&nbsp; Voc\u00ea j\u00e1 parou para pensar em como um tempero dourado pode transformar o funcionamento do seu corpo? A c\u00farcuma, popularmente conhecida como a\u00e7afr\u00e3o da terra, deixou de ser apenas um condimento culin\u00e1rio para se tornar um dos suplementos naturais mais recomendados pela ci\u00eancia atual. Mas o que faz dela um &#8220;superalimento&#8221;? Vamos [&hellip;]<\/p>\n","protected":false},"author":1,"featured_media":48643,"comment_status":"open","ping_status":"open","sticky":false,"template":"","format":"standard","meta":{"ngg_post_thumbnail":0,"footnotes":""},"categories":[2,31,34,41],"tags":[],"class_list":["post-48642","post","type-post","status-publish","format-standard","has-post-thumbnail","hentry","category-destaques","category-noticias","category-nutricao","category-ultimasnoticias"],"_links":{"self":[{"href":"https:\/\/somdepapo.com.br\/portal\/wp-json\/wp\/v2\/posts\/48642","targetHints":{"allow":["GET"]}}],"collection":[{"href":"https:\/\/somdepapo.com.br\/portal\/wp-json\/wp\/v2\/posts"}],"about":[{"href":"https:\/\/somdepapo.com.br\/portal\/wp-json\/wp\/v2\/types\/post"}],"author":[{"embeddable":true,"href":"https:\/\/somdepapo.com.br\/portal\/wp-json\/wp\/v2\/users\/1"}],"replies":[{"embeddable":true,"href":"https:\/\/somdepapo.com.br\/portal\/wp-json\/wp\/v2\/comments?post=48642"}],"version-history":[{"count":1,"href":"https:\/\/somdepapo.com.br\/portal\/wp-json\/wp\/v2\/posts\/48642\/revisions"}],"predecessor-version":[{"id":48644,"href":"https:\/\/somdepapo.com.br\/portal\/wp-json\/wp\/v2\/posts\/48642\/revisions\/48644"}],"wp:featuredmedia":[{"embeddable":true,"href":"https:\/\/somdepapo.com.br\/portal\/wp-json\/wp\/v2\/media\/48643"}],"wp:attachment":[{"href":"https:\/\/somdepapo.com.br\/portal\/wp-json\/wp\/v2\/media?parent=48642"}],"wp:term":[{"taxonomy":"category","embeddable":true,"href":"https:\/\/somdepapo.com.br\/portal\/wp-json\/wp\/v2\/categories?post=48642"},{"taxonomy":"post_tag","embeddable":true,"href":"https:\/\/somdepapo.com.br\/portal\/wp-json\/wp\/v2\/tags?post=48642"}],"curies":[{"name":"wp","href":"https:\/\/api.w.org\/{rel}","templated":true}]}}