{"id":48645,"date":"2026-04-26T11:56:46","date_gmt":"2026-04-26T14:56:46","guid":{"rendered":"https:\/\/somdepapo.com.br\/portal\/?p=48645"},"modified":"2026-04-26T11:56:46","modified_gmt":"2026-04-26T14:56:46","slug":"quando-o-animal-nao-se-sente-escolhido","status":"publish","type":"post","link":"https:\/\/somdepapo.com.br\/portal\/quando-o-animal-nao-se-sente-escolhido\/","title":{"rendered":"Quando o animal n\u00e3o se sente escolhido"},"content":{"rendered":"<p style=\"text-align: right;\">Por Carla Perin<\/p>\n<p style=\"text-align: justify;\">&nbsp;<\/p>\n<p style=\"text-align: justify;\">O impacto invis\u00edvel do v\u00ednculo na rela\u00e7\u00e3o humano-animal<\/p>\n<p style=\"text-align: justify;\">&#8220;Pertencer n\u00e3o \u00e9 apenas estar presente \u2014 \u00e9 ser reconhecido.&#8221;<\/p>\n<p style=\"text-align: justify;\">Nem sempre o v\u00ednculo entre um tutor e um animal \u00e9 imediato, intenso ou natural. Em algumas casas, h\u00e1 uma conex\u00e3o fluida, quase espont\u00e2nea. Em outras, existe uma conviv\u00eancia mais distante, silenciosa \u2014 e, \u00e0s vezes, imperceptivelmente desigual.<\/p>\n<p style=\"text-align: justify;\">\u00c9 nesse espa\u00e7o que surge uma pergunta sens\u00edvel:<\/p>\n<p style=\"text-align: justify;\">o animal percebe quando n\u00e3o est\u00e1 sendo verdadeiramente escolhido?<\/p>\n<p style=\"text-align: justify;\">\u00c0 primeira vista, pode parecer uma quest\u00e3o puramente emocional, quase humana demais para ser atribu\u00edda a um animal. Mas, quando observamos com aten\u00e7\u00e3o, percebemos que o v\u00ednculo n\u00e3o se constr\u00f3i apenas com presen\u00e7a f\u00edsica.<\/p>\n<p style=\"text-align: justify;\">Ele se constr\u00f3i com aten\u00e7\u00e3o, reconhecimento e lugar.<\/p>\n<p style=\"text-align: justify;\">A diferen\u00e7a entre cuidar e escolher<\/p>\n<p style=\"text-align: justify;\">Muitos animais s\u00e3o bem cuidados: t\u00eam alimento, abrigo e assist\u00eancia veterin\u00e1ria. Tudo o que \u00e9 necess\u00e1rio para o seu bem-estar f\u00edsico est\u00e1 presente.<\/p>\n<p style=\"text-align: justify;\">Mas cuidado n\u00e3o \u00e9, necessariamente, v\u00ednculo.<\/p>\n<p style=\"text-align: justify;\">Escolher um animal vai al\u00e9m de suprir necessidades. \u00c9 olhar, reconhecer, incluir emocionalmente. \u00c9 estabelecer uma rela\u00e7\u00e3o.<\/p>\n<p style=\"text-align: justify;\">E essa diferen\u00e7a, embora sutil, \u00e9 percebida.<\/p>\n<p style=\"text-align: justify;\">A rejei\u00e7\u00e3o que n\u00e3o \u00e9 expl\u00edcita<\/p>\n<p style=\"text-align: justify;\">Na maioria das vezes, n\u00e3o existe rejei\u00e7\u00e3o declarada. O que existe s\u00e3o pequenos movimentos do dia a dia. Nada disso, isoladamente, parece grave. Mas, no conjunto, forma um padr\u00e3o. E os animais percebem padr\u00f5es. E os animais percebem padr\u00f5es.<\/p>\n<p style=\"text-align: justify;\">Um animal que \u00e9 constantemente deixado de lado pode n\u00e3o entender \u201cpor qu\u00ea\u201d, mas sente \u201ccomo\u201d.<\/p>\n<p style=\"text-align: justify;\">O lugar dentro do sistema<\/p>\n<p style=\"text-align: justify;\">Na vis\u00e3o sist\u00eamica inspirada no trabalho de Bert Hellinger, pertencimento \u00e9 uma necessidade fundamental.<\/p>\n<p style=\"text-align: justify;\">Todos que fazem parte de um sistema t\u00eam direito ao seu lugar.<\/p>\n<p style=\"text-align: justify;\">Isso inclui os animais. Quando um animal entra em uma fam\u00edlia, ele passa a pertencer \u00e0quele campo. E, como todo pertencente, busca reconhecimento \u2014 n\u00e3o intelectual, mas relacional: ser visto, considerado, inclu\u00eddo.<\/p>\n<p style=\"text-align: justify;\">Quando o pertencimento \u00e9 fr\u00e1gil<\/p>\n<p style=\"text-align: justify;\">Quando esse reconhecimento n\u00e3o acontece plenamente, o animal pode reagir de diferentes formas. Alguns se tornam mais carentes, buscando aten\u00e7\u00e3o.<\/p>\n<p style=\"text-align: justify;\">Outros se retraem, tornando-se silenciosos.<\/p>\n<p style=\"text-align: justify;\">H\u00e1 aqueles que desenvolvem comportamentos considerados \u201cproblem\u00e1ticos\u201d como forma de chamar o olhar. Essas respostas n\u00e3o s\u00e3o estrat\u00e9gias conscientes. S\u00e3o adapta\u00e7\u00f5es. O animal tenta encontrar seu lugar.<\/p>\n<p style=\"text-align: justify;\">A compara\u00e7\u00e3o dentro da casa<\/p>\n<p style=\"text-align: justify;\">Quando h\u00e1 mais de um animal, esse ponto se torna ainda mais delicado. Compara\u00e7\u00f5es, mesmo sutis, criam diferencia\u00e7\u00f5es de valor. Essas falas influenciam o v\u00ednculo.<\/p>\n<p style=\"text-align: justify;\">E os animais percebem essa diferen\u00e7a de investimento emocional.<\/p>\n<p style=\"text-align: justify;\">&nbsp;<\/p>\n<p style=\"text-align: justify;\">Um convite \u00e0 consci\u00eancia<\/p>\n<p style=\"text-align: justify;\">Esse tema n\u00e3o \u00e9 sobre culpa.<\/p>\n<p style=\"text-align: justify;\">\u00c9 sobre consci\u00eancia.<\/p>\n<p style=\"text-align: justify;\">Muitas vezes, o tutor n\u00e3o percebe essas din\u00e2micas. A rotina, o cansa\u00e7o e as prefer\u00eancias acabam moldando o v\u00ednculo sem inten\u00e7\u00e3o.<\/p>\n<p style=\"text-align: justify;\">Mas, quando se torna vis\u00edvel, algo pode mudar.<\/p>\n<p style=\"text-align: justify;\">Perguntas simples podem abrir espa\u00e7o:<\/p>\n<p style=\"text-align: justify;\">Estou realmente me relacionando com esse animal?<\/p>\n<p style=\"text-align: justify;\">Ou apenas cuidando dele?<\/p>\n<p style=\"text-align: justify;\">Ele tem um lugar na minha vida \u2014 ou apenas est\u00e1 presente nela?<\/p>\n<p style=\"text-align: justify;\">&nbsp;<\/p>\n<p style=\"text-align: justify;\">Escolher \u00e9 incluir<\/p>\n<p style=\"text-align: justify;\">Escolher um animal n\u00e3o \u00e9 apenas adot\u00e1-lo.<\/p>\n<p style=\"text-align: justify;\">\u00c9 inclu\u00ed-lo emocionalmente no sistema.<\/p>\n<p style=\"text-align: justify;\">\u00c9 olhar para ele como indiv\u00edduo, com sua hist\u00f3ria e suas necessidades.<\/p>\n<p style=\"text-align: justify;\">\u00c9 permitir que ele exista dentro da rela\u00e7\u00e3o, n\u00e3o apenas ao redor dela.<\/p>\n<p style=\"text-align: justify;\">Pertencer transforma<\/p>\n<p style=\"text-align: justify;\">todo ser que pertence precisa ser reconhecido.<\/p>\n<p style=\"text-align: justify;\">Quando um animal \u00e9 inclu\u00eddo de forma verdadeira, ele n\u00e3o precisa competir, chamar aten\u00e7\u00e3o ou se retrair.<\/p>\n<p style=\"text-align: justify;\">Ele simplesmente ocupa seu lugar.<\/p>\n<p style=\"text-align: justify;\">E, quando cada um ocupa seu lugar, o sistema encontra equil\u00edbrio.<\/p>\n<p style=\"text-align: justify;\">Carla Perin<\/p>\n<p style=\"text-align: justify;\">M\u00e9dica Veterin\u00e1ria Sist\u00eamica<\/p>\n<p style=\"text-align: justify;\">Terapeuta Multiesp\u00e9cie<\/p>\n<p style=\"text-align: justify;\">Um olhar sist\u00eamico sobre o v\u00ednculo entre humanos e animais.<\/p>\n<p style=\"text-align: justify;\">@cacaperin<\/p>\n<p style=\"text-align: justify;\">&nbsp;<\/p>\n<p style=\"text-align: justify;\">&nbsp;<\/p>\n","protected":false},"excerpt":{"rendered":"<p>Por Carla Perin &nbsp; O impacto invis\u00edvel do v\u00ednculo na rela\u00e7\u00e3o humano-animal &#8220;Pertencer n\u00e3o \u00e9 apenas estar presente \u2014 \u00e9 ser reconhecido.&#8221; Nem sempre o v\u00ednculo entre um tutor e um animal \u00e9 imediato, intenso ou natural. Em algumas casas, h\u00e1 uma conex\u00e3o fluida, quase espont\u00e2nea. Em outras, existe uma conviv\u00eancia mais distante, silenciosa \u2014 [&hellip;]<\/p>\n","protected":false},"author":1,"featured_media":48646,"comment_status":"open","ping_status":"open","sticky":false,"template":"","format":"standard","meta":{"ngg_post_thumbnail":0,"footnotes":""},"categories":[2,374,41],"tags":[],"class_list":["post-48645","post","type-post","status-publish","format-standard","has-post-thumbnail","hentry","category-destaques","category-pet-2","category-ultimasnoticias"],"_links":{"self":[{"href":"https:\/\/somdepapo.com.br\/portal\/wp-json\/wp\/v2\/posts\/48645","targetHints":{"allow":["GET"]}}],"collection":[{"href":"https:\/\/somdepapo.com.br\/portal\/wp-json\/wp\/v2\/posts"}],"about":[{"href":"https:\/\/somdepapo.com.br\/portal\/wp-json\/wp\/v2\/types\/post"}],"author":[{"embeddable":true,"href":"https:\/\/somdepapo.com.br\/portal\/wp-json\/wp\/v2\/users\/1"}],"replies":[{"embeddable":true,"href":"https:\/\/somdepapo.com.br\/portal\/wp-json\/wp\/v2\/comments?post=48645"}],"version-history":[{"count":1,"href":"https:\/\/somdepapo.com.br\/portal\/wp-json\/wp\/v2\/posts\/48645\/revisions"}],"predecessor-version":[{"id":48647,"href":"https:\/\/somdepapo.com.br\/portal\/wp-json\/wp\/v2\/posts\/48645\/revisions\/48647"}],"wp:featuredmedia":[{"embeddable":true,"href":"https:\/\/somdepapo.com.br\/portal\/wp-json\/wp\/v2\/media\/48646"}],"wp:attachment":[{"href":"https:\/\/somdepapo.com.br\/portal\/wp-json\/wp\/v2\/media?parent=48645"}],"wp:term":[{"taxonomy":"category","embeddable":true,"href":"https:\/\/somdepapo.com.br\/portal\/wp-json\/wp\/v2\/categories?post=48645"},{"taxonomy":"post_tag","embeddable":true,"href":"https:\/\/somdepapo.com.br\/portal\/wp-json\/wp\/v2\/tags?post=48645"}],"curies":[{"name":"wp","href":"https:\/\/api.w.org\/{rel}","templated":true}]}}