{"id":48648,"date":"2026-04-27T06:00:17","date_gmt":"2026-04-27T09:00:17","guid":{"rendered":"https:\/\/somdepapo.com.br\/portal\/?p=48648"},"modified":"2026-04-26T12:03:04","modified_gmt":"2026-04-26T15:03:04","slug":"transforme-sua-vida-3","status":"publish","type":"post","link":"https:\/\/somdepapo.com.br\/portal\/transforme-sua-vida-3\/","title":{"rendered":"Transforme sua Vida"},"content":{"rendered":"<p style=\"text-align: justify;\">As cinco principais emo\u00e7\u00f5es feridas.<\/p>\n<p style=\"text-align: justify;\">Rejei\u00e7\u00e3o- nunca sou suficiente;<\/p>\n<p style=\"text-align: justify;\">Abandono- medo de ficar sozinha, depend\u00eancia emocional;<\/p>\n<p style=\"text-align: justify;\">Humilha\u00e7\u00e3o- vergonha, culpa e dificuldade de se posicionar;<\/p>\n<p style=\"text-align: justify;\">Trai\u00e7\u00e3o- medo de confiar; desconfian\u00e7a e controle;<\/p>\n<p style=\"text-align: justify;\">Injusti\u00e7a- rigidez, auto cobran\u00e7a e bloqueio emocional.<\/p>\n<p style=\"text-align: justify;\">Essas feridas emocionais se mostram l\u00e1 atr\u00e1s&#8230;e continuam sendo ativadas no presente por gatilhos.<\/p>\n<p style=\"text-align: justify;\">Nos relacionamentos;<\/p>\n<p style=\"text-align: justify;\">No trabalho;<\/p>\n<p style=\"text-align: justify;\">Nas suas escolhas;<\/p>\n<p style=\"text-align: justify;\">E enquanto voc\u00ea n\u00e3o reconhece. Voc\u00ea repete.<\/p>\n<p style=\"text-align: justify;\">O principal ponto de virada est\u00e1 aqui:<\/p>\n<p style=\"text-align: justify;\">Reconhecer sua dor n\u00e3o \u00e9 fraqueza.<\/p>\n<p style=\"text-align: justify;\">\u00c9 consci\u00eancia.<\/p>\n<p style=\"text-align: justify;\">\u00c9 sair do autom\u00e1tico. (Nem pensou, fez).<\/p>\n<p style=\"text-align: justify;\">\u00c9 assumir sua hist\u00f3ria, sua pr\u00f3pria vida, sem esperar valida\u00e7\u00e3o.<\/p>\n<p style=\"text-align: justify;\">Curar n\u00e3o \u00e9 apagar o passado&#8230; \u00c9 aprender a n\u00e3o deixar ele decidir por voc\u00ea.<\/p>\n<p style=\"text-align: justify;\">Se cuidar emocionalmente \u00e9 uma escolha.&nbsp;<\/p>\n<p style=\"text-align: justify;\">E talvez esteja na hora de voc\u00ea se escolher.<\/p>\n<p style=\"text-align: justify;\">Estou aqui para voc\u00ea. Agende sua sess\u00e3o\/consulta agora.<\/p>\n<p style=\"text-align: justify;\">SE PERMITA<\/p>\n<p style=\"text-align: justify;\">Eu sou Anair Bringhenti, especialista em interven\u00e7\u00e3o sensorial sist\u00eamica (constela\u00e7\u00e3o)<\/p>\n<p style=\"text-align: justify;\">Utilizo a escuta anal\u00edtica da Psicanalise espiritualidade. Regress\u00e3o consciente para localizar a raiz do problema. Libertar voc\u00ea.<\/p>\n<p style=\"text-align: justify;\">Utilizo de diversas t\u00e9cnicas hol\u00edsticas abordando o tratamento energ\u00e9tico e espiritual com din\u00e2micas de tecnologias espirituais avan\u00e7adas.<\/p>\n<p style=\"text-align: justify;\">Eu posso te ajudar a transformar sua vida. Tudo o que eu vivi para transformar minha vida \u00e9 ferramenta para nossa caminhada juntos de transforma\u00e7\u00e3o.<\/p>\n<p style=\"text-align: justify;\">Agende sua consulta ou sess\u00e3o online ou presencial agora mesmo.<\/p>\n<p style=\"text-align: justify;\">Entre em contato pelo Instagram @anairterapeuta ou pelo WhatsApp 54996378228<\/p>\n<p style=\"text-align: justify;\">&nbsp;<\/p>\n<p style=\"text-align: justify;\">&nbsp;<\/p>\n<p style=\"text-align: justify;\">&nbsp;<\/p>\n<p style=\"text-align: justify;\">&nbsp;<\/p>\n<p style=\"text-align: justify;\">&nbsp;<\/p>\n<p style=\"text-align: justify;\">&nbsp;<\/p>\n","protected":false},"excerpt":{"rendered":"<p>As cinco principais emo\u00e7\u00f5es feridas. Rejei\u00e7\u00e3o- nunca sou suficiente; Abandono- medo de ficar sozinha, depend\u00eancia emocional; Humilha\u00e7\u00e3o- vergonha, culpa e dificuldade de se posicionar; Trai\u00e7\u00e3o- medo de confiar; desconfian\u00e7a e controle; Injusti\u00e7a- rigidez, auto cobran\u00e7a e bloqueio emocional. Essas feridas emocionais se mostram l\u00e1 atr\u00e1s&#8230;e continuam sendo ativadas no presente por gatilhos. Nos relacionamentos; No [&hellip;]<\/p>\n","protected":false},"author":1,"featured_media":48650,"comment_status":"open","ping_status":"open","sticky":false,"template":"","format":"standard","meta":{"ngg_post_thumbnail":0,"footnotes":""},"categories":[2,405,41],"tags":[],"class_list":["post-48648","post","type-post","status-publish","format-standard","has-post-thumbnail","hentry","category-destaques","category-terapia-holistica","category-ultimasnoticias"],"_links":{"self":[{"href":"https:\/\/somdepapo.com.br\/portal\/wp-json\/wp\/v2\/posts\/48648","targetHints":{"allow":["GET"]}}],"collection":[{"href":"https:\/\/somdepapo.com.br\/portal\/wp-json\/wp\/v2\/posts"}],"about":[{"href":"https:\/\/somdepapo.com.br\/portal\/wp-json\/wp\/v2\/types\/post"}],"author":[{"embeddable":true,"href":"https:\/\/somdepapo.com.br\/portal\/wp-json\/wp\/v2\/users\/1"}],"replies":[{"embeddable":true,"href":"https:\/\/somdepapo.com.br\/portal\/wp-json\/wp\/v2\/comments?post=48648"}],"version-history":[{"count":1,"href":"https:\/\/somdepapo.com.br\/portal\/wp-json\/wp\/v2\/posts\/48648\/revisions"}],"predecessor-version":[{"id":48649,"href":"https:\/\/somdepapo.com.br\/portal\/wp-json\/wp\/v2\/posts\/48648\/revisions\/48649"}],"wp:featuredmedia":[{"embeddable":true,"href":"https:\/\/somdepapo.com.br\/portal\/wp-json\/wp\/v2\/media\/48650"}],"wp:attachment":[{"href":"https:\/\/somdepapo.com.br\/portal\/wp-json\/wp\/v2\/media?parent=48648"}],"wp:term":[{"taxonomy":"category","embeddable":true,"href":"https:\/\/somdepapo.com.br\/portal\/wp-json\/wp\/v2\/categories?post=48648"},{"taxonomy":"post_tag","embeddable":true,"href":"https:\/\/somdepapo.com.br\/portal\/wp-json\/wp\/v2\/tags?post=48648"}],"curies":[{"name":"wp","href":"https:\/\/api.w.org\/{rel}","templated":true}]}}