{"id":48651,"date":"2026-04-27T05:36:02","date_gmt":"2026-04-27T08:36:02","guid":{"rendered":"https:\/\/somdepapo.com.br\/portal\/?p=48651"},"modified":"2026-04-26T17:38:24","modified_gmt":"2026-04-26T20:38:24","slug":"e-se-fosse-a-ultima-vez","status":"publish","type":"post","link":"https:\/\/somdepapo.com.br\/portal\/e-se-fosse-a-ultima-vez\/","title":{"rendered":"E se fosse a \u00faltima vez?"},"content":{"rendered":"<p style=\"text-align: right;\">Por Leandro liz<\/p>\n<p style=\"text-align: right;\">Psicanalista&nbsp;<\/p>\n<p style=\"text-align: right;\">@psicanalistalizes<\/p>\n<p style=\"text-align: justify;\">&nbsp;<\/p>\n<p style=\"text-align: justify;\">E se essa fosse a \u00faltima vez\u2026 o que ainda faltou ser dito?<\/p>\n<p style=\"text-align: justify;\">Talvez voc\u00ea pense que ainda d\u00e1 tempo. Que depois resolve. Que em outro momento fala. E assim vai adiando. Guardando. Engolindo o que deveria ter ganhado voz.<\/p>\n<p style=\"text-align: justify;\">Mas o que n\u00e3o \u00e9 dito n\u00e3o desaparece. Ele se instala. Fica no corpo, aparece no inc\u00f4modo, volta como pensamento insistente. Aquilo que voc\u00ea evitou dizer ao outro\u2026 muitas vezes tamb\u00e9m n\u00e3o foi dito a voc\u00ea mesmo.<\/p>\n<p style=\"text-align: justify;\">Na tentativa de n\u00e3o perder, voc\u00ea se cala. Na tentativa de manter, voc\u00ea se reduz. E, sem perceber, vai acumulando aquilo que nunca encontrou sa\u00edda.<\/p>\n<p style=\"text-align: justify;\">A psican\u00e1lise n\u00e3o trata apenas do que \u00e9 falado. Ela tamb\u00e9m escuta o sil\u00eancio. Mas h\u00e1 sil\u00eancios que n\u00e3o elaboram\u2026 apenas escondem.<\/p>\n<p style=\"text-align: justify;\">E talvez o que mais pesa n\u00e3o seja o que aconteceu, seja o que ficou por dizer.<\/p>\n<p style=\"text-align: justify;\">Porque existe um ponto em que o tempo n\u00e3o avisa. N\u00e3o negocia. Apenas passa.<\/p>\n<p style=\"text-align: justify;\">Ent\u00e3o a pergunta n\u00e3o \u00e9 sobre o outro.<\/p>\n<p style=\"text-align: justify;\">\u00c9 sobre voc\u00ea.<\/p>\n<p style=\"text-align: justify;\">O que ainda n\u00e3o foi dito\u2026 porque voc\u00ea n\u00e3o sustentou?<\/p>\n<p style=\"text-align: justify;\">E se essa fosse a \u00faltima vez\u2026 voc\u00ea continuaria em sil\u00eancio?<\/p>\n<p style=\"text-align: justify;\">&nbsp;<\/p>\n<p style=\"text-align: justify;\">&nbsp;<\/p>\n<p style=\"text-align: justify;\">Leandro Liz \u2013 Psicanalista<\/p>\n<p style=\"text-align: justify;\">Colunista do Portal Som de Papo \u2013 Coluna Positividade<\/p>\n<p style=\"text-align: justify;\">Atendimento psicanal\u00edtico terap\u00eautico online<\/p>\n<p style=\"text-align: justify;\">Contato: 49 999058129<\/p>\n<p style=\"text-align: justify;\">Se isso te atravessou, talvez seja hora de se escutar.<\/p>\n<p style=\"text-align: justify;\">Agende sua an\u00e1lise psicanal\u00edtica terap\u00eautica online.<\/p>\n<p style=\"text-align: justify;\">Imagem ilustrativa com aux\u00edlio de IA.<\/p>\n<p style=\"text-align: justify;\">&nbsp;<\/p>\n<p style=\"text-align: justify;\">&nbsp;<\/p>\n<p style=\"text-align: justify;\">&nbsp;<\/p>\n<p style=\"text-align: justify;\">&nbsp;<\/p>\n","protected":false},"excerpt":{"rendered":"<p>Por Leandro liz Psicanalista&nbsp; @psicanalistalizes &nbsp; E se essa fosse a \u00faltima vez\u2026 o que ainda faltou ser dito? Talvez voc\u00ea pense que ainda d\u00e1 tempo. Que depois resolve. Que em outro momento fala. E assim vai adiando. Guardando. Engolindo o que deveria ter ganhado voz. Mas o que n\u00e3o \u00e9 dito n\u00e3o desaparece. Ele [&hellip;]<\/p>\n","protected":false},"author":1,"featured_media":48652,"comment_status":"open","ping_status":"open","sticky":false,"template":"","format":"standard","meta":{"ngg_post_thumbnail":0,"footnotes":""},"categories":[2,36,41],"tags":[],"class_list":["post-48651","post","type-post","status-publish","format-standard","has-post-thumbnail","hentry","category-destaques","category-positividade","category-ultimasnoticias"],"_links":{"self":[{"href":"https:\/\/somdepapo.com.br\/portal\/wp-json\/wp\/v2\/posts\/48651","targetHints":{"allow":["GET"]}}],"collection":[{"href":"https:\/\/somdepapo.com.br\/portal\/wp-json\/wp\/v2\/posts"}],"about":[{"href":"https:\/\/somdepapo.com.br\/portal\/wp-json\/wp\/v2\/types\/post"}],"author":[{"embeddable":true,"href":"https:\/\/somdepapo.com.br\/portal\/wp-json\/wp\/v2\/users\/1"}],"replies":[{"embeddable":true,"href":"https:\/\/somdepapo.com.br\/portal\/wp-json\/wp\/v2\/comments?post=48651"}],"version-history":[{"count":1,"href":"https:\/\/somdepapo.com.br\/portal\/wp-json\/wp\/v2\/posts\/48651\/revisions"}],"predecessor-version":[{"id":48653,"href":"https:\/\/somdepapo.com.br\/portal\/wp-json\/wp\/v2\/posts\/48651\/revisions\/48653"}],"wp:featuredmedia":[{"embeddable":true,"href":"https:\/\/somdepapo.com.br\/portal\/wp-json\/wp\/v2\/media\/48652"}],"wp:attachment":[{"href":"https:\/\/somdepapo.com.br\/portal\/wp-json\/wp\/v2\/media?parent=48651"}],"wp:term":[{"taxonomy":"category","embeddable":true,"href":"https:\/\/somdepapo.com.br\/portal\/wp-json\/wp\/v2\/categories?post=48651"},{"taxonomy":"post_tag","embeddable":true,"href":"https:\/\/somdepapo.com.br\/portal\/wp-json\/wp\/v2\/tags?post=48651"}],"curies":[{"name":"wp","href":"https:\/\/api.w.org\/{rel}","templated":true}]}}