{"id":48659,"date":"2026-04-27T05:16:07","date_gmt":"2026-04-27T08:16:07","guid":{"rendered":"https:\/\/somdepapo.com.br\/portal\/?p=48659"},"modified":"2026-04-26T18:20:21","modified_gmt":"2026-04-26T21:20:21","slug":"superando-o-luto","status":"publish","type":"post","link":"https:\/\/somdepapo.com.br\/portal\/superando-o-luto\/","title":{"rendered":"Superando o Luto"},"content":{"rendered":"<p style=\"text-align: right;\">Por Eneida Roberta Bonanza<\/p>\n<p style=\"text-align: justify;\">Tem dias em que a saudade chega devagar.<\/p>\n<p style=\"text-align: justify;\">Em sil\u00eancio.<\/p>\n<p style=\"text-align: justify;\">E tem dias em que ela entra sem bater.<\/p>\n<p style=\"text-align: justify;\">Desorganiza o peito, muda o humor, rouba a concentra\u00e7\u00e3o e transforma coisas simples em um peso dif\u00edcil de explicar.<\/p>\n<p style=\"text-align: justify;\">O luto n\u00e3o acontece s\u00f3 no enterro.<\/p>\n<p style=\"text-align: justify;\">\u00c0s vezes ele come\u00e7a depois.<\/p>\n<p style=\"text-align: justify;\">Quando as visitas v\u00e3o embora.<\/p>\n<p style=\"text-align: justify;\">Quando o telefone para de tocar.<\/p>\n<p style=\"text-align: justify;\">Quando o mundo continua funcionando\u2026 mas a pessoa por dentro ainda n\u00e3o conseguiu voltar.<\/p>\n<p style=\"text-align: justify;\">Existe uma parte muito solit\u00e1ria no luto que quase ningu\u00e9m fala.<\/p>\n<p style=\"text-align: justify;\">Porque todo mundo entende a perda no come\u00e7o.<\/p>\n<p style=\"text-align: justify;\">Mas poucas pessoas entendem a continuidade dela.<\/p>\n<p style=\"text-align: justify;\">Depois de um tempo, esperam que voc\u00ea esteja melhor.<\/p>\n<p style=\"text-align: justify;\">Mais forte.<\/p>\n<p style=\"text-align: justify;\">Mais \u201cnormal\u201d.<\/p>\n<p style=\"text-align: justify;\">S\u00f3 que algumas aus\u00eancias n\u00e3o cabem dentro do calend\u00e1rio dos outros.<\/p>\n<p style=\"text-align: justify;\">E talvez uma das coisas mais dif\u00edceis seja exatamente essa sensa\u00e7\u00e3o estranha de perceber que a vida continua acontecendo enquanto uma parte sua ainda est\u00e1 tentando entender o que aconteceu.<\/p>\n<p style=\"text-align: justify;\">O luto cansa.<\/p>\n<p style=\"text-align: justify;\">Cansa emocionalmente.<\/p>\n<p style=\"text-align: justify;\">Fisicamente.<\/p>\n<p style=\"text-align: justify;\">Mentalmente.<\/p>\n<p style=\"text-align: justify;\">Tem gente que perde o sono.<\/p>\n<p style=\"text-align: justify;\">Tem gente que dorme demais.<\/p>\n<p style=\"text-align: justify;\">Tem gente que perde a fome.<\/p>\n<p style=\"text-align: justify;\">Tem gente que tenta preencher a dor comprando, trabalhando, se distraindo ou ficando forte o tempo inteiro para n\u00e3o desmontar.<\/p>\n<p style=\"text-align: justify;\">Mas a verdade \u00e9 que ningu\u00e9m passa ileso pela perda daquilo que amou profundamente.<\/p>\n<p style=\"text-align: justify;\">E isso n\u00e3o deveria ser motivo de vergonha.<\/p>\n<p style=\"text-align: justify;\">A gente aprendeu a esconder tristeza.<\/p>\n<p style=\"text-align: justify;\">A disfar\u00e7ar dor.<\/p>\n<p style=\"text-align: justify;\">A responder \u201cest\u00e1 tudo bem\u201d mesmo quando claramente n\u00e3o est\u00e1.<\/p>\n<p style=\"text-align: justify;\">S\u00f3 que o corpo sempre percebe.<\/p>\n<p style=\"text-align: justify;\">O corpo percebe o aperto na garganta.<\/p>\n<p style=\"text-align: justify;\">O cansa\u00e7o que aparece do nada.<\/p>\n<p style=\"text-align: justify;\">A irrita\u00e7\u00e3o.<\/p>\n<p style=\"text-align: justify;\">O vazio.<\/p>\n<p style=\"text-align: justify;\">A falta de vontade de conversar.<\/p>\n<p style=\"text-align: justify;\">A sensa\u00e7\u00e3o de estar presente sem realmente conseguir estar.<\/p>\n<p style=\"text-align: justify;\">Perder algu\u00e9m muda o ritmo da vida por dentro.<\/p>\n<p style=\"text-align: justify;\">E cada pessoa atravessa isso de um jeito muito particular.<\/p>\n<p style=\"text-align: justify;\">Tem quem chore todos os dias.<\/p>\n<p style=\"text-align: justify;\">Tem quem n\u00e3o consiga chorar.<\/p>\n<p style=\"text-align: justify;\">Tem quem precise falar.<\/p>\n<p style=\"text-align: justify;\">Tem quem precise de sil\u00eancio.<\/p>\n<p style=\"text-align: justify;\">N\u00e3o existe uma maneira certa de viver o luto.<\/p>\n<p style=\"text-align: justify;\">Existe apenas a maneira poss\u00edvel naquele momento.<\/p>\n<p style=\"text-align: justify;\">E talvez o maior erro seja tentar acelerar um processo que precisa ser sentido.<\/p>\n<p style=\"text-align: justify;\">Porque sentir dor n\u00e3o significa fraqueza.<\/p>\n<p style=\"text-align: justify;\">Significa v\u00ednculo.<\/p>\n<p style=\"text-align: justify;\">S\u00f3 sofre quem amou.<\/p>\n<p style=\"text-align: justify;\">Com o tempo, a dor muda de lugar.<\/p>\n<p style=\"text-align: justify;\">Ela deixa de ocupar tudo.<\/p>\n<p style=\"text-align: justify;\">A saudade continua existindo, mas j\u00e1 n\u00e3o impede a pessoa de respirar.<\/p>\n<p style=\"text-align: justify;\">As lembran\u00e7as come\u00e7am a machucar menos e aquecer mais.<\/p>\n<p style=\"text-align: justify;\">O nome da pessoa volta a ser falado sem que a voz falhe o tempo inteiro.<\/p>\n<p style=\"text-align: justify;\">E isso n\u00e3o \u00e9 esquecer.<\/p>\n<p style=\"text-align: justify;\">\u00c9 aprender a carregar amor sem carregar somente sofrimento.<\/p>\n<p style=\"text-align: justify;\">Tem uma frase que eu ouvi uma vez e nunca esqueci:<\/p>\n<p style=\"text-align: justify;\">\u201co luto \u00e9 o pre\u00e7o emocional de ter vivido algo importante.\u201d<\/p>\n<p style=\"text-align: justify;\">E talvez seja isso.<\/p>\n<p style=\"text-align: justify;\">Talvez a dor exista porque existiu amor.<\/p>\n<p style=\"text-align: justify;\">Porque existiu presen\u00e7a.<\/p>\n<p style=\"text-align: justify;\">Porque existiu significado.<\/p>\n<p style=\"text-align: justify;\">Algumas pessoas passam pela nossa vida e deixam marcas t\u00e3o profundas que continuam existindo em pequenos detalhes.<\/p>\n<p style=\"text-align: justify;\">Num jeito de falar.<\/p>\n<p style=\"text-align: justify;\">Numa m\u00fasica.<\/p>\n<p style=\"text-align: justify;\">Num conselho.<\/p>\n<p style=\"text-align: justify;\">Num h\u00e1bito.<\/p>\n<p style=\"text-align: justify;\">Num cheiro.<\/p>\n<p style=\"text-align: justify;\">Num peda\u00e7o da nossa hist\u00f3ria.<\/p>\n<p style=\"text-align: justify;\">A aus\u00eancia d\u00f3i\u2026<\/p>\n<p style=\"text-align: justify;\">mas o amor vivido tamb\u00e9m permanece.<\/p>\n<p style=\"text-align: justify;\">E chega um momento em que a pessoa entende que seguir vivendo n\u00e3o \u00e9 abandonar quem partiu.<\/p>\n<p style=\"text-align: justify;\">\u00c9 permitir que a vida continue florescendo apesar da saudade.<\/p>\n<p style=\"text-align: justify;\">Porque o amor verdadeiro n\u00e3o termina na aus\u00eancia.<\/p>\n<p style=\"text-align: justify;\">Ele muda de forma.<\/p>\n<p style=\"text-align: justify;\">Eneida Roberta Bonanza \u00e9 fisioterapeuta, terapeuta integrativa, escritora internacional, palestrante e CEO da CHER \u2013 Cl\u00ednica de Sa\u00fade Humanizada. Atua com abordagens integrativas voltadas \u00e0 regula\u00e7\u00e3o emocional, sa\u00fade sist\u00eamica e equil\u00edbrio entre corpo e mente.<\/p>\n<p style=\"text-align: justify;\">&nbsp;<\/p>\n","protected":false},"excerpt":{"rendered":"<p>Por Eneida Roberta Bonanza Tem dias em que a saudade chega devagar. Em sil\u00eancio. E tem dias em que ela entra sem bater. Desorganiza o peito, muda o humor, rouba a concentra\u00e7\u00e3o e transforma coisas simples em um peso dif\u00edcil de explicar. O luto n\u00e3o acontece s\u00f3 no enterro. \u00c0s vezes ele come\u00e7a depois. Quando [&hellip;]<\/p>\n","protected":false},"author":1,"featured_media":48662,"comment_status":"open","ping_status":"open","sticky":false,"template":"","format":"standard","meta":{"ngg_post_thumbnail":0,"footnotes":""},"categories":[2,358,41],"tags":[],"class_list":["post-48659","post","type-post","status-publish","format-standard","has-post-thumbnail","hentry","category-destaques","category-transformacao-vital","category-ultimasnoticias"],"_links":{"self":[{"href":"https:\/\/somdepapo.com.br\/portal\/wp-json\/wp\/v2\/posts\/48659","targetHints":{"allow":["GET"]}}],"collection":[{"href":"https:\/\/somdepapo.com.br\/portal\/wp-json\/wp\/v2\/posts"}],"about":[{"href":"https:\/\/somdepapo.com.br\/portal\/wp-json\/wp\/v2\/types\/post"}],"author":[{"embeddable":true,"href":"https:\/\/somdepapo.com.br\/portal\/wp-json\/wp\/v2\/users\/1"}],"replies":[{"embeddable":true,"href":"https:\/\/somdepapo.com.br\/portal\/wp-json\/wp\/v2\/comments?post=48659"}],"version-history":[{"count":1,"href":"https:\/\/somdepapo.com.br\/portal\/wp-json\/wp\/v2\/posts\/48659\/revisions"}],"predecessor-version":[{"id":48661,"href":"https:\/\/somdepapo.com.br\/portal\/wp-json\/wp\/v2\/posts\/48659\/revisions\/48661"}],"wp:featuredmedia":[{"embeddable":true,"href":"https:\/\/somdepapo.com.br\/portal\/wp-json\/wp\/v2\/media\/48662"}],"wp:attachment":[{"href":"https:\/\/somdepapo.com.br\/portal\/wp-json\/wp\/v2\/media?parent=48659"}],"wp:term":[{"taxonomy":"category","embeddable":true,"href":"https:\/\/somdepapo.com.br\/portal\/wp-json\/wp\/v2\/categories?post=48659"},{"taxonomy":"post_tag","embeddable":true,"href":"https:\/\/somdepapo.com.br\/portal\/wp-json\/wp\/v2\/tags?post=48659"}],"curies":[{"name":"wp","href":"https:\/\/api.w.org\/{rel}","templated":true}]}}