{"id":48664,"date":"2026-04-28T05:53:40","date_gmt":"2026-04-28T08:53:40","guid":{"rendered":"https:\/\/somdepapo.com.br\/portal\/?p=48664"},"modified":"2026-04-26T19:56:02","modified_gmt":"2026-04-26T22:56:02","slug":"neurodiversidade-o-novo-diferencial-competitivo-das-empresas-inteligentes","status":"publish","type":"post","link":"https:\/\/somdepapo.com.br\/portal\/neurodiversidade-o-novo-diferencial-competitivo-das-empresas-inteligentes\/","title":{"rendered":"Neurodiversidade: O novo diferencial competitivo das empresas inteligentes"},"content":{"rendered":"<p style=\"text-align: right;\">Por Christmann Miranda<\/p>\n<p style=\"text-align: justify;\">Durante muito tempo, o ambiente corporativo foi estruturado com base em um modelo \u00fanico de desempenho, comportamento e produtividade. Entretanto, o mercado contempor\u00e2neo exige algo diferente: diversidade de pensamento, criatividade estrat\u00e9gica e inova\u00e7\u00e3o constante. \u00c9 nesse contexto que a neurodiversidade emerge n\u00e3o como pauta social apenas, mas como ativo estrat\u00e9gico empresarial.<\/p>\n<p style=\"text-align: justify;\">Neurodiversidade \u00e9 o conceito que reconhece varia\u00e7\u00f5es neurol\u00f3gicas \u2014 como Transtorno do Espectro Autista (TEA), TDAH, dislexia, entre outras \u2014 como parte natural da diversidade humana. N\u00e3o se trata de defici\u00eancia no sentido tradicional, mas de perfis cognitivos distintos que oferecem habilidades espec\u00edficas e altamente valorizadas em ambientes corporativos modernos.<\/p>\n<p style=\"text-align: justify;\">Empresas que compreenderam essa din\u00e2mica j\u00e1 perceberam ganhos concretos. Pessoas neurodivergentes frequentemente apresentam alta capacidade de concentra\u00e7\u00e3o, pensamento l\u00f3gico estruturado, criatividade n\u00e3o convencional, reconhecimento de padr\u00f5es e habilidades anal\u00edticas diferenciadas. Em setores como tecnologia, engenharia, finan\u00e7as e an\u00e1lise de dados, esses talentos podem representar vantagem competitiva real.<\/p>\n<p style=\"text-align: justify;\">Contudo, a inclus\u00e3o produtiva n\u00e3o ocorre por acaso. Exige estrutura organizacional preparada. Ambientes previs\u00edveis, comunica\u00e7\u00e3o clara, processos bem definidos e lideran\u00e7as capacitadas fazem toda a diferen\u00e7a. Empresas que investem em adapta\u00e7\u00e3o organizacional descobrem que os ajustes implementados beneficiam n\u00e3o apenas colaboradores neurodivergentes, mas toda a equipe.<\/p>\n<p style=\"text-align: justify;\">Al\u00e9m do ganho operacional, h\u00e1 tamb\u00e9m impacto reputacional. Consumidores e investidores valorizam empresas que demonstram compromisso genu\u00edno com diversidade e inclus\u00e3o. A agenda ESG (Environmental, Social and Governance) passou a influenciar decis\u00f5es de investimento e posicionamento de mercado. Incluir neurodiversidade deixou de ser apenas responsabilidade social \u2014 tornou-se estrat\u00e9gia de sustentabilidade corporativa.<\/p>\n<p style=\"text-align: justify;\">No Brasil, legisla\u00e7\u00f5es como a Lei n\u00ba 12.764\/2012 (Lei Berenice Piana) e a Lei n\u00ba 13.146\/2015 (Estatuto da Pessoa com Defici\u00eancia) refor\u00e7am direitos e promovem inclus\u00e3o. Entretanto, a verdadeira transforma\u00e7\u00e3o acontece quando o setor privado ultrapassa a obriga\u00e7\u00e3o legal e enxerga o potencial humano.<\/p>\n<p style=\"text-align: justify;\">A pergunta que gestores devem fazer n\u00e3o \u00e9 \u201ccomo incluir? \u201d, mas \u201ccomo estruturar a empresa para aproveitar melhor diferentes formas de pensar?\u201d. Inova\u00e7\u00e3o nasce do contraste. Equipes homog\u00eaneas tendem \u00e0 repeti\u00e7\u00e3o. Equipes diversas geram solu\u00e7\u00f5es disruptivas.<\/p>\n<p style=\"text-align: justify;\">Investir em neurodiversidade significa investir em capital humano qualificado, diferencial competitivo e posicionamento estrat\u00e9gico. No cen\u00e1rio econ\u00f4mico atual, empresas que compreendem isso estar\u00e3o \u00e0 frente.<\/p>\n<p style=\"text-align: justify;\">Porque no futuro dos neg\u00f3cios, diversidade cognitiva n\u00e3o ser\u00e1 diferencial \u2014 ser\u00e1 requisito.<\/p>\n<p style=\"text-align: justify;\">&nbsp;<\/p>\n<p style=\"text-align: justify;\">&nbsp;<\/p>\n","protected":false},"excerpt":{"rendered":"<p>Por Christmann Miranda Durante muito tempo, o ambiente corporativo foi estruturado com base em um modelo \u00fanico de desempenho, comportamento e produtividade. Entretanto, o mercado contempor\u00e2neo exige algo diferente: diversidade de pensamento, criatividade estrat\u00e9gica e inova\u00e7\u00e3o constante. \u00c9 nesse contexto que a neurodiversidade emerge n\u00e3o como pauta social apenas, mas como ativo estrat\u00e9gico empresarial. Neurodiversidade [&hellip;]<\/p>\n","protected":false},"author":1,"featured_media":48665,"comment_status":"open","ping_status":"open","sticky":false,"template":"","format":"standard","meta":{"ngg_post_thumbnail":0,"footnotes":""},"categories":[2,30,31,41],"tags":[],"class_list":["post-48664","post","type-post","status-publish","format-standard","has-post-thumbnail","hentry","category-destaques","category-negocios","category-noticias","category-ultimasnoticias"],"_links":{"self":[{"href":"https:\/\/somdepapo.com.br\/portal\/wp-json\/wp\/v2\/posts\/48664","targetHints":{"allow":["GET"]}}],"collection":[{"href":"https:\/\/somdepapo.com.br\/portal\/wp-json\/wp\/v2\/posts"}],"about":[{"href":"https:\/\/somdepapo.com.br\/portal\/wp-json\/wp\/v2\/types\/post"}],"author":[{"embeddable":true,"href":"https:\/\/somdepapo.com.br\/portal\/wp-json\/wp\/v2\/users\/1"}],"replies":[{"embeddable":true,"href":"https:\/\/somdepapo.com.br\/portal\/wp-json\/wp\/v2\/comments?post=48664"}],"version-history":[{"count":1,"href":"https:\/\/somdepapo.com.br\/portal\/wp-json\/wp\/v2\/posts\/48664\/revisions"}],"predecessor-version":[{"id":48666,"href":"https:\/\/somdepapo.com.br\/portal\/wp-json\/wp\/v2\/posts\/48664\/revisions\/48666"}],"wp:featuredmedia":[{"embeddable":true,"href":"https:\/\/somdepapo.com.br\/portal\/wp-json\/wp\/v2\/media\/48665"}],"wp:attachment":[{"href":"https:\/\/somdepapo.com.br\/portal\/wp-json\/wp\/v2\/media?parent=48664"}],"wp:term":[{"taxonomy":"category","embeddable":true,"href":"https:\/\/somdepapo.com.br\/portal\/wp-json\/wp\/v2\/categories?post=48664"},{"taxonomy":"post_tag","embeddable":true,"href":"https:\/\/somdepapo.com.br\/portal\/wp-json\/wp\/v2\/tags?post=48664"}],"curies":[{"name":"wp","href":"https:\/\/api.w.org\/{rel}","templated":true}]}}