{"id":48678,"date":"2026-04-27T15:01:38","date_gmt":"2026-04-27T18:01:38","guid":{"rendered":"https:\/\/somdepapo.com.br\/portal\/?p=48678"},"modified":"2026-04-27T15:01:38","modified_gmt":"2026-04-27T18:01:38","slug":"nem-tudo-o-que-voce-sente-e-de-fato-seu","status":"publish","type":"post","link":"https:\/\/somdepapo.com.br\/portal\/nem-tudo-o-que-voce-sente-e-de-fato-seu\/","title":{"rendered":"Nem tudo o que voc\u00ea sente \u00e9, de fato, seu"},"content":{"rendered":"<p style=\"text-align: right;\">Por Laura Porto&nbsp;<\/p>\n<p style=\"text-align: justify;\">H\u00e1 sentimentos que chegam sem an\u00fancio.<\/p>\n<p style=\"text-align: justify;\">Uma ang\u00fastia discreta e persistente.<\/p>\n<p style=\"text-align: justify;\">Uma inquieta\u00e7\u00e3o sem nome.<\/p>\n<p style=\"text-align: justify;\">Um peso que se instala sem explica\u00e7\u00e3o aparente.<\/p>\n<p style=\"text-align: justify;\">E, quase sempre, voc\u00ea acredita: sou eu.<\/p>\n<p style=\"text-align: justify;\">Mas nem tudo o que habita em voc\u00ea nasceu em voc\u00ea.<\/p>\n<p style=\"text-align: justify;\">Muitas emo\u00e7\u00f5es foram assimiladas ao longo do caminho.<\/p>\n<p style=\"text-align: justify;\">Aprendidas no conv\u00edvio.<\/p>\n<p style=\"text-align: justify;\">Absorvidas nos ambientes.<\/p>\n<p style=\"text-align: justify;\">Herdadas em sil\u00eancios familiares.<\/p>\n<p style=\"text-align: justify;\">Expectativas que nunca foram suas.<\/p>\n<p style=\"text-align: justify;\">Medos transmitidos como prote\u00e7\u00e3o.<\/p>\n<p style=\"text-align: justify;\">Cren\u00e7as repetidas at\u00e9 parecerem verdade.<\/p>\n<p style=\"text-align: justify;\">Assim, pouco a pouco, vamos carregando conte\u00fados alheios como se fossem identidade.<\/p>\n<p style=\"text-align: justify;\">E passamos a viver reagindo a dores que n\u00e3o escolhemos, obedecendo roteiros que jamais escrevemos.<\/p>\n<p style=\"text-align: justify;\">At\u00e9 que surge o instante mais importante da consci\u00eancia:<\/p>\n<p style=\"text-align: justify;\">Perceber que sentir n\u00e3o significa pertencer.<\/p>\n<p style=\"text-align: justify;\">Nem tudo o que pesa em voc\u00ea lhe pertence.<\/p>\n<p style=\"text-align: justify;\">Nem toda emo\u00e7\u00e3o merece perman\u00eancia.<\/p>\n<p style=\"text-align: justify;\">Nem todo sofrimento precisa ser continuidade.<\/p>\n<p style=\"text-align: justify;\">H\u00e1 liberdade em questionar aquilo que se sente.<\/p>\n<p style=\"text-align: justify;\">H\u00e1 maturidade em discernir o que \u00e9 ess\u00eancia e o que \u00e9 heran\u00e7a.<\/p>\n<p style=\"text-align: justify;\">E h\u00e1 poder em devolver, com lucidez, tudo aquilo que nunca foi seu.<\/p>\n<p style=\"text-align: justify;\">&nbsp;<\/p>\n<p style=\"text-align: justify;\">&nbsp;<\/p>\n","protected":false},"excerpt":{"rendered":"<p>Por Laura Porto&nbsp; H\u00e1 sentimentos que chegam sem an\u00fancio. Uma ang\u00fastia discreta e persistente. Uma inquieta\u00e7\u00e3o sem nome. Um peso que se instala sem explica\u00e7\u00e3o aparente. E, quase sempre, voc\u00ea acredita: sou eu. Mas nem tudo o que habita em voc\u00ea nasceu em voc\u00ea. Muitas emo\u00e7\u00f5es foram assimiladas ao longo do caminho. Aprendidas no conv\u00edvio. [&hellip;]<\/p>\n","protected":false},"author":1,"featured_media":48679,"comment_status":"open","ping_status":"open","sticky":false,"template":"","format":"standard","meta":{"ngg_post_thumbnail":0,"footnotes":""},"categories":[2,361,41],"tags":[],"class_list":["post-48678","post","type-post","status-publish","format-standard","has-post-thumbnail","hentry","category-destaques","category-reprogramacao-emocional","category-ultimasnoticias"],"_links":{"self":[{"href":"https:\/\/somdepapo.com.br\/portal\/wp-json\/wp\/v2\/posts\/48678","targetHints":{"allow":["GET"]}}],"collection":[{"href":"https:\/\/somdepapo.com.br\/portal\/wp-json\/wp\/v2\/posts"}],"about":[{"href":"https:\/\/somdepapo.com.br\/portal\/wp-json\/wp\/v2\/types\/post"}],"author":[{"embeddable":true,"href":"https:\/\/somdepapo.com.br\/portal\/wp-json\/wp\/v2\/users\/1"}],"replies":[{"embeddable":true,"href":"https:\/\/somdepapo.com.br\/portal\/wp-json\/wp\/v2\/comments?post=48678"}],"version-history":[{"count":1,"href":"https:\/\/somdepapo.com.br\/portal\/wp-json\/wp\/v2\/posts\/48678\/revisions"}],"predecessor-version":[{"id":48680,"href":"https:\/\/somdepapo.com.br\/portal\/wp-json\/wp\/v2\/posts\/48678\/revisions\/48680"}],"wp:featuredmedia":[{"embeddable":true,"href":"https:\/\/somdepapo.com.br\/portal\/wp-json\/wp\/v2\/media\/48679"}],"wp:attachment":[{"href":"https:\/\/somdepapo.com.br\/portal\/wp-json\/wp\/v2\/media?parent=48678"}],"wp:term":[{"taxonomy":"category","embeddable":true,"href":"https:\/\/somdepapo.com.br\/portal\/wp-json\/wp\/v2\/categories?post=48678"},{"taxonomy":"post_tag","embeddable":true,"href":"https:\/\/somdepapo.com.br\/portal\/wp-json\/wp\/v2\/tags?post=48678"}],"curies":[{"name":"wp","href":"https:\/\/api.w.org\/{rel}","templated":true}]}}