{"id":48690,"date":"2026-04-28T12:31:54","date_gmt":"2026-04-28T15:31:54","guid":{"rendered":"https:\/\/somdepapo.com.br\/portal\/?p=48690"},"modified":"2026-04-28T12:33:15","modified_gmt":"2026-04-28T15:33:15","slug":"o-fim-dos-beneficios-fiscais-e-a-reconfiguracao-do-lucro-empresarial-uma-analise-juridico-estrategica-da-reforma-tributaria-2","status":"publish","type":"post","link":"https:\/\/somdepapo.com.br\/portal\/o-fim-dos-beneficios-fiscais-e-a-reconfiguracao-do-lucro-empresarial-uma-analise-juridico-estrategica-da-reforma-tributaria-2\/","title":{"rendered":"O Fim dos Benef\u00edcios Fiscais e a Reconfigura\u00e7\u00e3o do Lucro Empresarial: uma An\u00e1lise Jur\u00eddico-Estrat\u00e9gica da Reforma Tribut\u00e1ria"},"content":{"rendered":"<p style=\"text-align: right;\">Por Dra. Ana Igansi<\/p>\n<p style=\"text-align: right;\">@anaigansiadvocacia<\/p>\n<p style=\"text-align: justify;\">A falsa neutralidade e o risco invis\u00edvel<\/p>\n<p style=\"text-align: justify;\">A promulga\u00e7\u00e3o da Emenda Constitucional n\u00ba 132\/2023 inaugurou, no ordenamento jur\u00eddico brasileiro, uma das mais profundas reestrutura\u00e7\u00f5es do sistema tribut\u00e1rio das \u00faltimas d\u00e9cadas.<\/p>\n<p style=\"text-align: justify;\">Sob o discurso da simplifica\u00e7\u00e3o, da transpar\u00eancia e da neutralidade, o novo modelo, centrado na substitui\u00e7\u00e3o de tributos sobre o consumo por um sistema de valor agregado dual (CBS e IBS), projeta um ambiente de maior racionalidade fiscal.<\/p>\n<p style=\"text-align: justify;\">Entretanto, a neutralidade tribut\u00e1ria prevista constitucionalmente n\u00e3o \u00e9 uma neutralidade individual, mas sim sist\u00eamica.<\/p>\n<p style=\"text-align: justify;\">E \u00e9 exatamente nesse ponto que emerge o risco mais sofisticado da transi\u00e7\u00e3o: A desconex\u00e3o entre o discurso normativo da neutralidade e os efeitos econ\u00f4micos concretos suportados pelas empresas.<\/p>\n<p style=\"text-align: justify;\">O fim gradual de benef\u00edcios fiscais, sobretudo aqueles relacionados a regimes de PIS e Cofins, n\u00e3o representa apenas uma altera\u00e7\u00e3o t\u00e9cnica.&nbsp;<\/p>\n<p style=\"text-align: justify;\">Representa uma reconfigura\u00e7\u00e3o silenciosa da estrutura de custos, margens e contratos empresariais.<\/p>\n<p style=\"text-align: justify;\">&nbsp;<\/p>\n<p style=\"text-align: justify;\">A transi\u00e7\u00e3o tribut\u00e1ria e a ruptura da l\u00f3gica econ\u00f4mica anterior<\/p>\n<p style=\"text-align: justify;\">O modelo anterior, embora complexo e distorcido, permitia \u00e0s empresas estruturar suas opera\u00e7\u00f5es com base em:<\/p>\n<p style=\"text-align: justify;\">regimes cumulativos e n\u00e3o cumulativos&nbsp;<\/p>\n<p style=\"text-align: justify;\">incentivos fiscais setoriais&nbsp;<\/p>\n<p style=\"text-align: justify;\">al\u00edquotas diferenciadas&nbsp;<\/p>\n<p style=\"text-align: justify;\">estrat\u00e9gias de creditamento limitadas&nbsp;<\/p>\n<p style=\"text-align: justify;\">Com a nova sistem\u00e1tica, h\u00e1 uma ruptura estrutural:<\/p>\n<p style=\"text-align: justify;\">amplia\u00e7\u00e3o da n\u00e3o cumulatividade&nbsp;<\/p>\n<p style=\"text-align: justify;\">uniformiza\u00e7\u00e3o da incid\u00eancia&nbsp;<\/p>\n<p style=\"text-align: justify;\">redu\u00e7\u00e3o progressiva de benef\u00edcios fiscais&nbsp;<\/p>\n<p style=\"text-align: justify;\">maior transpar\u00eancia na carga tribut\u00e1ria&nbsp;<\/p>\n<p style=\"text-align: justify;\">Todavia, essa transi\u00e7\u00e3o, prevista para se estender at\u00e9 aproximadamente 2033, cria um cen\u00e1rio h\u00edbrido, no qual coexistem:<\/p>\n<p style=\"text-align: justify;\">regras antigas ainda vigentes&nbsp;<\/p>\n<p style=\"text-align: justify;\">novas regras em fase de implementa\u00e7\u00e3o&nbsp;<\/p>\n<p style=\"text-align: justify;\">Esse ambiente aumenta exponencialmente a complexidade operacional e jur\u00eddica.<\/p>\n<p style=\"text-align: justify;\">&nbsp;<\/p>\n<p style=\"text-align: justify;\">O impacto na forma\u00e7\u00e3o de pre\u00e7os: a quebra da premissa econ\u00f4mica<\/p>\n<p style=\"text-align: justify;\">A forma\u00e7\u00e3o de pre\u00e7o empresarial n\u00e3o \u00e9 apenas um ato comercial, \u00e9 um reflexo direto da carga tribut\u00e1ria incidente.<\/p>\n<p style=\"text-align: justify;\">Empresas que estruturaram seus pre\u00e7os considerando:<\/p>\n<p style=\"text-align: justify;\">isen\u00e7\u00f5es de PIS\/Cofins&nbsp;<\/p>\n<p style=\"text-align: justify;\">regimes favorecidos&nbsp;<\/p>\n<p style=\"text-align: justify;\">margens ajustadas \u00e0 carga anterior&nbsp;<\/p>\n<p style=\"text-align: justify;\">Passam agora a enfrentar uma distor\u00e7\u00e3o relevante.<\/p>\n<p style=\"text-align: justify;\">A retirada gradual desses benef\u00edcios implica:<\/p>\n<p style=\"text-align: justify;\">aumento indireto do custo tribut\u00e1rio&nbsp;<\/p>\n<p style=\"text-align: justify;\">compress\u00e3o da margem operacional&nbsp;<\/p>\n<p style=\"text-align: justify;\">necessidade de reprecifica\u00e7\u00e3o&nbsp;<\/p>\n<p style=\"text-align: justify;\">A aus\u00eancia de revis\u00e3o desses elementos conduz a um fen\u00f4meno perigoso: a opera\u00e7\u00e3o economicamente invi\u00e1vel disfar\u00e7ada de estabilidade.<\/p>\n<p style=\"text-align: justify;\">&nbsp;<\/p>\n<p style=\"text-align: justify;\">A eros\u00e3o silenciosa do lucro: o fen\u00f4meno da perda incremental<\/p>\n<p style=\"text-align: justify;\">Diferentemente de majora\u00e7\u00f5es tribut\u00e1rias expl\u00edcitas, o impacto da reforma se manifesta de forma progressiva.<\/p>\n<p style=\"text-align: justify;\">N\u00e3o h\u00e1, necessariamente, um aumento abrupto de al\u00edquotas.<\/p>\n<p style=\"text-align: justify;\">H\u00e1, sim:<\/p>\n<p style=\"text-align: justify;\">altera\u00e7\u00f5es na base de c\u00e1lculo&nbsp;<\/p>\n<p style=\"text-align: justify;\">mudan\u00e7as no regime de creditamento&nbsp;<\/p>\n<p style=\"text-align: justify;\">elimina\u00e7\u00e3o de distor\u00e7\u00f5es anteriormente exploradas&nbsp;<\/p>\n<p style=\"text-align: justify;\">O resultado \u00e9 um processo de eros\u00e3o gradual da rentabilidade.<\/p>\n<p style=\"text-align: justify;\">Sob a \u00f3tica econ\u00f4mica, trata-se de um fen\u00f4meno de perda incremental de margem, cuja periculosidade reside justamente na aus\u00eancia de percep\u00e7\u00e3o imediata.<\/p>\n<p style=\"text-align: justify;\">Como se observa na pr\u00e1tica:<\/p>\n<p style=\"text-align: justify;\">o faturamento se mant\u00e9m&nbsp;<\/p>\n<p style=\"text-align: justify;\">o volume de opera\u00e7\u00f5es permanece&nbsp;<\/p>\n<p style=\"text-align: justify;\">mas o resultado l\u00edquido se deteriora&nbsp;<\/p>\n<p style=\"text-align: justify;\">Essa din\u00e2mica compromete a sustentabilidade empresarial a m\u00e9dio prazo.<\/p>\n<p style=\"text-align: justify;\">&nbsp;<\/p>\n<p style=\"text-align: justify;\">Repercuss\u00f5es contratuais: o desequil\u00edbrio econ\u00f4mico-financeiro<\/p>\n<p style=\"text-align: justify;\">No plano jur\u00eddico, os efeitos s\u00e3o igualmente relevantes.<\/p>\n<p style=\"text-align: justify;\">Contratos firmados sob uma determinada realidade tribut\u00e1ria passam a operar em um cen\u00e1rio substancialmente alterado.<\/p>\n<p style=\"text-align: justify;\">A aus\u00eancia de cl\u00e1usulas de:<\/p>\n<p style=\"text-align: justify;\">reequil\u00edbrio econ\u00f4mico-financeiro&nbsp;<\/p>\n<p style=\"text-align: justify;\">revis\u00e3o de pre\u00e7os&nbsp;<\/p>\n<p style=\"text-align: justify;\">repasse de carga tribut\u00e1ria&nbsp;<\/p>\n<p style=\"text-align: justify;\">Pode gerar:<\/p>\n<p style=\"text-align: justify;\">onerosidade excessiva&nbsp;<\/p>\n<p style=\"text-align: justify;\">ruptura do equil\u00edbrio contratual&nbsp;<\/p>\n<p style=\"text-align: justify;\">judicializa\u00e7\u00e3o das rela\u00e7\u00f5es comerciais&nbsp;<\/p>\n<p style=\"text-align: justify;\">Nesse contexto, ganha relevo a aplica\u00e7\u00e3o de institutos cl\u00e1ssicos do Direito Civil:<\/p>\n<p style=\"text-align: justify;\">art. 317 do C\u00f3digo Civil (revis\u00e3o por despropor\u00e7\u00e3o manifesta)&nbsp;<\/p>\n<p style=\"text-align: justify;\">art. 478 do C\u00f3digo Civil (teoria da imprevis\u00e3o)&nbsp;<\/p>\n<p style=\"text-align: justify;\">princ\u00edpios da boa-f\u00e9 objetiva e fun\u00e7\u00e3o social do contrato&nbsp;<\/p>\n<p style=\"text-align: justify;\">A depender da configura\u00e7\u00e3o f\u00e1tica, a revis\u00e3o contratual deixa de ser uma faculdade e passa a ser uma necessidade jur\u00eddica.<\/p>\n<p style=\"text-align: justify;\">&nbsp;<\/p>\n<p style=\"text-align: justify;\">A nova l\u00f3gica da apura\u00e7\u00e3o tribut\u00e1ria e o risco fiscal<\/p>\n<p style=\"text-align: justify;\">A substitui\u00e7\u00e3o dos modelos anteriores por um sistema de valor agregado imp\u00f5e uma reestrutura\u00e7\u00e3o completa da apura\u00e7\u00e3o tribut\u00e1ria.<\/p>\n<p style=\"text-align: justify;\">As empresas passam a lidar com:<\/p>\n<p style=\"text-align: justify;\">novas bases de incid\u00eancia&nbsp;<\/p>\n<p style=\"text-align: justify;\">novos crit\u00e9rios de creditamento&nbsp;<\/p>\n<p style=\"text-align: justify;\">maior rastreabilidade das opera\u00e7\u00f5es&nbsp;<\/p>\n<p style=\"text-align: justify;\">integra\u00e7\u00e3o tecnol\u00f3gica com o fisco&nbsp;<\/p>\n<p style=\"text-align: justify;\">Essa mudan\u00e7a eleva o n\u00edvel de exig\u00eancia t\u00e9cnica.<\/p>\n<p style=\"text-align: justify;\">O risco aqui n\u00e3o \u00e9 apenas pagar mais tributo, mas pagar de forma inadequada, sujeitando-se a:<\/p>\n<p style=\"text-align: justify;\">autua\u00e7\u00f5es fiscais&nbsp;<\/p>\n<p style=\"text-align: justify;\">multas qualificadas&nbsp;<\/p>\n<p style=\"text-align: justify;\">passivos tribut\u00e1rios relevantes&nbsp;<\/p>\n<p style=\"text-align: justify;\">A conformidade fiscal, portanto, deixa de ser operacional e passa a ser estrat\u00e9gica.<\/p>\n<p style=\"text-align: justify;\">&nbsp;<\/p>\n<p style=\"text-align: justify;\">O verdadeiro epicentro do problema: a in\u00e9rcia empresarial<\/p>\n<p style=\"text-align: justify;\">Ap\u00f3s a an\u00e1lise normativa, econ\u00f4mica e jur\u00eddica, \u00e9 poss\u00edvel identificar com clareza o ponto mais cr\u00edtico da Reforma Tribut\u00e1ria:<\/p>\n<p style=\"text-align: justify;\">O maior risco n\u00e3o est\u00e1 na lei, est\u00e1 na aus\u00eancia de rea\u00e7\u00e3o das empresas.<\/p>\n<p style=\"text-align: justify;\">A manuten\u00e7\u00e3o de estruturas anteriores, sem revis\u00e3o estrat\u00e9gica, produz:<\/p>\n<p style=\"text-align: justify;\">perda de competitividade&nbsp;<\/p>\n<p style=\"text-align: justify;\">deteriora\u00e7\u00e3o de margem&nbsp;<\/p>\n<p style=\"text-align: justify;\">exposi\u00e7\u00e3o a riscos jur\u00eddicos e fiscais&nbsp;<\/p>\n<p style=\"text-align: justify;\">A reforma n\u00e3o penaliza apenas pela carga tribut\u00e1ria, mas pela incapacidade de adapta\u00e7\u00e3o.<\/p>\n<p style=\"text-align: justify;\">&nbsp;<\/p>\n<p style=\"text-align: justify;\">Planejamento tribut\u00e1rio como instrumento de sobreviv\u00eancia<\/p>\n<p style=\"text-align: justify;\">Diante desse cen\u00e1rio, o planejamento tribut\u00e1rio deixa de ser uma ferramenta de otimiza\u00e7\u00e3o e passa a ser um instrumento de sobreviv\u00eancia empresarial.<\/p>\n<p style=\"text-align: justify;\">\u00c9 imprescind\u00edvel:<\/p>\n<p style=\"text-align: justify;\">revis\u00e3o da forma\u00e7\u00e3o de pre\u00e7os&nbsp;<\/p>\n<p style=\"text-align: justify;\">reestrutura\u00e7\u00e3o contratual&nbsp;<\/p>\n<p style=\"text-align: justify;\">reavalia\u00e7\u00e3o da cadeia de cr\u00e9ditos&nbsp;<\/p>\n<p style=\"text-align: justify;\">adequa\u00e7\u00e3o da apura\u00e7\u00e3o fiscal&nbsp;<\/p>\n<p style=\"text-align: justify;\">an\u00e1lise setorial da carga tribut\u00e1ria&nbsp;<\/p>\n<p style=\"text-align: justify;\">A atua\u00e7\u00e3o jur\u00eddica, nesse contexto, assume papel central: n\u00e3o apenas na defesa,<\/p>\n<p style=\"text-align: justify;\">mas na antecipa\u00e7\u00e3o estrat\u00e9gica dos riscos.<\/p>\n<p style=\"text-align: justify;\">&nbsp;<\/p>\n<p style=\"text-align: justify;\">Em resumo: a Reforma como filtro de maturidade empresarial<\/p>\n<p style=\"text-align: justify;\">A Reforma Tribut\u00e1ria n\u00e3o atua como um evento isolado.<\/p>\n<p style=\"text-align: justify;\">Ela funciona como um filtro.<\/p>\n<p style=\"text-align: justify;\">Separando:<\/p>\n<p style=\"text-align: justify;\">empresas reativas, que sofrer\u00e3o seus efeitos<\/p>\n<p style=\"text-align: justify;\">de empresas estrat\u00e9gicas, que saber\u00e3o utiliz\u00e1-la como vantagem competitiva&nbsp;<\/p>\n<p style=\"text-align: justify;\">O fim dos benef\u00edcios fiscais n\u00e3o \u00e9 apenas o fim de um regime.<\/p>\n<p style=\"text-align: justify;\">\u00c9 o in\u00edcio de uma nova l\u00f3gica empresarial.<\/p>\n<p style=\"text-align: justify;\">Ignorar essa mudan\u00e7a n\u00e3o \u00e9 neutralidade.<\/p>\n<p style=\"text-align: justify;\">\u00c9 exposi\u00e7\u00e3o.<\/p>\n<p style=\"text-align: justify;\">&nbsp;<\/p>\n<p style=\"text-align: justify;\">\u201cMini curr\u00edculo\u201d<\/p>\n<p style=\"text-align: justify;\">Dra. Ana Igansi, formada h\u00e1 30 anos. Especialista na \u00e1rea tribut\u00e1ria e em auditoria fiscal. Com v\u00e1rias especializa\u00e7\u00f5es em cursos do Brasil e exterior, em especial Negocia\u00e7\u00e3o em Harvard. Autora de livros, que \u00e9 um dos seus hobbies, al\u00e9m de artigos jur\u00eddicos e mini e-books disponibilizados em seu site e blog &#8211; www.igansiadvocacia.adv.br, 51.99121.4740, anaigansi@hotmail.com.&nbsp;&nbsp;<\/p>\n<p style=\"text-align: justify;\">&nbsp;<\/p>\n<p style=\"text-align: justify;\">&nbsp;<\/p>\n","protected":false},"excerpt":{"rendered":"<p>Por Dra. Ana Igansi @anaigansiadvocacia A falsa neutralidade e o risco invis\u00edvel A promulga\u00e7\u00e3o da Emenda Constitucional n\u00ba 132\/2023 inaugurou, no ordenamento jur\u00eddico brasileiro, uma das mais profundas reestrutura\u00e7\u00f5es do sistema tribut\u00e1rio das \u00faltimas d\u00e9cadas. Sob o discurso da simplifica\u00e7\u00e3o, da transpar\u00eancia e da neutralidade, o novo modelo, centrado na substitui\u00e7\u00e3o de tributos sobre o [&hellip;]<\/p>\n","protected":false},"author":1,"featured_media":48613,"comment_status":"open","ping_status":"open","sticky":false,"template":"","format":"standard","meta":{"ngg_post_thumbnail":0,"footnotes":""},"categories":[2,386,41],"tags":[],"class_list":["post-48690","post","type-post","status-publish","format-standard","has-post-thumbnail","hentry","category-destaques","category-tributacao","category-ultimasnoticias"],"_links":{"self":[{"href":"https:\/\/somdepapo.com.br\/portal\/wp-json\/wp\/v2\/posts\/48690","targetHints":{"allow":["GET"]}}],"collection":[{"href":"https:\/\/somdepapo.com.br\/portal\/wp-json\/wp\/v2\/posts"}],"about":[{"href":"https:\/\/somdepapo.com.br\/portal\/wp-json\/wp\/v2\/types\/post"}],"author":[{"embeddable":true,"href":"https:\/\/somdepapo.com.br\/portal\/wp-json\/wp\/v2\/users\/1"}],"replies":[{"embeddable":true,"href":"https:\/\/somdepapo.com.br\/portal\/wp-json\/wp\/v2\/comments?post=48690"}],"version-history":[{"count":1,"href":"https:\/\/somdepapo.com.br\/portal\/wp-json\/wp\/v2\/posts\/48690\/revisions"}],"predecessor-version":[{"id":48691,"href":"https:\/\/somdepapo.com.br\/portal\/wp-json\/wp\/v2\/posts\/48690\/revisions\/48691"}],"wp:featuredmedia":[{"embeddable":true,"href":"https:\/\/somdepapo.com.br\/portal\/wp-json\/wp\/v2\/media\/48613"}],"wp:attachment":[{"href":"https:\/\/somdepapo.com.br\/portal\/wp-json\/wp\/v2\/media?parent=48690"}],"wp:term":[{"taxonomy":"category","embeddable":true,"href":"https:\/\/somdepapo.com.br\/portal\/wp-json\/wp\/v2\/categories?post=48690"},{"taxonomy":"post_tag","embeddable":true,"href":"https:\/\/somdepapo.com.br\/portal\/wp-json\/wp\/v2\/tags?post=48690"}],"curies":[{"name":"wp","href":"https:\/\/api.w.org\/{rel}","templated":true}]}}