{"id":48702,"date":"2026-05-03T04:55:38","date_gmt":"2026-05-03T07:55:38","guid":{"rendered":"https:\/\/somdepapo.com.br\/portal\/?p=48702"},"modified":"2026-04-28T22:04:59","modified_gmt":"2026-04-29T01:04:59","slug":"a-renda-foi-eleita-uma-das-preferidas-do-outono-inverno-2026","status":"publish","type":"post","link":"https:\/\/somdepapo.com.br\/portal\/a-renda-foi-eleita-uma-das-preferidas-do-outono-inverno-2026\/","title":{"rendered":"A Renda foi eleita uma das preferidas do Outono\/Inverno 2026"},"content":{"rendered":"<p style=\"text-align: right;\">Por Cibele Attallah&nbsp;<\/p>\n<p>&nbsp;<\/p>\n<p style=\"text-align: justify;\">Ol\u00e1!!! Voltei com Dicas Maravilhosas pra Voc\u00eas.<\/p>\n<p style=\"text-align: justify;\">Eu Sou Cibele Attallah Apresentadora e Consultora de Moda do Programa Em Casa com Cibele Attallah pela Redesdptv e escrevo para o Portal Som de Papo a Coluna de Moda e Estilo.<\/p>\n<p style=\"text-align: justify;\">A Renda foi Eleita uma das preferidas dessa Esta\u00e7\u00e3o de Outono\/ Inverno 2026.&nbsp;<\/p>\n<p style=\"text-align: justify;\">A Renda surgiu h\u00e1 muitos anos na Europa&#8230;. E foi conquistando espa\u00e7o em todo lugar do mundo, inclusive Brasil.<\/p>\n<p><img fetchpriority=\"high\" decoding=\"async\" class=\"alignnone size-full wp-image-48703\" src=\"https:\/\/somdepapo.com.br\/portal\/wp-content\/uploads\/2026\/04\/IMG-20260428-WA0057.jpg\" alt=\"\" width=\"659\" height=\"1126\" srcset=\"https:\/\/somdepapo.com.br\/portal\/wp-content\/uploads\/2026\/04\/IMG-20260428-WA0057.jpg 659w, https:\/\/somdepapo.com.br\/portal\/wp-content\/uploads\/2026\/04\/IMG-20260428-WA0057-176x300.jpg 176w, https:\/\/somdepapo.com.br\/portal\/wp-content\/uploads\/2026\/04\/IMG-20260428-WA0057-599x1024.jpg 599w, https:\/\/somdepapo.com.br\/portal\/wp-content\/uploads\/2026\/04\/IMG-20260428-WA0057-150x256.jpg 150w\" sizes=\"(max-width: 659px) 100vw, 659px\" \/> <img decoding=\"async\" class=\"alignnone size-full wp-image-48718\" src=\"https:\/\/somdepapo.com.br\/portal\/wp-content\/uploads\/2026\/04\/IMG-20260428-WA0066.jpg\" alt=\"\" width=\"635\" height=\"1096\" srcset=\"https:\/\/somdepapo.com.br\/portal\/wp-content\/uploads\/2026\/04\/IMG-20260428-WA0066.jpg 635w, https:\/\/somdepapo.com.br\/portal\/wp-content\/uploads\/2026\/04\/IMG-20260428-WA0066-174x300.jpg 174w, https:\/\/somdepapo.com.br\/portal\/wp-content\/uploads\/2026\/04\/IMG-20260428-WA0066-593x1024.jpg 593w, https:\/\/somdepapo.com.br\/portal\/wp-content\/uploads\/2026\/04\/IMG-20260428-WA0066-150x259.jpg 150w\" sizes=\"(max-width: 635px) 100vw, 635px\" \/><\/p>\n<p style=\"text-align: justify;\">S\u00f3 que , enquanto ela era totalmente Cl\u00e1ssica, Elegante e Chic e extremamente formal.<\/p>\n<p style=\"text-align: justify;\">Agora , ela vem Nessa pegada que Voc\u00eas est\u00e3o vendo atrav\u00e9s dessas Fotos&#8230;. De uma forma bem despojada , com mistura de tecidos mais esportivo , como jeans, com t-shirt , saia , alfaiataria , com muita sobreposi\u00e7\u00e3o, usando a renda por baixo e muitas vezes por cima .&nbsp;<\/p>\n<p><img decoding=\"async\" class=\"alignnone size-full wp-image-48712\" src=\"https:\/\/somdepapo.com.br\/portal\/wp-content\/uploads\/2026\/04\/IMG-20260428-WA0078.jpg\" alt=\"\" width=\"927\" height=\"1216\" srcset=\"https:\/\/somdepapo.com.br\/portal\/wp-content\/uploads\/2026\/04\/IMG-20260428-WA0078.jpg 927w, https:\/\/somdepapo.com.br\/portal\/wp-content\/uploads\/2026\/04\/IMG-20260428-WA0078-229x300.jpg 229w, https:\/\/somdepapo.com.br\/portal\/wp-content\/uploads\/2026\/04\/IMG-20260428-WA0078-781x1024.jpg 781w, https:\/\/somdepapo.com.br\/portal\/wp-content\/uploads\/2026\/04\/IMG-20260428-WA0078-768x1007.jpg 768w, https:\/\/somdepapo.com.br\/portal\/wp-content\/uploads\/2026\/04\/IMG-20260428-WA0078-150x197.jpg 150w, https:\/\/somdepapo.com.br\/portal\/wp-content\/uploads\/2026\/04\/IMG-20260428-WA0078-750x984.jpg 750w\" sizes=\"(max-width: 927px) 100vw, 927px\" \/> <img loading=\"lazy\" decoding=\"async\" class=\"alignnone size-full wp-image-48713\" src=\"https:\/\/somdepapo.com.br\/portal\/wp-content\/uploads\/2026\/04\/IMG-20260428-WA0076.jpg\" alt=\"\" width=\"906\" height=\"1230\" srcset=\"https:\/\/somdepapo.com.br\/portal\/wp-content\/uploads\/2026\/04\/IMG-20260428-WA0076.jpg 906w, https:\/\/somdepapo.com.br\/portal\/wp-content\/uploads\/2026\/04\/IMG-20260428-WA0076-221x300.jpg 221w, https:\/\/somdepapo.com.br\/portal\/wp-content\/uploads\/2026\/04\/IMG-20260428-WA0076-754x1024.jpg 754w, https:\/\/somdepapo.com.br\/portal\/wp-content\/uploads\/2026\/04\/IMG-20260428-WA0076-768x1043.jpg 768w, https:\/\/somdepapo.com.br\/portal\/wp-content\/uploads\/2026\/04\/IMG-20260428-WA0076-150x204.jpg 150w, https:\/\/somdepapo.com.br\/portal\/wp-content\/uploads\/2026\/04\/IMG-20260428-WA0076-750x1018.jpg 750w\" sizes=\"(max-width: 906px) 100vw, 906px\" \/> <img loading=\"lazy\" decoding=\"async\" class=\"alignnone size-full wp-image-48714\" src=\"https:\/\/somdepapo.com.br\/portal\/wp-content\/uploads\/2026\/04\/IMG-20260428-WA0075.jpg\" alt=\"\" width=\"712\" height=\"1104\" srcset=\"https:\/\/somdepapo.com.br\/portal\/wp-content\/uploads\/2026\/04\/IMG-20260428-WA0075.jpg 712w, https:\/\/somdepapo.com.br\/portal\/wp-content\/uploads\/2026\/04\/IMG-20260428-WA0075-193x300.jpg 193w, https:\/\/somdepapo.com.br\/portal\/wp-content\/uploads\/2026\/04\/IMG-20260428-WA0075-660x1024.jpg 660w, https:\/\/somdepapo.com.br\/portal\/wp-content\/uploads\/2026\/04\/IMG-20260428-WA0075-150x233.jpg 150w\" sizes=\"(max-width: 712px) 100vw, 712px\" \/> <img loading=\"lazy\" decoding=\"async\" class=\"alignnone size-full wp-image-48716\" src=\"https:\/\/somdepapo.com.br\/portal\/wp-content\/uploads\/2026\/04\/IMG-20260428-WA0063.jpg\" alt=\"\" width=\"540\" height=\"1117\" srcset=\"https:\/\/somdepapo.com.br\/portal\/wp-content\/uploads\/2026\/04\/IMG-20260428-WA0063.jpg 540w, https:\/\/somdepapo.com.br\/portal\/wp-content\/uploads\/2026\/04\/IMG-20260428-WA0063-145x300.jpg 145w, https:\/\/somdepapo.com.br\/portal\/wp-content\/uploads\/2026\/04\/IMG-20260428-WA0063-495x1024.jpg 495w, https:\/\/somdepapo.com.br\/portal\/wp-content\/uploads\/2026\/04\/IMG-20260428-WA0063-150x310.jpg 150w\" sizes=\"(max-width: 540px) 100vw, 540px\" \/><\/p>\n<p style=\"text-align: justify;\">O legal \u00e9 aproveitar a renda de v\u00e1rias maneiras , deixando o look com mais Bossa e Estilo.&nbsp;<\/p>\n<p style=\"text-align: justify;\">Podendo usar tbm com sapato retr\u00f4, boneca, bota de cano alto , m\u00e9dio e curto , coturno, sapat\u00eanis.<\/p>\n<p style=\"text-align: justify;\"><img loading=\"lazy\" decoding=\"async\" class=\"alignnone size-full wp-image-48705\" src=\"https:\/\/somdepapo.com.br\/portal\/wp-content\/uploads\/2026\/04\/IMG-20260428-WA0071.jpg\" alt=\"\" width=\"887\" height=\"897\" srcset=\"https:\/\/somdepapo.com.br\/portal\/wp-content\/uploads\/2026\/04\/IMG-20260428-WA0071.jpg 887w, https:\/\/somdepapo.com.br\/portal\/wp-content\/uploads\/2026\/04\/IMG-20260428-WA0071-297x300.jpg 297w, https:\/\/somdepapo.com.br\/portal\/wp-content\/uploads\/2026\/04\/IMG-20260428-WA0071-768x777.jpg 768w, https:\/\/somdepapo.com.br\/portal\/wp-content\/uploads\/2026\/04\/IMG-20260428-WA0071-96x96.jpg 96w, https:\/\/somdepapo.com.br\/portal\/wp-content\/uploads\/2026\/04\/IMG-20260428-WA0071-150x152.jpg 150w, https:\/\/somdepapo.com.br\/portal\/wp-content\/uploads\/2026\/04\/IMG-20260428-WA0071-75x75.jpg 75w, https:\/\/somdepapo.com.br\/portal\/wp-content\/uploads\/2026\/04\/IMG-20260428-WA0071-750x758.jpg 750w\" sizes=\"(max-width: 887px) 100vw, 887px\" \/> <img loading=\"lazy\" decoding=\"async\" class=\"alignnone size-full wp-image-48706\" src=\"https:\/\/somdepapo.com.br\/portal\/wp-content\/uploads\/2026\/04\/IMG-20260428-WA0067.jpg\" alt=\"\" width=\"669\" height=\"1086\" srcset=\"https:\/\/somdepapo.com.br\/portal\/wp-content\/uploads\/2026\/04\/IMG-20260428-WA0067.jpg 669w, https:\/\/somdepapo.com.br\/portal\/wp-content\/uploads\/2026\/04\/IMG-20260428-WA0067-185x300.jpg 185w, https:\/\/somdepapo.com.br\/portal\/wp-content\/uploads\/2026\/04\/IMG-20260428-WA0067-631x1024.jpg 631w, https:\/\/somdepapo.com.br\/portal\/wp-content\/uploads\/2026\/04\/IMG-20260428-WA0067-150x243.jpg 150w\" sizes=\"(max-width: 669px) 100vw, 669px\" \/><\/p>\n<p style=\"text-align: justify;\">Lembrando que os blazers mais soltos e cal\u00e7as tamb\u00e9m ganham espa\u00e7o e prioridade nessa temporada .<\/p>\n<p><img loading=\"lazy\" decoding=\"async\" class=\"alignnone size-full wp-image-48708\" src=\"https:\/\/somdepapo.com.br\/portal\/wp-content\/uploads\/2026\/04\/IMG-20260428-WA0077.jpg\" alt=\"\" width=\"995\" height=\"1222\" srcset=\"https:\/\/somdepapo.com.br\/portal\/wp-content\/uploads\/2026\/04\/IMG-20260428-WA0077.jpg 995w, https:\/\/somdepapo.com.br\/portal\/wp-content\/uploads\/2026\/04\/IMG-20260428-WA0077-244x300.jpg 244w, https:\/\/somdepapo.com.br\/portal\/wp-content\/uploads\/2026\/04\/IMG-20260428-WA0077-834x1024.jpg 834w, https:\/\/somdepapo.com.br\/portal\/wp-content\/uploads\/2026\/04\/IMG-20260428-WA0077-768x943.jpg 768w, https:\/\/somdepapo.com.br\/portal\/wp-content\/uploads\/2026\/04\/IMG-20260428-WA0077-150x184.jpg 150w, https:\/\/somdepapo.com.br\/portal\/wp-content\/uploads\/2026\/04\/IMG-20260428-WA0077-750x921.jpg 750w\" sizes=\"(max-width: 995px) 100vw, 995px\" \/> <img loading=\"lazy\" decoding=\"async\" class=\"alignnone size-full wp-image-48709\" src=\"https:\/\/somdepapo.com.br\/portal\/wp-content\/uploads\/2026\/04\/IMG-20260428-WA0073.jpg\" alt=\"\" width=\"537\" height=\"1059\" srcset=\"https:\/\/somdepapo.com.br\/portal\/wp-content\/uploads\/2026\/04\/IMG-20260428-WA0073.jpg 537w, https:\/\/somdepapo.com.br\/portal\/wp-content\/uploads\/2026\/04\/IMG-20260428-WA0073-152x300.jpg 152w, https:\/\/somdepapo.com.br\/portal\/wp-content\/uploads\/2026\/04\/IMG-20260428-WA0073-519x1024.jpg 519w, https:\/\/somdepapo.com.br\/portal\/wp-content\/uploads\/2026\/04\/IMG-20260428-WA0073-150x296.jpg 150w\" sizes=\"(max-width: 537px) 100vw, 537px\" \/> <img loading=\"lazy\" decoding=\"async\" class=\"alignnone size-full wp-image-48710\" src=\"https:\/\/somdepapo.com.br\/portal\/wp-content\/uploads\/2026\/04\/IMG-20260428-WA0065.jpg\" alt=\"\" width=\"646\" height=\"1001\" srcset=\"https:\/\/somdepapo.com.br\/portal\/wp-content\/uploads\/2026\/04\/IMG-20260428-WA0065.jpg 646w, https:\/\/somdepapo.com.br\/portal\/wp-content\/uploads\/2026\/04\/IMG-20260428-WA0065-194x300.jpg 194w, https:\/\/somdepapo.com.br\/portal\/wp-content\/uploads\/2026\/04\/IMG-20260428-WA0065-150x232.jpg 150w\" sizes=\"(max-width: 646px) 100vw, 646px\" \/> <img loading=\"lazy\" decoding=\"async\" class=\"alignnone size-full wp-image-48711\" src=\"https:\/\/somdepapo.com.br\/portal\/wp-content\/uploads\/2026\/04\/IMG-20260428-WA0064.jpg\" alt=\"\" width=\"824\" height=\"1280\" srcset=\"https:\/\/somdepapo.com.br\/portal\/wp-content\/uploads\/2026\/04\/IMG-20260428-WA0064.jpg 824w, https:\/\/somdepapo.com.br\/portal\/wp-content\/uploads\/2026\/04\/IMG-20260428-WA0064-193x300.jpg 193w, https:\/\/somdepapo.com.br\/portal\/wp-content\/uploads\/2026\/04\/IMG-20260428-WA0064-659x1024.jpg 659w, https:\/\/somdepapo.com.br\/portal\/wp-content\/uploads\/2026\/04\/IMG-20260428-WA0064-768x1193.jpg 768w, https:\/\/somdepapo.com.br\/portal\/wp-content\/uploads\/2026\/04\/IMG-20260428-WA0064-150x233.jpg 150w, https:\/\/somdepapo.com.br\/portal\/wp-content\/uploads\/2026\/04\/IMG-20260428-WA0064-750x1165.jpg 750w\" sizes=\"(max-width: 824px) 100vw, 824px\" \/><\/p>\n<p style=\"text-align: justify;\">Cintos em evid\u00eancia complementam a produ\u00e7\u00e3o.&nbsp;<\/p>\n<p style=\"text-align: justify;\">Em diversas larguras .&nbsp;<\/p>\n<p style=\"text-align: justify;\">Fica a dica de hoje. Espero que tenham gostado.<\/p>\n<p style=\"text-align: justify;\">At\u00e9 mais &#8230;. Sejam Felizes e arrasem com Suas pe\u00e7as.&nbsp;<\/p>\n<p style=\"text-align: justify;\">Quer ter um Guarda Roupa inteligente?&nbsp;<\/p>\n<p style=\"text-align: justify;\">Me sigam<\/p>\n<p style=\"text-align: justify;\">@cibeleattallahoficial<\/p>\n<p style=\"text-align: justify;\">Contato 11 983765514<\/p>\n<p style=\"text-align: justify;\">Beijo<\/p>\n","protected":false},"excerpt":{"rendered":"<p>Por Cibele Attallah&nbsp; &nbsp; Ol\u00e1!!! Voltei com Dicas Maravilhosas pra Voc\u00eas. Eu Sou Cibele Attallah Apresentadora e Consultora de Moda do Programa Em Casa com Cibele Attallah pela Redesdptv e escrevo para o Portal Som de Papo a Coluna de Moda e Estilo. A Renda foi Eleita uma das preferidas dessa Esta\u00e7\u00e3o de Outono\/ Inverno [&hellip;]<\/p>\n","protected":false},"author":1,"featured_media":48704,"comment_status":"open","ping_status":"open","sticky":false,"template":"","format":"standard","meta":{"ngg_post_thumbnail":0,"footnotes":""},"categories":[2,142,41],"tags":[],"class_list":["post-48702","post","type-post","status-publish","format-standard","has-post-thumbnail","hentry","category-destaques","category-moda-e-estilo-2","category-ultimasnoticias"],"_links":{"self":[{"href":"https:\/\/somdepapo.com.br\/portal\/wp-json\/wp\/v2\/posts\/48702","targetHints":{"allow":["GET"]}}],"collection":[{"href":"https:\/\/somdepapo.com.br\/portal\/wp-json\/wp\/v2\/posts"}],"about":[{"href":"https:\/\/somdepapo.com.br\/portal\/wp-json\/wp\/v2\/types\/post"}],"author":[{"embeddable":true,"href":"https:\/\/somdepapo.com.br\/portal\/wp-json\/wp\/v2\/users\/1"}],"replies":[{"embeddable":true,"href":"https:\/\/somdepapo.com.br\/portal\/wp-json\/wp\/v2\/comments?post=48702"}],"version-history":[{"count":1,"href":"https:\/\/somdepapo.com.br\/portal\/wp-json\/wp\/v2\/posts\/48702\/revisions"}],"predecessor-version":[{"id":48719,"href":"https:\/\/somdepapo.com.br\/portal\/wp-json\/wp\/v2\/posts\/48702\/revisions\/48719"}],"wp:featuredmedia":[{"embeddable":true,"href":"https:\/\/somdepapo.com.br\/portal\/wp-json\/wp\/v2\/media\/48704"}],"wp:attachment":[{"href":"https:\/\/somdepapo.com.br\/portal\/wp-json\/wp\/v2\/media?parent=48702"}],"wp:term":[{"taxonomy":"category","embeddable":true,"href":"https:\/\/somdepapo.com.br\/portal\/wp-json\/wp\/v2\/categories?post=48702"},{"taxonomy":"post_tag","embeddable":true,"href":"https:\/\/somdepapo.com.br\/portal\/wp-json\/wp\/v2\/tags?post=48702"}],"curies":[{"name":"wp","href":"https:\/\/api.w.org\/{rel}","templated":true}]}}