{"id":48733,"date":"2026-05-03T09:09:43","date_gmt":"2026-05-03T12:09:43","guid":{"rendered":"https:\/\/somdepapo.com.br\/portal\/?p=48733"},"modified":"2026-04-29T09:17:32","modified_gmt":"2026-04-29T12:17:32","slug":"dia-da-trabalhadora-onde-for-estamos-dispostas-com-dignidade-e-coragem","status":"publish","type":"post","link":"https:\/\/somdepapo.com.br\/portal\/dia-da-trabalhadora-onde-for-estamos-dispostas-com-dignidade-e-coragem\/","title":{"rendered":"Dia da Trabalhadora: onde for, estamos dispostas &#8211; com dignidade e coragem"},"content":{"rendered":"<p style=\"text-align: right;\">Por Marize Reges&nbsp;<\/p>\n<p>&nbsp;<\/p>\n<p style=\"text-align: justify;\">Ser mulher sempre foi sin\u00f4nimo de trabalho. Trabalho dentro de casa, fora dela, vis\u00edvel e invis\u00edvel. Trabalho que sustenta, que cuida, que transforma.<\/p>\n<p style=\"text-align: justify;\">Neste Dia da Trabalhadora, n\u00e3o falamos apenas de profiss\u00e3o. Falamos de postura. De car\u00e1ter. De mulheres que, independente da idade, da fase ou das circunst\u00e2ncias, carregam dentro de si algo inegoci\u00e1vel: a disposi\u00e7\u00e3o de fazer o que \u00e9 certo.<\/p>\n<p style=\"text-align: justify;\">A mulher madura sabe disso como ningu\u00e9m. J\u00e1 viveu o suficiente para entender que dignidade n\u00e3o se negocia. Que n\u00e3o existe atalho quando se tem valores. E que recome\u00e7ar \u2014 quantas vezes for preciso \u2014 tamb\u00e9m \u00e9 uma forma de trabalho.<\/p>\n<p style=\"text-align: justify;\">Estamos em todos os lugares. Empreendendo, cuidando, aprendendo, ensinando, recome\u00e7ando. E sim, estamos dispostas. N\u00e3o a qualquer custo. Mas a todo trabalho que seja l\u00edcito, honesto e alinhado com quem nos tornamos ao longo da vida.<\/p>\n<p style=\"text-align: justify;\">Porque trabalhar, para n\u00f3s, nunca foi apenas sobre ganhar dinheiro. \u00c9 sobre manter a nossa ess\u00eancia, a nossa independ\u00eancia e, acima de tudo, o nosso respeito pr\u00f3prio.<\/p>\n<p style=\"text-align: justify;\">Hoje, celebramos n\u00e3o s\u00f3 o que fazemos, mas quem somos.<\/p>\n<p style=\"text-align: justify;\">Mulheres que n\u00e3o param. Mulheres que constroem. Mulheres que fazem acontecer \u2014 com verdade.<\/p>\n","protected":false},"excerpt":{"rendered":"<p>Por Marize Reges&nbsp; &nbsp; Ser mulher sempre foi sin\u00f4nimo de trabalho. Trabalho dentro de casa, fora dela, vis\u00edvel e invis\u00edvel. Trabalho que sustenta, que cuida, que transforma. Neste Dia da Trabalhadora, n\u00e3o falamos apenas de profiss\u00e3o. Falamos de postura. De car\u00e1ter. De mulheres que, independente da idade, da fase ou das circunst\u00e2ncias, carregam dentro de [&hellip;]<\/p>\n","protected":false},"author":1,"featured_media":48735,"comment_status":"open","ping_status":"open","sticky":false,"template":"","format":"standard","meta":{"ngg_post_thumbnail":0,"footnotes":""},"categories":[2,275,31,41],"tags":[],"class_list":["post-48733","post","type-post","status-publish","format-standard","has-post-thumbnail","hentry","category-destaques","category-mulher","category-noticias","category-ultimasnoticias"],"_links":{"self":[{"href":"https:\/\/somdepapo.com.br\/portal\/wp-json\/wp\/v2\/posts\/48733","targetHints":{"allow":["GET"]}}],"collection":[{"href":"https:\/\/somdepapo.com.br\/portal\/wp-json\/wp\/v2\/posts"}],"about":[{"href":"https:\/\/somdepapo.com.br\/portal\/wp-json\/wp\/v2\/types\/post"}],"author":[{"embeddable":true,"href":"https:\/\/somdepapo.com.br\/portal\/wp-json\/wp\/v2\/users\/1"}],"replies":[{"embeddable":true,"href":"https:\/\/somdepapo.com.br\/portal\/wp-json\/wp\/v2\/comments?post=48733"}],"version-history":[{"count":1,"href":"https:\/\/somdepapo.com.br\/portal\/wp-json\/wp\/v2\/posts\/48733\/revisions"}],"predecessor-version":[{"id":48734,"href":"https:\/\/somdepapo.com.br\/portal\/wp-json\/wp\/v2\/posts\/48733\/revisions\/48734"}],"wp:featuredmedia":[{"embeddable":true,"href":"https:\/\/somdepapo.com.br\/portal\/wp-json\/wp\/v2\/media\/48735"}],"wp:attachment":[{"href":"https:\/\/somdepapo.com.br\/portal\/wp-json\/wp\/v2\/media?parent=48733"}],"wp:term":[{"taxonomy":"category","embeddable":true,"href":"https:\/\/somdepapo.com.br\/portal\/wp-json\/wp\/v2\/categories?post=48733"},{"taxonomy":"post_tag","embeddable":true,"href":"https:\/\/somdepapo.com.br\/portal\/wp-json\/wp\/v2\/tags?post=48733"}],"curies":[{"name":"wp","href":"https:\/\/api.w.org\/{rel}","templated":true}]}}