{"id":48747,"date":"2026-04-29T16:25:15","date_gmt":"2026-04-29T19:25:15","guid":{"rendered":"https:\/\/somdepapo.com.br\/portal\/?p=48747"},"modified":"2026-04-29T16:25:15","modified_gmt":"2026-04-29T19:25:15","slug":"o-direito-medico-no-sus","status":"publish","type":"post","link":"https:\/\/somdepapo.com.br\/portal\/o-direito-medico-no-sus\/","title":{"rendered":"O Direito M\u00e9dico no SUS"},"content":{"rendered":"<p style=\"text-align: right;\">Por Vaine Pizolotto&nbsp;<\/p>\n<p>&nbsp;<\/p>\n<p style=\"text-align: justify;\">O Direito M\u00e9dico no \u00e2mbito do Sistema \u00danico de Sa\u00fade (SUS) \u2014 institu\u00eddo pela Constitui\u00e7\u00e3o Federal de 1988 \u2014 representa um dos campos mais sens\u00edveis e complexos do ordenamento jur\u00eddico brasileiro, pois envolve a concretiza\u00e7\u00e3o de um direito fundamental: a sa\u00fade.<\/p>\n<p style=\"text-align: justify;\">A Constitui\u00e7\u00e3o, em seu artigo 196, estabelece que a sa\u00fade \u00e9 \u201cdireito de todos e dever do Estado\u201d, sendo operacionalizada por meio do Sistema \u00danico de Sa\u00fade, estruturado com base nos princ\u00edpios da universalidade, integralidade e equidade. Nesse cen\u00e1rio, o Direito M\u00e9dico atua como instrumento de regula\u00e7\u00e3o das rela\u00e7\u00f5es entre profissionais de sa\u00fade, pacientes e o pr\u00f3prio Estado.<\/p>\n<p style=\"text-align: justify;\">Do ponto de vista jur\u00eddico, o exerc\u00edcio da medicina no SUS est\u00e1 submetido a um regime h\u00edbrido de responsabilidades. O m\u00e9dico, enquanto agente p\u00fablico (ainda que vinculado por contrato ou credenciamento), responde tanto na esfera civil quanto administrativa e \u00e9tica. A responsabilidade civil, em regra, \u00e9 subjetiva \u2014 exigindo a comprova\u00e7\u00e3o de culpa (neglig\u00eancia, imprud\u00eancia ou imper\u00edcia). J\u00e1 o Estado responde objetivamente pelos danos causados aos pacientes, nos termos do artigo 37, \u00a76\u00ba da Constitui\u00e7\u00e3o.<\/p>\n<p style=\"text-align: justify;\">Um dos temas mais recorrentes no Direito M\u00e9dico aplicado ao SUS \u00e9 a chamada judicializa\u00e7\u00e3o da sa\u00fade. Pacientes frequentemente recorrem ao Poder Judici\u00e1rio para garantir acesso a medicamentos, procedimentos ou tratamentos n\u00e3o disponibilizados regularmente pelo sistema. Nesse contexto, o Judici\u00e1rio passa a intervir em pol\u00edticas p\u00fablicas de sa\u00fade, o que gera debates relevantes sobre separa\u00e7\u00e3o de poderes, reserva do poss\u00edvel e m\u00ednimo existencial.<\/p>\n<p style=\"text-align: justify;\">Outro ponto central \u00e9 a observ\u00e2ncia do consentimento informado, mesmo no \u00e2mbito do SUS. O paciente tem o direito de ser esclarecido sobre riscos, benef\u00edcios e alternativas terap\u00eauticas, respeitando-se sua autonomia. A aus\u00eancia de informa\u00e7\u00e3o adequada pode ensejar responsabiliza\u00e7\u00e3o do profissional e do ente p\u00fablico.<\/p>\n<p style=\"text-align: justify;\">Al\u00e9m disso, o Direito M\u00e9dico no SUS tamb\u00e9m dialoga diretamente com a bio\u00e9tica, especialmente em situa\u00e7\u00f5es que envolvem pacientes vulner\u00e1veis, limita\u00e7\u00f5es estruturais e decis\u00f5es cl\u00ednicas complexas. Princ\u00edpios como benefic\u00eancia, n\u00e3o malefic\u00eancia, autonomia e justi\u00e7a distributiva orientam a atua\u00e7\u00e3o dos profissionais e a interpreta\u00e7\u00e3o jur\u00eddica dos conflitos.<\/p>\n<p style=\"text-align: justify;\">Por fim, \u00e9 importante destacar que a atua\u00e7\u00e3o jur\u00eddica nesse campo exige uma leitura interdisciplinar, que compreenda n\u00e3o apenas normas legais, mas tamb\u00e9m protocolos cl\u00ednicos, diretrizes terap\u00eauticas e a realidade estrutural do sistema p\u00fablico. O Direito M\u00e9dico no SUS, portanto, n\u00e3o se limita \u00e0 responsabiliza\u00e7\u00e3o, mas tamb\u00e9m desempenha um papel estrat\u00e9gico na promo\u00e7\u00e3o de uma assist\u00eancia mais segura, \u00e9tica e eficiente.<\/p>\n","protected":false},"excerpt":{"rendered":"<p>Por Vaine Pizolotto&nbsp; &nbsp; O Direito M\u00e9dico no \u00e2mbito do Sistema \u00danico de Sa\u00fade (SUS) \u2014 institu\u00eddo pela Constitui\u00e7\u00e3o Federal de 1988 \u2014 representa um dos campos mais sens\u00edveis e complexos do ordenamento jur\u00eddico brasileiro, pois envolve a concretiza\u00e7\u00e3o de um direito fundamental: a sa\u00fade. A Constitui\u00e7\u00e3o, em seu artigo 196, estabelece que a sa\u00fade [&hellip;]<\/p>\n","protected":false},"author":1,"featured_media":48748,"comment_status":"open","ping_status":"open","sticky":false,"template":"","format":"standard","meta":{"ngg_post_thumbnail":0,"footnotes":""},"categories":[2,413,41],"tags":[],"class_list":["post-48747","post","type-post","status-publish","format-standard","has-post-thumbnail","hentry","category-destaques","category-direito-medico","category-ultimasnoticias"],"_links":{"self":[{"href":"https:\/\/somdepapo.com.br\/portal\/wp-json\/wp\/v2\/posts\/48747","targetHints":{"allow":["GET"]}}],"collection":[{"href":"https:\/\/somdepapo.com.br\/portal\/wp-json\/wp\/v2\/posts"}],"about":[{"href":"https:\/\/somdepapo.com.br\/portal\/wp-json\/wp\/v2\/types\/post"}],"author":[{"embeddable":true,"href":"https:\/\/somdepapo.com.br\/portal\/wp-json\/wp\/v2\/users\/1"}],"replies":[{"embeddable":true,"href":"https:\/\/somdepapo.com.br\/portal\/wp-json\/wp\/v2\/comments?post=48747"}],"version-history":[{"count":1,"href":"https:\/\/somdepapo.com.br\/portal\/wp-json\/wp\/v2\/posts\/48747\/revisions"}],"predecessor-version":[{"id":48749,"href":"https:\/\/somdepapo.com.br\/portal\/wp-json\/wp\/v2\/posts\/48747\/revisions\/48749"}],"wp:featuredmedia":[{"embeddable":true,"href":"https:\/\/somdepapo.com.br\/portal\/wp-json\/wp\/v2\/media\/48748"}],"wp:attachment":[{"href":"https:\/\/somdepapo.com.br\/portal\/wp-json\/wp\/v2\/media?parent=48747"}],"wp:term":[{"taxonomy":"category","embeddable":true,"href":"https:\/\/somdepapo.com.br\/portal\/wp-json\/wp\/v2\/categories?post=48747"},{"taxonomy":"post_tag","embeddable":true,"href":"https:\/\/somdepapo.com.br\/portal\/wp-json\/wp\/v2\/tags?post=48747"}],"curies":[{"name":"wp","href":"https:\/\/api.w.org\/{rel}","templated":true}]}}