{"id":48751,"date":"2026-04-29T17:41:13","date_gmt":"2026-04-29T20:41:13","guid":{"rendered":"https:\/\/somdepapo.com.br\/portal\/?p=48751"},"modified":"2026-04-29T17:41:13","modified_gmt":"2026-04-29T20:41:13","slug":"o-despertar-do-foliculo-ciencia-e-paciencia-no-combate-a-queda","status":"publish","type":"post","link":"https:\/\/somdepapo.com.br\/portal\/o-despertar-do-foliculo-ciencia-e-paciencia-no-combate-a-queda\/","title":{"rendered":"O Despertar do Fol\u00edculo: Ci\u00eancia e Paci\u00eancia no Combate \u00e0 Queda"},"content":{"rendered":"<p style=\"text-align: right;\">Por J\u00e9ssica Lima<\/p>\n<p style=\"text-align: justify;\">Se tem uma coisa que eu sempre fa\u00e7o quest\u00e3o de alinhar com meus pacientes logo no in\u00edcio do tratamento capilar \u00e9: n\u00e3o existe milagre existe processo. E entender isso muda completamente a forma como voc\u00ea encara a queda de cabelo.<\/p>\n<p style=\"text-align: justify;\">O fio que voc\u00ea v\u00ea cair no banho ou na escova \u00e9 apenas a ponta do problema. O verdadeiro \u201ccomando\u201d da sa\u00fade capilar est\u00e1 l\u00e1 embaixo, dentro do couro cabeludo, no fol\u00edculo piloso. \u00c9 ele quem determina se o cabelo vai nascer forte, fino, fraco\u2026 ou simplesmente parar de nascer.<\/p>\n<p style=\"text-align: justify;\">E \u00e9 exatamente a\u00ed que entra o tal \u201cdespertar do fol\u00edculo\u201d.<\/p>\n<p style=\"text-align: justify;\">O que significa despertar o fol\u00edculo?<\/p>\n<p style=\"text-align: justify;\">Na pr\u00e1tica, estamos falando de reativar fol\u00edculos que est\u00e3o enfraquecidos, inflamados ou em fase de repouso prolongado. Isso acontece muito em casos de:<\/p>\n<p style=\"text-align: justify;\">Alopecia androgen\u00e9tica (calv\u00edcie)&nbsp;<\/p>\n<p style=\"text-align: justify;\">Queda por estresse ou altera\u00e7\u00f5es hormonais&nbsp;<\/p>\n<p style=\"text-align: justify;\">Inflama\u00e7\u00f5es no couro cabeludo&nbsp;<\/p>\n<p style=\"text-align: justify;\">Defici\u00eancias nutricionais&nbsp;<\/p>\n<p style=\"text-align: justify;\">O fol\u00edculo n\u00e3o \u201cmorre\u201d de um dia para o outro. Ele vai entrando em um processo de miniaturiza\u00e7\u00e3o, produzindo fios cada vez mais finos, at\u00e9 chegar num ponto em que praticamente n\u00e3o se v\u00ea mais crescimento.<\/p>\n<p style=\"text-align: justify;\">Mas a boa not\u00edcia \u00e9: em muitos casos, d\u00e1 tempo de reverter ou pelo menos estabilizar esse processo.<\/p>\n<p style=\"text-align: justify;\">A ci\u00eancia por tr\u00e1s do tratamento<\/p>\n<p style=\"text-align: justify;\">Hoje, a tricologia evoluiu muito. N\u00e3o estamos mais falando s\u00f3 de \u201cusar um t\u00f4nico e esperar\u201d. Existem estrat\u00e9gias que atuam diretamente no ambiente do fol\u00edculo:<\/p>\n<p style=\"text-align: justify;\">Est\u00edmulo da circula\u00e7\u00e3o local&nbsp;<\/p>\n<p style=\"text-align: justify;\">Controle de inflama\u00e7\u00e3o&nbsp;<\/p>\n<p style=\"text-align: justify;\">Fornecimento de nutrientes essenciais&nbsp;<\/p>\n<p style=\"text-align: justify;\">Regula\u00e7\u00e3o hormonal local&nbsp;<\/p>\n<p style=\"text-align: justify;\">Ativa\u00e7\u00e3o celular&nbsp;<\/p>\n<p style=\"text-align: justify;\">Procedimentos como intradermoterapia, MMP e at\u00e9 fios de PDO capilar entram justamente com esse objetivo: criar um ambiente favor\u00e1vel para que o fol\u00edculo volte a trabalhar.<\/p>\n<p style=\"text-align: justify;\">Mas aqui vai um ponto importante e que pouca gente fala com clareza:<\/p>\n<p style=\"text-align: justify;\">estimular n\u00e3o adianta se o terreno n\u00e3o estiver saud\u00e1vel.<\/p>\n<p style=\"text-align: justify;\">Se o couro cabeludo est\u00e1 inflamado, oleoso em excesso, com presen\u00e7a de micro-organismos ou at\u00e9 \u00e1caros como o demodex, o resultado do tratamento fica comprometido.<\/p>\n<p style=\"text-align: justify;\">Por isso, muitas vezes, o \u201csimples\u201d ato de cuidar corretamente do couro cabeludo j\u00e1 \u00e9 parte essencial do despertar capilar.<\/p>\n<p style=\"text-align: justify;\">E onde entra a paci\u00eancia?<\/p>\n<p style=\"text-align: justify;\">Aqui \u00e9 onde muita gente se perde.<\/p>\n<p style=\"text-align: justify;\">O ciclo do cabelo n\u00e3o acompanha a nossa ansiedade. Um fio leva meses para crescer, e o fol\u00edculo precisa de tempo para responder aos est\u00edmulos.<\/p>\n<p style=\"text-align: justify;\">Na pr\u00e1tica, o paciente come\u00e7a a perceber:<\/p>\n<p style=\"text-align: justify;\">Redu\u00e7\u00e3o da queda nas primeiras semanas&nbsp;<\/p>\n<p style=\"text-align: justify;\">Surgimento de fios novos (baby hair) entre 2 a 3 meses&nbsp;<\/p>\n<p style=\"text-align: justify;\">Melhora de densidade entre 4 a 6 meses&nbsp;<\/p>\n<p style=\"text-align: justify;\">Ou seja: n\u00e3o \u00e9 imediato. E quem desiste antes desse tempo, geralmente acha que \u201cnada funciona\u201d, quando na verdade interrompeu o processo no meio do caminho.<\/p>\n<p style=\"text-align: justify;\">O maior erro que vejo na pr\u00e1tica<\/p>\n<p style=\"text-align: justify;\">As pessoas querem tratar queda de cabelo como se fosse um problema superficial.<\/p>\n<p style=\"text-align: justify;\">Trocam de produto toda semana.<\/p>\n<p style=\"text-align: justify;\">Param o tratamento quando melhora um pouco.<\/p>\n<p style=\"text-align: justify;\">Querem resultado r\u00e1pido sem const\u00e2ncia.<\/p>\n<p style=\"text-align: justify;\">S\u00f3 que cabelo n\u00e3o responde \u00e0 pressa responde \u00e0 consist\u00eancia.<\/p>\n<p style=\"text-align: justify;\">O que realmente faz diferen\u00e7a<\/p>\n<p style=\"text-align: justify;\">Se eu pudesse resumir o que mais impacta no sucesso de um tratamento capilar, seria isso:<\/p>\n<p style=\"text-align: justify;\">Diagn\u00f3stico correto&nbsp;<\/p>\n<p style=\"text-align: justify;\">Estrat\u00e9gia personalizada&nbsp;<\/p>\n<p style=\"text-align: justify;\">Frequ\u00eancia no tratamento&nbsp;<\/p>\n<p style=\"text-align: justify;\">Cuidado com o couro cabeludo em casa&nbsp;<\/p>\n<p style=\"text-align: justify;\">Tempo para o organismo responder&nbsp;<\/p>\n<p style=\"text-align: justify;\">N\u00e3o \u00e9 sobre fazer \u201ctudo\u201d, \u00e9 sobre fazer o certo do jeito certo pelo tempo necess\u00e1rio.<\/p>\n<p style=\"text-align: justify;\">Despertar o fol\u00edculo \u00e9 poss\u00edvel, sim. Mas n\u00e3o \u00e9 sobre promessas milagrosas, e sim sobre entender que o cabelo \u00e9 reflexo de um sistema complexo.<\/p>\n<p style=\"text-align: justify;\">Quando voc\u00ea respeita o processo, o resultado vem.<\/p>\n<p style=\"text-align: justify;\">E quando vem\u2026 ele \u00e9 muito mais duradouro.<\/p>\n<p style=\"text-align: justify;\">Se voc\u00ea est\u00e1 passando por queda, talvez o que falta n\u00e3o seja mais um produto \u2014 e sim uma estrat\u00e9gia bem direcionada e paci\u00eancia para deixar a ci\u00eancia agir.<\/p>\n<p style=\"text-align: justify;\">&nbsp;<\/p>\n<p style=\"text-align: justify;\">&nbsp;<\/p>\n","protected":false},"excerpt":{"rendered":"<p>Por J\u00e9ssica Lima Se tem uma coisa que eu sempre fa\u00e7o quest\u00e3o de alinhar com meus pacientes logo no in\u00edcio do tratamento capilar \u00e9: n\u00e3o existe milagre existe processo. E entender isso muda completamente a forma como voc\u00ea encara a queda de cabelo. O fio que voc\u00ea v\u00ea cair no banho ou na escova \u00e9 [&hellip;]<\/p>\n","protected":false},"author":1,"featured_media":48752,"comment_status":"open","ping_status":"open","sticky":false,"template":"","format":"standard","meta":{"ngg_post_thumbnail":0,"footnotes":""},"categories":[2,398,41],"tags":[],"class_list":["post-48751","post","type-post","status-publish","format-standard","has-post-thumbnail","hentry","category-destaques","category-tricologia","category-ultimasnoticias"],"_links":{"self":[{"href":"https:\/\/somdepapo.com.br\/portal\/wp-json\/wp\/v2\/posts\/48751","targetHints":{"allow":["GET"]}}],"collection":[{"href":"https:\/\/somdepapo.com.br\/portal\/wp-json\/wp\/v2\/posts"}],"about":[{"href":"https:\/\/somdepapo.com.br\/portal\/wp-json\/wp\/v2\/types\/post"}],"author":[{"embeddable":true,"href":"https:\/\/somdepapo.com.br\/portal\/wp-json\/wp\/v2\/users\/1"}],"replies":[{"embeddable":true,"href":"https:\/\/somdepapo.com.br\/portal\/wp-json\/wp\/v2\/comments?post=48751"}],"version-history":[{"count":1,"href":"https:\/\/somdepapo.com.br\/portal\/wp-json\/wp\/v2\/posts\/48751\/revisions"}],"predecessor-version":[{"id":48753,"href":"https:\/\/somdepapo.com.br\/portal\/wp-json\/wp\/v2\/posts\/48751\/revisions\/48753"}],"wp:featuredmedia":[{"embeddable":true,"href":"https:\/\/somdepapo.com.br\/portal\/wp-json\/wp\/v2\/media\/48752"}],"wp:attachment":[{"href":"https:\/\/somdepapo.com.br\/portal\/wp-json\/wp\/v2\/media?parent=48751"}],"wp:term":[{"taxonomy":"category","embeddable":true,"href":"https:\/\/somdepapo.com.br\/portal\/wp-json\/wp\/v2\/categories?post=48751"},{"taxonomy":"post_tag","embeddable":true,"href":"https:\/\/somdepapo.com.br\/portal\/wp-json\/wp\/v2\/tags?post=48751"}],"curies":[{"name":"wp","href":"https:\/\/api.w.org\/{rel}","templated":true}]}}