{"id":48754,"date":"2026-04-30T08:57:43","date_gmt":"2026-04-30T11:57:43","guid":{"rendered":"https:\/\/somdepapo.com.br\/portal\/?p=48754"},"modified":"2026-04-30T08:57:43","modified_gmt":"2026-04-30T11:57:43","slug":"o-credito-condicionado-na-reforma-tributaria-o-risco-invisivel-que-pode-redesenhar-o-caixa-das-empresas","status":"publish","type":"post","link":"https:\/\/somdepapo.com.br\/portal\/o-credito-condicionado-na-reforma-tributaria-o-risco-invisivel-que-pode-redesenhar-o-caixa-das-empresas\/","title":{"rendered":"O Cr\u00e9dito Condicionado na Reforma Tribut\u00e1ria: O Risco Invis\u00edvel que pode redesenhar o Caixa das Empresas"},"content":{"rendered":"<p style=\"text-align: right;\">Por Dra. Ana Igansi&nbsp;<\/p>\n<p style=\"text-align: right;\">@anaigansiadvocacia<\/p>\n<p style=\"text-align: justify;\">A falsa centralidade das al\u00edquotas<\/p>\n<p style=\"text-align: justify;\">A discuss\u00e3o p\u00fablica em torno da Reforma Tribut\u00e1ria tem sido conduzida, majoritariamente, por um eixo limitado: o das al\u00edquotas.<\/p>\n<p style=\"text-align: justify;\">Se aumentam, se reduzem, se se mant\u00eam.<\/p>\n<p style=\"text-align: justify;\">No entanto, essa abordagem, embora relevante, \u00e9 insuficiente para compreender a profundidade da transforma\u00e7\u00e3o em curso.<\/p>\n<p style=\"text-align: justify;\">A verdadeira ruptura n\u00e3o reside apenas no percentual incidente sobre a base de c\u00e1lculo, mas na reconfigura\u00e7\u00e3o da l\u00f3gica da n\u00e3o cumulatividade, que passa a operar sob novas premissas jur\u00eddicas e operacionais.<\/p>\n<p style=\"text-align: justify;\">E \u00e9 nesse ponto que emerge um dos elementos mais sens\u00edveis do novo sistema: o chamado cr\u00e9dito condicionado.<\/p>\n<p style=\"text-align: justify;\">&nbsp;<\/p>\n<p style=\"text-align: justify;\">A nova arquitetura normativa: CBS e IBS<\/p>\n<p style=\"text-align: justify;\">Com a promulga\u00e7\u00e3o da Emenda Constitucional n\u00ba 132\/2023, o sistema tribut\u00e1rio brasileiro passa a adotar um modelo de IVA dual, estruturado na:<\/p>\n<p style=\"text-align: justify;\">a)CBS (Contribui\u00e7\u00e3o sobre Bens e Servi\u00e7os) \u2013 de compet\u00eancia federal&nbsp;<\/p>\n<p style=\"text-align: justify;\">b)IBS (Imposto sobre Bens e Servi\u00e7os) \u2013 de compet\u00eancia compartilhada entre Estados e Munic\u00edpios&nbsp;<\/p>\n<p style=\"text-align: justify;\">A regulamenta\u00e7\u00e3o por meio da Lei Complementar n\u00ba 214\/2025 consolidou um regime de n\u00e3o cumulatividade ampla, com direito ao cr\u00e9dito financeiro.<\/p>\n<p style=\"text-align: justify;\">\u00c0 primeira vista, um avan\u00e7o t\u00e9cnico relevante.<\/p>\n<p style=\"text-align: justify;\">Contudo, a operacionaliza\u00e7\u00e3o desse modelo introduz condicionantes que tensionam a pr\u00f3pria ess\u00eancia do princ\u00edpio da n\u00e3o cumulatividade.<\/p>\n<p style=\"text-align: justify;\">&nbsp;<\/p>\n<p style=\"text-align: justify;\">O cr\u00e9dito condicionado: ruptura silenciosa<\/p>\n<p style=\"text-align: justify;\">No modelo que se desenha, o direito ao cr\u00e9dito deixa de ser um fen\u00f4meno puramente objetivo, vinculado \u00e0 aquisi\u00e7\u00e3o de bens ou servi\u00e7os, e passa a depender de requisitos adicionais.<\/p>\n<p style=\"text-align: justify;\">Entre eles:<\/p>\n<p style=\"text-align: justify;\">a)regularidade fiscal do fornecedor&nbsp;<\/p>\n<p style=\"text-align: justify;\">b)correto destaque do tributo&nbsp;<\/p>\n<p style=\"text-align: justify;\">c)valida\u00e7\u00e3o da opera\u00e7\u00e3o nos sistemas eletr\u00f4nicos&nbsp;<\/p>\n<p style=\"text-align: justify;\">d)consist\u00eancia das informa\u00e7\u00f5es declaradas&nbsp;<\/p>\n<p style=\"text-align: justify;\">Em outras palavras: o cr\u00e9dito tribut\u00e1rio passa a ser condicionado \u00e0 conformidade da cadeia econ\u00f4mica. Essa mudan\u00e7a, embora n\u00e3o explicitada de forma simplista, produz efeitos profundos.<\/p>\n<p style=\"text-align: justify;\">&nbsp;<\/p>\n<p style=\"text-align: justify;\">A transfer\u00eancia indireta de responsabilidade<\/p>\n<p style=\"text-align: justify;\">A consequ\u00eancia imediata desse modelo \u00e9 a cria\u00e7\u00e3o de uma responsabilidade indireta ou reflexa.<\/p>\n<p style=\"text-align: justify;\">A empresa adquirente, ainda que cumpra integralmente suas obriga\u00e7\u00f5es, pode ser penalizada pela irregularidade de terceiros.<\/p>\n<p style=\"text-align: justify;\">Essa din\u00e2mica desloca o risco tribut\u00e1rio:<\/p>\n<p style=\"text-align: justify;\">a)do \u00e2mbito interno da empresa&nbsp;<\/p>\n<p style=\"text-align: justify;\">b)para o comportamento de seus fornecedores&nbsp;<\/p>\n<p style=\"text-align: justify;\">E, com isso, rompe parcialmente com a l\u00f3gica cl\u00e1ssica do IVA, que busca neutralidade e previsibilidade.<\/p>\n<p style=\"text-align: justify;\">&nbsp;<\/p>\n<p style=\"text-align: justify;\">Impactos econ\u00f4micos: o aumento silencioso da carga tribut\u00e1ria<\/p>\n<p style=\"text-align: justify;\">A perda de cr\u00e9dito implica, na pr\u00e1tica, aumento do custo tribut\u00e1rio efetivo. N\u00e3o por eleva\u00e7\u00e3o de al\u00edquotas, mas por eros\u00e3o da base credit\u00e1vel.<\/p>\n<p style=\"text-align: justify;\">Os reflexos s\u00e3o diretos:<\/p>\n<p style=\"text-align: justify;\">a)redu\u00e7\u00e3o de margem operacional&nbsp;<\/p>\n<p style=\"text-align: justify;\">b)distor\u00e7\u00e3o na forma\u00e7\u00e3o de pre\u00e7os&nbsp;<\/p>\n<p style=\"text-align: justify;\">c)necessidade de recomposi\u00e7\u00e3o financeira&nbsp;<\/p>\n<p style=\"text-align: justify;\">d)aumento do custo de conformidade&nbsp;<\/p>\n<p style=\"text-align: justify;\">Trata-se de um fen\u00f4meno particularmente sens\u00edvel porque n\u00e3o \u00e9 imediatamente vis\u00edvel.<\/p>\n<p style=\"text-align: justify;\">\u00c9 o que se pode denominar de: tributa\u00e7\u00e3o invis\u00edvel por perda de cr\u00e9dito.<\/p>\n<p style=\"text-align: justify;\">&nbsp;<\/p>\n<p style=\"text-align: justify;\">O tensionamento constitucional<\/p>\n<p style=\"text-align: justify;\">Sob a \u00f3tica jur\u00eddica, o tema inaugura um campo relevante de debate.<\/p>\n<p style=\"text-align: justify;\">A vincula\u00e7\u00e3o do direito ao cr\u00e9dito \u00e0 conduta de terceiros suscita questionamentos consistentes \u00e0 luz de princ\u00edpios estruturantes do sistema tribut\u00e1rio, tais como:<\/p>\n<p style=\"text-align: justify;\">a)n\u00e3o cumulatividade&nbsp;<\/p>\n<p style=\"text-align: justify;\">b)seguran\u00e7a jur\u00eddica&nbsp;<\/p>\n<p style=\"text-align: justify;\">c)boa-f\u00e9 objetiva&nbsp;<\/p>\n<p style=\"text-align: justify;\">d)veda\u00e7\u00e3o de san\u00e7\u00f5es pol\u00edticas indiretas&nbsp;<\/p>\n<p style=\"text-align: justify;\">A discuss\u00e3o que se projeta \u00e9 inevit\u00e1vel: \u00c9 constitucional restringir o direito ao cr\u00e9dito de um contribuinte em raz\u00e3o da irregularidade de outro?<\/p>\n<p style=\"text-align: justify;\">A resposta a essa pergunta tende a ser constru\u00edda nos tribunais, com potencial significativo de judicializa\u00e7\u00e3o.<\/p>\n<p style=\"text-align: justify;\">&nbsp;<\/p>\n<p style=\"text-align: justify;\">A nova exig\u00eancia: governan\u00e7a tribut\u00e1ria ampliada<\/p>\n<p style=\"text-align: justify;\">Diante desse cen\u00e1rio, a postura empresarial precisa ser redesenhada.<\/p>\n<p style=\"text-align: justify;\">N\u00e3o se trata mais apenas de cumprir obriga\u00e7\u00f5es acess\u00f3rias ou apurar corretamente tributos.<\/p>\n<p style=\"text-align: justify;\">A Reforma exige:<\/p>\n<p style=\"text-align: justify;\">a)due diligence fiscal de fornecedores&nbsp;<\/p>\n<p style=\"text-align: justify;\">b)monitoramento cont\u00ednuo da cadeia&nbsp;<\/p>\n<p style=\"text-align: justify;\">c)revis\u00e3o contratual com cl\u00e1usulas de responsabilidade tribut\u00e1ria&nbsp;<\/p>\n<p style=\"text-align: justify;\">d)integra\u00e7\u00e3o entre \u00e1reas fiscal, jur\u00eddica e de compras&nbsp;<\/p>\n<p style=\"text-align: justify;\">A gest\u00e3o tribut\u00e1ria deixa de ser operacional e passa a ser estrat\u00e9gica e sist\u00eamica.<\/p>\n<p style=\"text-align: justify;\">&nbsp;<\/p>\n<p style=\"text-align: justify;\">Risco e oportunidade: o novo divisor competitivo<\/p>\n<p style=\"text-align: justify;\">Empresas que n\u00e3o compreenderem essa mudan\u00e7a estar\u00e3o expostas a:<\/p>\n<p style=\"text-align: justify;\">a)autua\u00e7\u00f5es fiscais&nbsp;<\/p>\n<p style=\"text-align: justify;\">b)glosa de cr\u00e9ditos&nbsp;<\/p>\n<p style=\"text-align: justify;\">c)aumento de carga efetiva&nbsp;<\/p>\n<p style=\"text-align: justify;\">d)perda de competitividade&nbsp;<\/p>\n<p style=\"text-align: justify;\">Por outro lado, organiza\u00e7\u00f5es que se anteciparem poder\u00e3o:<\/p>\n<p style=\"text-align: justify;\">a)estruturar cadeias mais seguras&nbsp;<\/p>\n<p style=\"text-align: justify;\">b)reduzir riscos fiscais&nbsp;<\/p>\n<p style=\"text-align: justify;\">c)otimizar sua carga tribut\u00e1ria&nbsp;<\/p>\n<p style=\"text-align: justify;\">d)transformar compliance em vantagem competitiva&nbsp;<\/p>\n<p style=\"text-align: justify;\">&nbsp;<\/p>\n<p style=\"text-align: justify;\">Em resumo: o verdadeiro impacto da Reforma<\/p>\n<p style=\"text-align: justify;\">A Reforma Tribut\u00e1ria brasileira n\u00e3o deve ser analisada apenas sob a \u00f3tica das al\u00edquotas.<\/p>\n<p style=\"text-align: justify;\">O seu impacto mais profundo reside na forma como o tributo ser\u00e1 apurado, controlado e validado.<\/p>\n<p style=\"text-align: justify;\">E, nesse contexto, o cr\u00e9dito condicionado surge como um dos principais vetores de transforma\u00e7\u00e3o, e de risco.<\/p>\n<p style=\"text-align: justify;\">Porque, ao final, a quest\u00e3o central deixa de ser: \u201cquanto se paga?\u201d<\/p>\n<p style=\"text-align: justify;\">E passa a ser: \u201cquanto se deixa de creditar, sem perceber?\u201d<\/p>\n<p style=\"text-align: justify;\">&nbsp;<\/p>\n<p style=\"text-align: justify;\">Na pr\u00f3xima an\u00e1lise, avan\u00e7aremos sobre um ponto complementar e igualmente estrat\u00e9gico: como identificar fornecedores de risco e estruturar mecanismos de prote\u00e7\u00e3o na nova realidade tribut\u00e1ria.<\/p>\n<p style=\"text-align: justify;\">&nbsp;&nbsp;<\/p>\n<p style=\"text-align: justify;\">&nbsp;<\/p>\n<p style=\"text-align: justify;\">\u201cMini curr\u00edculo\u201d<\/p>\n<p style=\"text-align: justify;\">Dra. Ana Igansi, formada h\u00e1 30 anos. Especialista na \u00e1rea tribut\u00e1ria e em auditoria fiscal. Com v\u00e1rias especializa\u00e7\u00f5es em cursos do Brasil e exterior, em especial Negocia\u00e7\u00e3o em Harvard. Autora de livros, que \u00e9 um dos seus hobbies, al\u00e9m de artigos jur\u00eddicos e mini e-books disponibilizados em seu site e blog &#8211; www.igansiadvocacia.adv.br, 51.99121.4740, anaigansi@hotmail.com.&nbsp;&nbsp;<\/p>\n<p style=\"text-align: justify;\">&nbsp;<\/p>\n<p style=\"text-align: justify;\">&nbsp;<\/p>\n","protected":false},"excerpt":{"rendered":"<p>Por Dra. Ana Igansi&nbsp; @anaigansiadvocacia A falsa centralidade das al\u00edquotas A discuss\u00e3o p\u00fablica em torno da Reforma Tribut\u00e1ria tem sido conduzida, majoritariamente, por um eixo limitado: o das al\u00edquotas. Se aumentam, se reduzem, se se mant\u00eam. No entanto, essa abordagem, embora relevante, \u00e9 insuficiente para compreender a profundidade da transforma\u00e7\u00e3o em curso. A verdadeira ruptura [&hellip;]<\/p>\n","protected":false},"author":1,"featured_media":48755,"comment_status":"open","ping_status":"open","sticky":false,"template":"","format":"standard","meta":{"ngg_post_thumbnail":0,"footnotes":""},"categories":[2,386,41],"tags":[],"class_list":["post-48754","post","type-post","status-publish","format-standard","has-post-thumbnail","hentry","category-destaques","category-tributacao","category-ultimasnoticias"],"_links":{"self":[{"href":"https:\/\/somdepapo.com.br\/portal\/wp-json\/wp\/v2\/posts\/48754","targetHints":{"allow":["GET"]}}],"collection":[{"href":"https:\/\/somdepapo.com.br\/portal\/wp-json\/wp\/v2\/posts"}],"about":[{"href":"https:\/\/somdepapo.com.br\/portal\/wp-json\/wp\/v2\/types\/post"}],"author":[{"embeddable":true,"href":"https:\/\/somdepapo.com.br\/portal\/wp-json\/wp\/v2\/users\/1"}],"replies":[{"embeddable":true,"href":"https:\/\/somdepapo.com.br\/portal\/wp-json\/wp\/v2\/comments?post=48754"}],"version-history":[{"count":1,"href":"https:\/\/somdepapo.com.br\/portal\/wp-json\/wp\/v2\/posts\/48754\/revisions"}],"predecessor-version":[{"id":48756,"href":"https:\/\/somdepapo.com.br\/portal\/wp-json\/wp\/v2\/posts\/48754\/revisions\/48756"}],"wp:featuredmedia":[{"embeddable":true,"href":"https:\/\/somdepapo.com.br\/portal\/wp-json\/wp\/v2\/media\/48755"}],"wp:attachment":[{"href":"https:\/\/somdepapo.com.br\/portal\/wp-json\/wp\/v2\/media?parent=48754"}],"wp:term":[{"taxonomy":"category","embeddable":true,"href":"https:\/\/somdepapo.com.br\/portal\/wp-json\/wp\/v2\/categories?post=48754"},{"taxonomy":"post_tag","embeddable":true,"href":"https:\/\/somdepapo.com.br\/portal\/wp-json\/wp\/v2\/tags?post=48754"}],"curies":[{"name":"wp","href":"https:\/\/api.w.org\/{rel}","templated":true}]}}