{"id":48760,"date":"2026-04-30T11:44:23","date_gmt":"2026-04-30T14:44:23","guid":{"rendered":"https:\/\/somdepapo.com.br\/portal\/?p=48760"},"modified":"2026-04-30T11:47:18","modified_gmt":"2026-04-30T14:47:18","slug":"carne-leao-a-obrigacao-legal-que-muitos-autonomos-ignoram-e-que-pode-gerar-penalidades-severas","status":"publish","type":"post","link":"https:\/\/somdepapo.com.br\/portal\/carne-leao-a-obrigacao-legal-que-muitos-autonomos-ignoram-e-que-pode-gerar-penalidades-severas\/","title":{"rendered":"Carn\u00ea-Le\u00e3o: a obriga\u00e7\u00e3o legal que muitos aut\u00f4nomos ignoram e que pode gerar penalidades severas"},"content":{"rendered":"<p style=\"text-align: right;\">Por William Cesar Salim<\/p>\n<p style=\"text-align: right;\">@williamsalim5<\/p>\n<p style=\"text-align: justify;\">Apesar de ser uma das obriga\u00e7\u00f5es fiscais mais antigas do sistema tribut\u00e1rio brasileiro, o Carn\u00ea-Le\u00e3o ainda \u00e9 desconhecido ou negligenciado por grande parte dos profissionais aut\u00f4nomos. A ferramenta, criada para garantir o recolhimento mensal do Imposto de Renda sobre rendimentos recebidos de pessoas f\u00edsicas, n\u00e3o \u00e9 opcional: ela \u00e9 exigida por lei, e o contribuinte que n\u00e3o a utiliza est\u00e1 em situa\u00e7\u00e3o irregular perante a Receita Federal.<\/p>\n<p style=\"text-align: justify;\">Mesmo com a digitaliza\u00e7\u00e3o do sistema e a integra\u00e7\u00e3o com a declara\u00e7\u00e3o anual, o desconhecimento sobre o Carn\u00ea-Le\u00e3o permanece elevado. E isso tem consequ\u00eancias: multas, juros, inconsist\u00eancias e reten\u00e7\u00e3o em malha fina.<\/p>\n<p style=\"text-align: justify;\">A base legal que torna o Carn\u00ea-Le\u00e3o obrigat\u00f3rio<\/p>\n<p style=\"text-align: justify;\">A obrigatoriedade do Carn\u00ea-Le\u00e3o est\u00e1 prevista no artigo 7\u00ba da Lei n\u00ba 7.713\/1988, que determina o recolhimento mensal obrigat\u00f3rio do Imposto de Renda por pessoas f\u00edsicas que recebem rendimentos de outras pessoas f\u00edsicas ou do exterior. A regulamenta\u00e7\u00e3o atual est\u00e1 detalhada na Instru\u00e7\u00e3o Normativa RFB n\u00ba 2.145\/2023, que disciplina o preenchimento, a apura\u00e7\u00e3o e o pagamento do imposto m\u00eas a m\u00eas.<\/p>\n<p style=\"text-align: justify;\">Em termos objetivos: a lei exige o Carn\u00ea-Le\u00e3o, e n\u00e3o utiliz\u00e1-lo configura descumprimento de obriga\u00e7\u00e3o tribut\u00e1ria.<\/p>\n<p style=\"text-align: justify;\">Quem est\u00e1 obrigado a utilizar o Carn\u00ea-Le\u00e3o<\/p>\n<p style=\"text-align: justify;\">A regra atinge uma ampla gama de profissionais e situa\u00e7\u00f5es. Entre os casos mais frequentes:<\/p>\n<p style=\"text-align: justify;\">Profissionais da sa\u00fade que atendem pacientes particulares: psic\u00f3logos, m\u00e9dicos, fisioterapeutas, nutricionistas.<\/p>\n<p style=\"text-align: justify;\">Prestadores de servi\u00e7os que recebem diretamente do cliente: personal trainers, professores particulares, eletricistas, diaristas.<\/p>\n<p style=\"text-align: justify;\">Profissionais liberais como advogados, arquitetos, designers, consultores e freelancers.<\/p>\n<p style=\"text-align: justify;\">Propriet\u00e1rios de im\u00f3veis que recebem aluguel de pessoa f\u00edsica.<\/p>\n<p style=\"text-align: justify;\">Contribuintes que recebem valores do exterior, como prestadores de servi\u00e7os digitais.<\/p>\n<p style=\"text-align: justify;\">Em todos esses cen\u00e1rios, o imposto n\u00e3o \u00e9 retido na fonte. Por isso, o Carn\u00ea-Le\u00e3o \u00e9 obrigat\u00f3rio.<\/p>\n<p style=\"text-align: justify;\">O risco de declarar sem ter feito o Carn\u00ea-Le\u00e3o<\/p>\n<p style=\"text-align: justify;\">Um dos erros mais comuns \u00e9 acreditar que a declara\u00e7\u00e3o anual do Imposto de Renda \u201cresolve tudo\u201d. N\u00e3o resolve.<\/p>\n<p style=\"text-align: justify;\">Quando o contribuinte informa rendimentos recebidos de pessoa f\u00edsica no IRPF sem ter preenchido o Carn\u00ea-Le\u00e3o, a Receita Federal identifica a inconsist\u00eancia e pode:<\/p>\n<p style=\"text-align: justify;\">cobrar o imposto devido m\u00eas a m\u00eas,<\/p>\n<p style=\"text-align: justify;\">aplicar multa por atraso,<\/p>\n<p style=\"text-align: justify;\">cobrar juros de mora,<\/p>\n<p style=\"text-align: justify;\">exigir comprova\u00e7\u00e3o detalhada das receitas,<\/p>\n<p style=\"text-align: justify;\">e reter a declara\u00e7\u00e3o em malha fina.<\/p>\n<p style=\"text-align: justify;\">Ou seja: quem declara sem ter feito o Carn\u00ea-Le\u00e3o est\u00e1 errado e pode ser penalizado.<\/p>\n<p style=\"text-align: justify;\">Regulariza\u00e7\u00e3o retroativa: poss\u00edvel hoje, incerta no futuro<\/p>\n<p style=\"text-align: justify;\">Atualmente, a Receita Federal ainda permite que o contribuinte regularize o Carn\u00ea-Le\u00e3o retroativamente, preenchendo os meses anteriores e pagando os DARFs com multa e juros. No entanto, essa possibilidade n\u00e3o \u00e9 garantida permanentemente. Mudan\u00e7as normativas podem restringir ou at\u00e9 eliminar a regulariza\u00e7\u00e3o retroativa, exigindo que o contribuinte esteja em dia m\u00eas a m\u00eas.<\/p>\n<p style=\"text-align: justify;\">Em outras palavras: contar com a regulariza\u00e7\u00e3o retroativa \u00e9 arriscado. O contribuinte que n\u00e3o se organiza mensalmente pode, no futuro, n\u00e3o conseguir mais corrigir o passado.<\/p>\n<p style=\"text-align: justify;\">Como funciona o Carn\u00ea-Le\u00e3o na pr\u00e1tica<\/p>\n<p style=\"text-align: justify;\">O sistema exige que o contribuinte registre mensalmente:<\/p>\n<p style=\"text-align: justify;\">todos os valores recebidos de pessoas f\u00edsicas;<\/p>\n<p style=\"text-align: justify;\">despesas dedut\u00edveis relacionadas \u00e0 atividade;<\/p>\n<p style=\"text-align: justify;\">contribui\u00e7\u00f5es ao INSS;<\/p>\n<p style=\"text-align: justify;\">imposto devido conforme a tabela progressiva mensal.<\/p>\n<p style=\"text-align: justify;\">Se houver imposto a pagar, o DARF vence no \u00faltimo dia \u00fatil do m\u00eas seguinte. Na declara\u00e7\u00e3o anual, os dados podem ser importados automaticamente, reduzindo erros e agilizando o preenchimento.<\/p>\n<p style=\"text-align: justify;\">Despesas dedut\u00edveis: um recurso pouco explorado<\/p>\n<p style=\"text-align: justify;\">O Carn\u00ea-Le\u00e3o permite deduzir despesas essenciais ao exerc\u00edcio profissional, como:<\/p>\n<p style=\"text-align: justify;\">aluguel de consult\u00f3rio ou espa\u00e7o de trabalho;<\/p>\n<p style=\"text-align: justify;\">honor\u00e1rios de contador;<\/p>\n<p style=\"text-align: justify;\">materiais e insumos;<\/p>\n<p style=\"text-align: justify;\">energia el\u00e9trica e internet proporcionais;<\/p>\n<p style=\"text-align: justify;\">transporte vinculado \u00e0 atividade;<\/p>\n<p style=\"text-align: justify;\">equipamentos, por meio de deprecia\u00e7\u00e3o;<\/p>\n<p style=\"text-align: justify;\">taxas de conselhos profissionais.<\/p>\n<p style=\"text-align: justify;\">Essas dedu\u00e7\u00f5es reduzem a base de c\u00e1lculo e, portanto, o imposto devido. Ainda assim, muitos contribuintes deixam de registr\u00e1-las por desconhecimento ou falta de organiza\u00e7\u00e3o.<\/p>\n<p style=\"text-align: justify;\">Os erros mais frequentes<\/p>\n<p style=\"text-align: justify;\">Entre os equ\u00edvocos mais comuns est\u00e3o:<\/p>\n<p style=\"text-align: justify;\">n\u00e3o preencher o Carn\u00ea-Le\u00e3o mensalmente;<\/p>\n<p style=\"text-align: justify;\">misturar contas pessoais e profissionais;<\/p>\n<p style=\"text-align: justify;\">registrar apenas valores recebidos por transfer\u00eancia, ignorando pagamentos em dinheiro;<\/p>\n<p style=\"text-align: justify;\">lan\u00e7ar dados manualmente no IRPF, em vez de importar automaticamente;<\/p>\n<p style=\"text-align: justify;\">deixar de informar despesas dedut\u00edveis;<\/p>\n<p style=\"text-align: justify;\">acreditar que a declara\u00e7\u00e3o anual substitui o Carn\u00ea-Le\u00e3o.<\/p>\n<p style=\"text-align: justify;\">Essas falhas podem resultar em penalidades significativas.<\/p>\n<p style=\"text-align: justify;\">Conclus\u00e3o: informa\u00e7\u00e3o e organiza\u00e7\u00e3o s\u00e3o essenciais<\/p>\n<p style=\"text-align: justify;\">O Carn\u00ea-Le\u00e3o n\u00e3o \u00e9 apenas uma ferramenta fiscal \u2014 \u00e9 uma obriga\u00e7\u00e3o legal. Ignor\u00e1-lo significa descumprir a legisla\u00e7\u00e3o, correr riscos desnecess\u00e1rios e comprometer a regularidade fiscal.<\/p>\n<p style=\"text-align: justify;\">Para o contribuinte, a mensagem \u00e9 clara:<\/p>\n<p style=\"text-align: justify;\">Recebeu de pessoa f\u00edsica? O Carn\u00ea-Le\u00e3o \u00e9 obrigat\u00f3rio.<\/p>\n<p style=\"text-align: justify;\">O preenchimento deve ser mensal.<\/p>\n<p style=\"text-align: justify;\">Declarar sem ter feito o Carn\u00ea-Le\u00e3o \u00e9 erro e pode gerar multas.<\/p>\n<p style=\"text-align: justify;\">Hoje ainda \u00e9 poss\u00edvel regularizar retroativamente \u2014 mas isso pode mudar.<\/p>\n<p style=\"text-align: justify;\">Organiza\u00e7\u00e3o e informa\u00e7\u00e3o s\u00e3o as melhores defesas contra problemas com o Fisco.<\/p>\n<p style=\"text-align: justify;\">D\u00favidas? Deixe no coment\u00e1rio ou @williamsalim5<\/p>\n<p style=\"text-align: justify;\">&nbsp;<\/p>\n<p style=\"text-align: justify;\">&nbsp;<\/p>\n","protected":false},"excerpt":{"rendered":"<p>Por William Cesar Salim @williamsalim5 Apesar de ser uma das obriga\u00e7\u00f5es fiscais mais antigas do sistema tribut\u00e1rio brasileiro, o Carn\u00ea-Le\u00e3o ainda \u00e9 desconhecido ou negligenciado por grande parte dos profissionais aut\u00f4nomos. A ferramenta, criada para garantir o recolhimento mensal do Imposto de Renda sobre rendimentos recebidos de pessoas f\u00edsicas, n\u00e3o \u00e9 opcional: ela \u00e9 exigida [&hellip;]<\/p>\n","protected":false},"author":1,"featured_media":48762,"comment_status":"open","ping_status":"open","sticky":false,"template":"","format":"standard","meta":{"ngg_post_thumbnail":0,"footnotes":""},"categories":[408,2,41],"tags":[],"class_list":["post-48760","post","type-post","status-publish","format-standard","has-post-thumbnail","hentry","category-contabilidade","category-destaques","category-ultimasnoticias"],"_links":{"self":[{"href":"https:\/\/somdepapo.com.br\/portal\/wp-json\/wp\/v2\/posts\/48760","targetHints":{"allow":["GET"]}}],"collection":[{"href":"https:\/\/somdepapo.com.br\/portal\/wp-json\/wp\/v2\/posts"}],"about":[{"href":"https:\/\/somdepapo.com.br\/portal\/wp-json\/wp\/v2\/types\/post"}],"author":[{"embeddable":true,"href":"https:\/\/somdepapo.com.br\/portal\/wp-json\/wp\/v2\/users\/1"}],"replies":[{"embeddable":true,"href":"https:\/\/somdepapo.com.br\/portal\/wp-json\/wp\/v2\/comments?post=48760"}],"version-history":[{"count":1,"href":"https:\/\/somdepapo.com.br\/portal\/wp-json\/wp\/v2\/posts\/48760\/revisions"}],"predecessor-version":[{"id":48761,"href":"https:\/\/somdepapo.com.br\/portal\/wp-json\/wp\/v2\/posts\/48760\/revisions\/48761"}],"wp:featuredmedia":[{"embeddable":true,"href":"https:\/\/somdepapo.com.br\/portal\/wp-json\/wp\/v2\/media\/48762"}],"wp:attachment":[{"href":"https:\/\/somdepapo.com.br\/portal\/wp-json\/wp\/v2\/media?parent=48760"}],"wp:term":[{"taxonomy":"category","embeddable":true,"href":"https:\/\/somdepapo.com.br\/portal\/wp-json\/wp\/v2\/categories?post=48760"},{"taxonomy":"post_tag","embeddable":true,"href":"https:\/\/somdepapo.com.br\/portal\/wp-json\/wp\/v2\/tags?post=48760"}],"curies":[{"name":"wp","href":"https:\/\/api.w.org\/{rel}","templated":true}]}}