{"id":48763,"date":"2026-04-30T13:23:20","date_gmt":"2026-04-30T16:23:20","guid":{"rendered":"https:\/\/somdepapo.com.br\/portal\/?p=48763"},"modified":"2026-04-30T13:23:20","modified_gmt":"2026-04-30T16:23:20","slug":"lideranca-neurointencional-liderar-pessoas-compreendendo-como-o-cerebro-realmente-funciona-2","status":"publish","type":"post","link":"https:\/\/somdepapo.com.br\/portal\/lideranca-neurointencional-liderar-pessoas-compreendendo-como-o-cerebro-realmente-funciona-2\/","title":{"rendered":"Lideran\u00e7a Neurointencional: Liderar Pessoas compreendendo como o c\u00e9rebro realmente funciona"},"content":{"rendered":"<p style=\"text-align: right;\">Por Moabe Teles<\/p>\n<p style=\"text-align: right;\">@moabeteles<\/p>\n<p style=\"text-align: justify;\">O ritmo acelerado das organiza\u00e7\u00f5es modernas exige l\u00edderes capazes de inspirar, orientar e mobilizar pessoas em meio a press\u00e3o constante. Mas h\u00e1 um elemento que poucos consideram ao liderar: a biologia humana. A lideran\u00e7a neurointencional nasce do entendimento de que o comportamento das pessoas \u00e9 moldado por mecanismos cerebrais \u2014 e que liderar com consci\u00eancia desses mecanismos transforma completamente a forma como equipes respondem, se motivam e colaboram.<\/p>\n<p style=\"text-align: justify;\">Assim como um mapa revela caminhos ocultos, a neuroci\u00eancia revela o que est\u00e1 por tr\u00e1s das rea\u00e7\u00f5es humanas: motiva\u00e7\u00e3o, medo, conex\u00e3o, aten\u00e7\u00e3o, confian\u00e7a. Liderar neurointencionalmente \u00e9 usar esse conhecimento para criar ambientes onde o c\u00e9rebro humano se sente seguro, valorizado e estimulado a entregar o melhor de si.<\/p>\n<p style=\"text-align: justify;\">Por que falar em neurointencionalidade?<\/p>\n<p style=\"text-align: justify;\">Porque liderar sem entender como o c\u00e9rebro funciona \u00e9 como tentar dirigir no escuro.<\/p>\n<p style=\"text-align: justify;\">\u00c9 reagir sem compreender. \u00c9 exigir sem perceber bloqueios invis\u00edveis.&nbsp;<\/p>\n<p style=\"text-align: justify;\">Quando um l\u00edder entende como emo\u00e7\u00f5es, recompensas, estresse e percep\u00e7\u00e3o funcionam, ele passa a agir de forma estrat\u00e9gica e humana. Ele n\u00e3o for\u00e7a performance \u2014 ele ativa performance.<\/p>\n<p style=\"text-align: justify;\">A neurointencionalidade reconhece que:<\/p>\n<p style=\"text-align: justify;\">O c\u00e9rebro faz de tudo para evitar amea\u00e7as.<\/p>\n<p style=\"text-align: justify;\">A motiva\u00e7\u00e3o nasce de sensa\u00e7\u00e3o de progresso e pertencimento.<\/p>\n<p style=\"text-align: justify;\">A criatividade floresce onde h\u00e1 seguran\u00e7a psicol\u00f3gica.<\/p>\n<p style=\"text-align: justify;\">O foco depende de clareza, prop\u00f3sito e ambiente emocional est\u00e1vel.<\/p>\n<p style=\"text-align: justify;\">Liderar ignorando isso \u00e9 desperdi\u00e7ar o maior motor de uma equipe.<\/p>\n<p style=\"text-align: justify;\">Como atua um l\u00edder neurointencional?<\/p>\n<p style=\"text-align: justify;\">Primeiro, ele cria seguran\u00e7a. N\u00e3o seguran\u00e7a operacional \u2014 seguran\u00e7a emocional. O c\u00e9rebro s\u00f3 relaxa quando sente que n\u00e3o ser\u00e1 punido, humilhado ou exposto. Uma equipe segura experimenta, pergunta, erra e aprende sem medo.<\/p>\n<p style=\"text-align: justify;\">Segundo, ele ativa dopamina por meio de progresso. Pequenas conquistas celebradas, metas claras, feedback cont\u00ednuo \u2014 tudo isso alimenta a motiva\u00e7\u00e3o. Dopamina n\u00e3o nasce de press\u00e3o; nasce de avan\u00e7o percebido.<\/p>\n<p style=\"text-align: justify;\">Terceiro, ele regula o ambiente emocional. Ele sabe que o tom de voz, o ritmo da conversa, o olhar e at\u00e9 o sil\u00eancio influenciam comportamentos. Ele usa calma para gerar calma, clareza para gerar foco.<\/p>\n<p style=\"text-align: justify;\">Quarto, ele traduz complexidade em a\u00e7\u00f5es simples. O c\u00e9rebro adora previsibilidade \u2014 reduz ansiedade, aumenta foco. L\u00edderes neurointencionais tornam caminhos claros para liberar energia mental da equipe.<\/p>\n<p style=\"text-align: justify;\">Exemplos que mostram a diferen\u00e7a<\/p>\n<p style=\"text-align: justify;\">Imagine uma reuni\u00e3o cr\u00edtica. Em vez de iniciar com cobran\u00e7as, o l\u00edder neurointencional come\u00e7a criando estabilidade: uma respira\u00e7\u00e3o consciente, um olhar presente, uma mensagem de alinhamento. Em poucos segundos, o \u201ccampo emocional\u201d muda. As ideias fluem. Os conflitos se dissolvem antes de come\u00e7ar.<\/p>\n<p style=\"text-align: justify;\">Ou durante um momento de crise, quando todos est\u00e3o tensos. O l\u00edder regula o pr\u00f3prio estado antes de regular o grupo. Sabe que emo\u00e7\u00f5es s\u00e3o contagiosas \u2014 e intencionalmente escolhe transmitir calma.<\/p>\n<p style=\"text-align: justify;\">Esse l\u00edder n\u00e3o manipula mentes. Ele compreende mentes. E isso muda tudo.<\/p>\n<p style=\"text-align: justify;\">Onde essa abordagem leva uma equipe?<\/p>\n<p style=\"text-align: justify;\">Equipes lideradas neurointencionalmente apresentam:<\/p>\n<p style=\"text-align: justify;\">mais foco: menos dispers\u00e3o emocional;<\/p>\n<p style=\"text-align: justify;\">mais criatividade: o c\u00e9rebro sai do modo \u201camea\u00e7a\u201d;<\/p>\n<p style=\"text-align: justify;\">mais coopera\u00e7\u00e3o: pertencimento ativo;<\/p>\n<p style=\"text-align: justify;\">mais consist\u00eancia: ambientes previs\u00edveis criam estabilidade interna.<\/p>\n<p style=\"text-align: justify;\">Mas o maior impacto \u00e9 invis\u00edvel: as pessoas se sentem vistas em sua humanidade biol\u00f3gica. N\u00e3o s\u00e3o tratadas apenas como profissionais \u2014 s\u00e3o tratadas como seres humanos completos.<\/p>\n<p style=\"text-align: justify;\">Conclus\u00e3o<\/p>\n<p style=\"text-align: justify;\">A lideran\u00e7a neurointencional \u00e9 o ponto de encontro entre ci\u00eancia e humanidade.<\/p>\n<p style=\"text-align: justify;\">\u00c9 liderar com inten\u00e7\u00e3o, consci\u00eancia e presen\u00e7a.&nbsp;<\/p>\n<p style=\"text-align: justify;\">\u00c9 reconhecer que, por tr\u00e1s de cada meta, h\u00e1 um c\u00e9rebro buscando seguran\u00e7a, significado e conex\u00e3o.<\/p>\n<p style=\"text-align: justify;\">No fim, liderar neurointencionalmente n\u00e3o \u00e9 sobre controlar comportamentos \u2014 \u00e9 sobre liberar potenciais. \u00c9 sobre tocar o que existe de mais profundo no ser humano: a necessidade de ser compreendido.<\/p>\n<p style=\"text-align: justify;\">E quando o l\u00edder compreende, ele transforma.<\/p>\n<p style=\"text-align: justify;\">E quando transforma, ele eleva todos ao redor.<\/p>\n<p style=\"text-align: justify;\">&nbsp;<\/p>\n<p style=\"text-align: justify;\">&nbsp;<\/p>\n","protected":false},"excerpt":{"rendered":"<p>Por Moabe Teles @moabeteles O ritmo acelerado das organiza\u00e7\u00f5es modernas exige l\u00edderes capazes de inspirar, orientar e mobilizar pessoas em meio a press\u00e3o constante. Mas h\u00e1 um elemento que poucos consideram ao liderar: a biologia humana. A lideran\u00e7a neurointencional nasce do entendimento de que o comportamento das pessoas \u00e9 moldado por mecanismos cerebrais \u2014 e [&hellip;]<\/p>\n","protected":false},"author":1,"featured_media":48764,"comment_status":"open","ping_status":"open","sticky":false,"template":"","format":"standard","meta":{"ngg_post_thumbnail":0,"footnotes":""},"categories":[2,347,31,41],"tags":[],"class_list":["post-48763","post","type-post","status-publish","format-standard","has-post-thumbnail","hentry","category-destaques","category-lideranca","category-noticias","category-ultimasnoticias"],"_links":{"self":[{"href":"https:\/\/somdepapo.com.br\/portal\/wp-json\/wp\/v2\/posts\/48763","targetHints":{"allow":["GET"]}}],"collection":[{"href":"https:\/\/somdepapo.com.br\/portal\/wp-json\/wp\/v2\/posts"}],"about":[{"href":"https:\/\/somdepapo.com.br\/portal\/wp-json\/wp\/v2\/types\/post"}],"author":[{"embeddable":true,"href":"https:\/\/somdepapo.com.br\/portal\/wp-json\/wp\/v2\/users\/1"}],"replies":[{"embeddable":true,"href":"https:\/\/somdepapo.com.br\/portal\/wp-json\/wp\/v2\/comments?post=48763"}],"version-history":[{"count":1,"href":"https:\/\/somdepapo.com.br\/portal\/wp-json\/wp\/v2\/posts\/48763\/revisions"}],"predecessor-version":[{"id":48765,"href":"https:\/\/somdepapo.com.br\/portal\/wp-json\/wp\/v2\/posts\/48763\/revisions\/48765"}],"wp:featuredmedia":[{"embeddable":true,"href":"https:\/\/somdepapo.com.br\/portal\/wp-json\/wp\/v2\/media\/48764"}],"wp:attachment":[{"href":"https:\/\/somdepapo.com.br\/portal\/wp-json\/wp\/v2\/media?parent=48763"}],"wp:term":[{"taxonomy":"category","embeddable":true,"href":"https:\/\/somdepapo.com.br\/portal\/wp-json\/wp\/v2\/categories?post=48763"},{"taxonomy":"post_tag","embeddable":true,"href":"https:\/\/somdepapo.com.br\/portal\/wp-json\/wp\/v2\/tags?post=48763"}],"curies":[{"name":"wp","href":"https:\/\/api.w.org\/{rel}","templated":true}]}}