{"id":48781,"date":"2026-05-01T04:51:10","date_gmt":"2026-05-01T07:51:10","guid":{"rendered":"https:\/\/somdepapo.com.br\/portal\/?p=48781"},"modified":"2026-04-30T21:53:56","modified_gmt":"2026-05-01T00:53:56","slug":"nao-e-so-cansaco","status":"publish","type":"post","link":"https:\/\/somdepapo.com.br\/portal\/nao-e-so-cansaco\/","title":{"rendered":"N\u00e3o \u00e9 s\u00f3 cansa\u00e7o"},"content":{"rendered":"<p style=\"text-align: right;\">Por Daniela Gurgel<\/p>\n<p style=\"text-align: right;\">@danigurgel.psicanalista<\/p>\n<p style=\"text-align: justify;\">&nbsp; &nbsp; &nbsp; &nbsp; &nbsp; &nbsp; &nbsp;&nbsp;<\/p>\n<p style=\"text-align: justify;\">&nbsp;Sabe aquele cansa\u00e7o que parece n\u00e3o passar?&nbsp;<\/p>\n<p style=\"text-align: justify;\">&nbsp;Voc\u00ea deita, tenta descansar, mas quando acorda sente aquele peso no corpo, uma esp\u00e9cie de esgotamento f\u00edsico acompanhado de des\u00e2nimo, irritabilidade, frustra\u00e7\u00e3o, distanciamento emocional, choro, ins\u00f4nia, autocr\u00edtica e em alguns casos at\u00e9 medo de enfrentar o dia.&nbsp;<\/p>\n<p style=\"text-align: justify;\">&nbsp;A sensa\u00e7\u00e3o que voc\u00ea carrega \u00e9 de algu\u00e9m que est\u00e1 sempre no limite. Essa sensa\u00e7\u00e3o que a princ\u00edpio parece estar associada a uma rotina intensa, sinaliza uma exaust\u00e3o emocional.<\/p>\n<p style=\"text-align: justify;\">&nbsp;Embora carregue esse nome de peso, \u201cexaust\u00e3o emocional\u201d, ela come\u00e7a de forma silenciosa com simples h\u00e1bitos e falas do tipo \u201cdeixa comigo\u201d, \u201cdou conta sozinho\u201d, \u201cdeixa pra l\u00e1\u201d, \u201cn\u00e3o me importo\u201d, \u201cdeixa que eu fa\u00e7o\u201d &#8230;<\/p>\n<p style=\"text-align: justify;\">&nbsp; &nbsp;Esses h\u00e1bitos v\u00e3o se tornando rotina e se propagando aos poucos, ao ponto de gerar um esgotamento emocional t\u00e3o intenso, que voc\u00ea acaba perdendo as for\u00e7as e n\u00e3o dando mais conta de si.<\/p>\n<p style=\"text-align: justify;\">&nbsp;E a triste not\u00edcia, \u00e9? Vai ganhando propor\u00e7\u00f5es avassaladoras, algo que vai al\u00e9m do sustentar e que se transforma em mania de suportar.<\/p>\n<p style=\"text-align: justify;\">&nbsp;Na psican\u00e1lise, esses sinais s\u00e3o evid\u00eancias de que h\u00e1 muita coisa sendo guardada, reprimida, ignorada e at\u00e9 mesmo adiada. Freud deixava bem claro que o que n\u00e3o processamos, volta em forma de sintomas de ang\u00fastia ou exaust\u00e3o.&nbsp;<\/p>\n<p style=\"text-align: justify;\">E verdade seja dita&#8230;<\/p>\n<p style=\"text-align: justify;\">&nbsp;H\u00e1 muita gente cansada n\u00e3o pelas tarefas que realiza, mas pelas situa\u00e7\u00f5es que sustenta. H\u00e1 quem insiste ou se sente na obriga\u00e7\u00e3o de sustentar rela\u00e7\u00f5es t\u00f3xicas e abusivas, de se moldar o tempo todo para agradar ou caber no mundo de algu\u00e9m, de ter que ser forte ao ponto de engolir tudo para ser aceito no meio em que vive e outras in\u00fameras situa\u00e7\u00f5es que geram desgaste emocional progressivo.<\/p>\n<p style=\"text-align: justify;\">&nbsp;A psican\u00e1lise se posiciona diante dessa exaust\u00e3o, abrindo um espa\u00e7o para que voc\u00ea fale, compreenda e acima de tudo processe o que tem te levado a sustentar algo desgastante o tempo todo. Esse entendimento vai te proporcionar um retorno de si, uma reconex\u00e3o interior onde voc\u00ea possa sair do est\u00e1gio de suportar para o est\u00e1gio de se escutar e, a partir desse ponto retomar o desejo e a coragem de estabelecer suas pr\u00f3prias escolhas.&nbsp;<\/p>\n<p style=\"text-align: justify;\">&nbsp;Enxergue a exaust\u00e3o emocional como uma alerta de que voc\u00ea foi forte at\u00e9 onde aguentou. Agora \u00e9 hora de parar, se escutar, pedir ajuda e acima de tudo recalcular sua rota de vida.<\/p>\n<p style=\"text-align: justify;\">&nbsp;<\/p>\n<p style=\"text-align: justify;\">&nbsp;<\/p>\n","protected":false},"excerpt":{"rendered":"<p>Por Daniela Gurgel @danigurgel.psicanalista &nbsp; &nbsp; &nbsp; &nbsp; &nbsp; &nbsp; &nbsp;&nbsp; &nbsp;Sabe aquele cansa\u00e7o que parece n\u00e3o passar?&nbsp; &nbsp;Voc\u00ea deita, tenta descansar, mas quando acorda sente aquele peso no corpo, uma esp\u00e9cie de esgotamento f\u00edsico acompanhado de des\u00e2nimo, irritabilidade, frustra\u00e7\u00e3o, distanciamento emocional, choro, ins\u00f4nia, autocr\u00edtica e em alguns casos at\u00e9 medo de enfrentar o dia.&nbsp; [&hellip;]<\/p>\n","protected":false},"author":1,"featured_media":48783,"comment_status":"open","ping_status":"open","sticky":false,"template":"","format":"standard","meta":{"ngg_post_thumbnail":0,"footnotes":""},"categories":[2,409,41],"tags":[],"class_list":["post-48781","post","type-post","status-publish","format-standard","has-post-thumbnail","hentry","category-destaques","category-reconexao-psicanalitica","category-ultimasnoticias"],"_links":{"self":[{"href":"https:\/\/somdepapo.com.br\/portal\/wp-json\/wp\/v2\/posts\/48781","targetHints":{"allow":["GET"]}}],"collection":[{"href":"https:\/\/somdepapo.com.br\/portal\/wp-json\/wp\/v2\/posts"}],"about":[{"href":"https:\/\/somdepapo.com.br\/portal\/wp-json\/wp\/v2\/types\/post"}],"author":[{"embeddable":true,"href":"https:\/\/somdepapo.com.br\/portal\/wp-json\/wp\/v2\/users\/1"}],"replies":[{"embeddable":true,"href":"https:\/\/somdepapo.com.br\/portal\/wp-json\/wp\/v2\/comments?post=48781"}],"version-history":[{"count":1,"href":"https:\/\/somdepapo.com.br\/portal\/wp-json\/wp\/v2\/posts\/48781\/revisions"}],"predecessor-version":[{"id":48784,"href":"https:\/\/somdepapo.com.br\/portal\/wp-json\/wp\/v2\/posts\/48781\/revisions\/48784"}],"wp:featuredmedia":[{"embeddable":true,"href":"https:\/\/somdepapo.com.br\/portal\/wp-json\/wp\/v2\/media\/48783"}],"wp:attachment":[{"href":"https:\/\/somdepapo.com.br\/portal\/wp-json\/wp\/v2\/media?parent=48781"}],"wp:term":[{"taxonomy":"category","embeddable":true,"href":"https:\/\/somdepapo.com.br\/portal\/wp-json\/wp\/v2\/categories?post=48781"},{"taxonomy":"post_tag","embeddable":true,"href":"https:\/\/somdepapo.com.br\/portal\/wp-json\/wp\/v2\/tags?post=48781"}],"curies":[{"name":"wp","href":"https:\/\/api.w.org\/{rel}","templated":true}]}}