{"id":48789,"date":"2026-05-02T03:58:17","date_gmt":"2026-05-02T06:58:17","guid":{"rendered":"https:\/\/somdepapo.com.br\/portal\/?p=48789"},"modified":"2026-04-30T22:02:52","modified_gmt":"2026-05-01T01:02:52","slug":"o-consumidor-na-era-da-assimetria-informal","status":"publish","type":"post","link":"https:\/\/somdepapo.com.br\/portal\/o-consumidor-na-era-da-assimetria-informal\/","title":{"rendered":"O Consumidor na Era da Assimetria Informal"},"content":{"rendered":"<p style=\"text-align: right;\">Por Dra. Ana Igansi<\/p>\n<p style=\"text-align: right;\">@anaigansiadvocacia<\/p>\n<p style=\"text-align: justify;\">&nbsp;<\/p>\n<p style=\"text-align: justify;\">Entre contratos silenciosos e riscos invis\u00edveis: o novo campo de batalha do Direito do Consumidor<\/p>\n<p style=\"text-align: justify;\">O mito da escolha livre<\/p>\n<p style=\"text-align: justify;\">Vivemos uma era em que o consumidor aparentemente tem tudo \u00e0 sua disposi\u00e7\u00e3o: informa\u00e7\u00e3o, variedade, tecnologia, conveni\u00eancia. No entanto, essa sensa\u00e7\u00e3o de liberdade \u00e9, muitas vezes, uma constru\u00e7\u00e3o ilus\u00f3ria.<\/p>\n<p style=\"text-align: justify;\">A realidade contempor\u00e2nea revela um fen\u00f4meno mais sofisticado e silencioso: a assimetria informacional estrutural, na qual fornecedores dominam n\u00e3o apenas os produtos e servi\u00e7os, mas tamb\u00e9m os dados, os algoritmos e a forma como as decis\u00f5es s\u00e3o induzidas.<\/p>\n<p style=\"text-align: justify;\">O consumidor moderno n\u00e3o escolhe. Ele \u00e9 conduzido.<\/p>\n<p style=\"text-align: justify;\">E \u00e9 justamente nesse cen\u00e1rio que o Direito do Consumidor deixa de ser um instrumento de prote\u00e7\u00e3o b\u00e1sica para se tornar um mecanismo de reequil\u00edbrio civilizat\u00f3rio.<\/p>\n<p style=\"text-align: justify;\">A vulnerabilidade evoluiu e o Direito precisa acompanhar<\/p>\n<p style=\"text-align: justify;\">O C\u00f3digo de Defesa do Consumidor, em seu art. 4\u00ba, j\u00e1 reconhecia a vulnerabilidade do consumidor como princ\u00edpio estruturante. No entanto, a vulnerabilidade de hoje n\u00e3o \u00e9 apenas t\u00e9cnica, jur\u00eddica ou econ\u00f4mica.<\/p>\n<p style=\"text-align: justify;\">Ela \u00e9:<\/p>\n<p style=\"text-align: justify;\">a)informacional (contratos complexos e pouco transparentes);&nbsp;<\/p>\n<p style=\"text-align: justify;\">b)digital (uso de dados e intelig\u00eancia artificial);&nbsp;<\/p>\n<p style=\"text-align: justify;\">c)comportamental (indu\u00e7\u00e3o de decis\u00f5es por design de plataformas);&nbsp;<\/p>\n<p style=\"text-align: justify;\">d)emocional (explora\u00e7\u00e3o da urg\u00eancia, medo ou desejo do consumidor).&nbsp;<\/p>\n<p style=\"text-align: justify;\">O fornecedor deixou de ser apenas um agente econ\u00f4mico. Ele passou a ser um arquitetor de decis\u00f5es.<\/p>\n<p style=\"text-align: justify;\">A boa-f\u00e9 objetiva como limite \u00e9tico-jur\u00eddico<\/p>\n<p style=\"text-align: justify;\">Os artigos 421 e 422 do C\u00f3digo Civil imp\u00f5em a fun\u00e7\u00e3o social do contrato e a observ\u00e2ncia da boa-f\u00e9 objetiva. No entanto, na pr\u00e1tica de mercado, verifica-se uma crescente dissocia\u00e7\u00e3o entre:<\/p>\n<p style=\"text-align: justify;\">a)o que \u00e9 formalmente contratado, e&nbsp;<\/p>\n<p style=\"text-align: justify;\">b)o que efetivamente \u00e9 compreendido pelo consumidor.&nbsp;<\/p>\n<p style=\"text-align: justify;\">Cl\u00e1usulas ocultas, linguagem t\u00e9cnica, aus\u00eancia de destaque e informa\u00e7\u00f5es fragmentadas configuram o que podemos chamar de: &#8220;legalidade aparente e ilegitimidade material&#8221;.<\/p>\n<p style=\"text-align: justify;\">A boa-f\u00e9 objetiva, nesse contexto, deve ser reinterpretada n\u00e3o apenas como um dever de conduta, mas como um dever de transpar\u00eancia real e intelig\u00edvel.<\/p>\n<p style=\"text-align: justify;\">V\u00edcios ocultos: o sil\u00eancio que custa caro<\/p>\n<p style=\"text-align: justify;\">Um dos pontos mais sens\u00edveis e recorrentes no contencioso atual envolve os chamados v\u00edcios ocultos.<\/p>\n<p style=\"text-align: justify;\">Nos termos do art. 26 do CDC, o prazo decadencial s\u00f3 se inicia quando o defeito se torna evidente. Isso \u00e9 essencial, porque muitos fornecedores ainda se utilizam de uma estrat\u00e9gia conhecida:<\/p>\n<p style=\"text-align: justify;\">a)entregar o produto em condi\u00e7\u00f5es aparentemente adequadas;&nbsp;<\/p>\n<p style=\"text-align: justify;\">b)ocultar falhas estruturais ou desgaste avan\u00e7ado;&nbsp;<\/p>\n<p style=\"text-align: justify;\">c)transferir o risco ao consumidor ap\u00f3s a concretiza\u00e7\u00e3o do neg\u00f3cio.&nbsp;<\/p>\n<p style=\"text-align: justify;\">Essa pr\u00e1tica viola frontalmente:<\/p>\n<p style=\"text-align: justify;\">a)o dever de informa\u00e7\u00e3o (art. 6\u00ba, III, CDC);&nbsp;<\/p>\n<p style=\"text-align: justify;\">b)a garantia de adequa\u00e7\u00e3o do produto (art. 18, CDC);&nbsp;<\/p>\n<p style=\"text-align: justify;\">c)e a confian\u00e7a leg\u00edtima do consumidor.&nbsp;<\/p>\n<p style=\"text-align: justify;\">Mais do que um defeito t\u00e9cnico, o v\u00edcio oculto representa uma ruptura da lealdade contratual.<\/p>\n<p style=\"text-align: justify;\">O financiamento como instrumento de aprisionamento econ\u00f4mico<\/p>\n<p style=\"text-align: justify;\">Nos contratos de consumo envolvendo institui\u00e7\u00f5es financeiras, especialmente em aquisi\u00e7\u00f5es de bens dur\u00e1veis, surge uma quest\u00e3o cr\u00edtica: o consumidor n\u00e3o compra apenas um produto, ele assume uma estrutura de d\u00edvida complexa e, muitas vezes, desproporcional.<\/p>\n<p style=\"text-align: justify;\">\u00c9 nesse ponto que a jurisprud\u00eancia tem evolu\u00eddo para reconhecer a possibilidade de:<\/p>\n<p style=\"text-align: justify;\">a)revis\u00e3o contratual por abusividade;&nbsp;<\/p>\n<p style=\"text-align: justify;\">b)limita\u00e7\u00e3o de encargos excessivos;&nbsp;<\/p>\n<p style=\"text-align: justify;\">c)resolu\u00e7\u00e3o do contrato principal com reflexos no contrato acess\u00f3rio de financiamento.&nbsp;<\/p>\n<p style=\"text-align: justify;\">A conex\u00e3o entre fornecedor e institui\u00e7\u00e3o financeira, em muitos casos, configura uma cadeia de fornecimento solid\u00e1ria, nos termos do art. 7\u00ba, par\u00e1grafo \u00fanico, do CDC.<\/p>\n<p style=\"text-align: justify;\">A responsabilidade civil como instrumento de equil\u00edbrio social<\/p>\n<p style=\"text-align: justify;\">A responsabilidade civil no \u00e2mbito consumerista ultrapassa a l\u00f3gica reparat\u00f3ria.<\/p>\n<p style=\"text-align: justify;\">Ela assume tr\u00eas fun\u00e7\u00f5es:<\/p>\n<p style=\"text-align: justify;\">1.Compensat\u00f3ria \u2014 reparar o dano individual;&nbsp;<\/p>\n<p style=\"text-align: justify;\">2.Punitiva \u2014 desestimular pr\u00e1ticas abusivas;&nbsp;<\/p>\n<p style=\"text-align: justify;\">3.Pedag\u00f3gica \u2014 reordenar o comportamento do mercado.&nbsp;<\/p>\n<p style=\"text-align: justify;\">Nesse sentido, o dano moral n\u00e3o pode ser banalizado, mas tampouco pode ser subestimado.<\/p>\n<p style=\"text-align: justify;\">H\u00e1 situa\u00e7\u00f5es em que o preju\u00edzo n\u00e3o est\u00e1 no valor econ\u00f4mico, mas na:<\/p>\n<p style=\"text-align: justify;\">a)frustra\u00e7\u00e3o leg\u00edtima;&nbsp;<\/p>\n<p style=\"text-align: justify;\">b)perda de tempo \u00fatil;&nbsp;<\/p>\n<p style=\"text-align: justify;\">c)desgaste emocional;&nbsp;<\/p>\n<p style=\"text-align: justify;\">d)inseguran\u00e7a jur\u00eddica gerada pela rela\u00e7\u00e3o.&nbsp;<\/p>\n<p style=\"text-align: justify;\">O papel do Judici\u00e1rio: entre t\u00e9cnica e sensibilidade<\/p>\n<p style=\"text-align: justify;\">O Judici\u00e1rio brasileiro tem sido chamado a lidar com conflitos cada vez mais complexos, onde a prova n\u00e3o \u00e9 apenas documental, mas tamb\u00e9m contextual e comportamental.<\/p>\n<p style=\"text-align: justify;\">A an\u00e1lise exige:<\/p>\n<p style=\"text-align: justify;\">a)compreens\u00e3o da din\u00e2mica de mercado;&nbsp;<\/p>\n<p style=\"text-align: justify;\">b)leitura cr\u00edtica dos contratos;&nbsp;<\/p>\n<p style=\"text-align: justify;\">c)aplica\u00e7\u00e3o principiol\u00f3gica do CDC;&nbsp;<\/p>\n<p style=\"text-align: justify;\">d)sensibilidade para reconhecer abusos disfar\u00e7ados de legalidade.&nbsp;<\/p>\n<p style=\"text-align: justify;\">Decidir, hoje, n\u00e3o \u00e9 apenas aplicar a lei. \u00c9 restaurar o equil\u00edbrio de for\u00e7as.<\/p>\n<p style=\"text-align: justify;\">Em s\u00edntese: o consumidor como eixo da dignidade econ\u00f4mica<\/p>\n<p style=\"text-align: justify;\">O Direito do Consumidor n\u00e3o \u00e9 um ramo perif\u00e9rico. Ele \u00e9 um dos pilares da ordem econ\u00f4mica constitucional.<\/p>\n<p style=\"text-align: justify;\">Proteger o consumidor \u00e9:<\/p>\n<p style=\"text-align: justify;\">a)preservar a confian\u00e7a nas rela\u00e7\u00f5es;&nbsp;<\/p>\n<p style=\"text-align: justify;\">b)garantir justi\u00e7a nas trocas;&nbsp;<\/p>\n<p style=\"text-align: justify;\">c)impedir que o mercado se torne um espa\u00e7o de explora\u00e7\u00e3o legitimada.&nbsp;<\/p>\n<p style=\"text-align: justify;\">Em um cen\u00e1rio de crescente complexidade, a verdadeira pergunta n\u00e3o \u00e9 mais: \u201cO contrato foi cumprido?\u201d<\/p>\n<p style=\"text-align: justify;\">Mas sim: \u201cO consumidor foi respeitado?\u201d<\/p>\n<p style=\"text-align: justify;\">E \u00e9 justamente nessa mudan\u00e7a de perspectiva que reside o futuro do Direito do Consumidor.<\/p>\n<p style=\"text-align: justify;\">Na pr\u00f3xima an\u00e1lise, avan\u00e7aremos para um tema ainda mais sens\u00edvel: Quando o contrato deixa de ser um instrumento de liberdade e passa a ser um mecanismo de aprisionamento financeiro.<\/p>\n<p style=\"text-align: justify;\">Nos encontraremos na pr\u00f3xima publica\u00e7\u00e3o.<\/p>\n<p style=\"text-align: justify;\">&nbsp;<\/p>\n<p style=\"text-align: justify;\">\u201cMini curr\u00edculo\u201d<\/p>\n<p style=\"text-align: justify;\">Dra. Ana Igansi, formada h\u00e1 30 anos. Especialista em Direito do Consumidor, Tribut\u00e1rio e Auditoria Fiscal. Com v\u00e1rias especializa\u00e7\u00f5es em cursos do Brasil e exterior, em especial Negocia\u00e7\u00e3o em Harvard. Autora de livros, que \u00e9 um dos seus hobbies, al\u00e9m de artigos jur\u00eddicos e mini e-books disponibilizados em seu site e blog &#8211; www.igansiadvocacia.adv.br, 51.99121.4740, anaigansi@hotmail.com.&nbsp;&nbsp;<\/p>\n<p style=\"text-align: justify;\">&nbsp;<\/p>\n<p style=\"text-align: justify;\">&nbsp;<\/p>\n","protected":false},"excerpt":{"rendered":"<p>Por Dra. Ana Igansi @anaigansiadvocacia &nbsp; Entre contratos silenciosos e riscos invis\u00edveis: o novo campo de batalha do Direito do Consumidor O mito da escolha livre Vivemos uma era em que o consumidor aparentemente tem tudo \u00e0 sua disposi\u00e7\u00e3o: informa\u00e7\u00e3o, variedade, tecnologia, conveni\u00eancia. No entanto, essa sensa\u00e7\u00e3o de liberdade \u00e9, muitas vezes, uma constru\u00e7\u00e3o ilus\u00f3ria. [&hellip;]<\/p>\n","protected":false},"author":1,"featured_media":48790,"comment_status":"open","ping_status":"open","sticky":false,"template":"","format":"standard","meta":{"ngg_post_thumbnail":0,"footnotes":""},"categories":[2,416,41],"tags":[],"class_list":["post-48789","post","type-post","status-publish","format-standard","has-post-thumbnail","hentry","category-destaques","category-direito-do-consumidor","category-ultimasnoticias"],"_links":{"self":[{"href":"https:\/\/somdepapo.com.br\/portal\/wp-json\/wp\/v2\/posts\/48789","targetHints":{"allow":["GET"]}}],"collection":[{"href":"https:\/\/somdepapo.com.br\/portal\/wp-json\/wp\/v2\/posts"}],"about":[{"href":"https:\/\/somdepapo.com.br\/portal\/wp-json\/wp\/v2\/types\/post"}],"author":[{"embeddable":true,"href":"https:\/\/somdepapo.com.br\/portal\/wp-json\/wp\/v2\/users\/1"}],"replies":[{"embeddable":true,"href":"https:\/\/somdepapo.com.br\/portal\/wp-json\/wp\/v2\/comments?post=48789"}],"version-history":[{"count":1,"href":"https:\/\/somdepapo.com.br\/portal\/wp-json\/wp\/v2\/posts\/48789\/revisions"}],"predecessor-version":[{"id":48791,"href":"https:\/\/somdepapo.com.br\/portal\/wp-json\/wp\/v2\/posts\/48789\/revisions\/48791"}],"wp:featuredmedia":[{"embeddable":true,"href":"https:\/\/somdepapo.com.br\/portal\/wp-json\/wp\/v2\/media\/48790"}],"wp:attachment":[{"href":"https:\/\/somdepapo.com.br\/portal\/wp-json\/wp\/v2\/media?parent=48789"}],"wp:term":[{"taxonomy":"category","embeddable":true,"href":"https:\/\/somdepapo.com.br\/portal\/wp-json\/wp\/v2\/categories?post=48789"},{"taxonomy":"post_tag","embeddable":true,"href":"https:\/\/somdepapo.com.br\/portal\/wp-json\/wp\/v2\/tags?post=48789"}],"curies":[{"name":"wp","href":"https:\/\/api.w.org\/{rel}","templated":true}]}}