{"id":48805,"date":"2026-05-01T09:47:57","date_gmt":"2026-05-01T12:47:57","guid":{"rendered":"https:\/\/somdepapo.com.br\/portal\/?p=48805"},"modified":"2026-05-01T09:51:03","modified_gmt":"2026-05-01T12:51:03","slug":"dia-das-maes-ansiedade-e-o-poder-de-cuidar-do-emocional","status":"publish","type":"post","link":"https:\/\/somdepapo.com.br\/portal\/dia-das-maes-ansiedade-e-o-poder-de-cuidar-do-emocional\/","title":{"rendered":"Dia das M\u00e3es, Ansiedade e o Poder de Cuidar do Emocional"},"content":{"rendered":"<p style=\"text-align: right;\">Por Jos\u00e9 Pereira<\/p>\n<p style=\"text-align: right;\">Terapeuta e Mentor Emocional<\/p>\n<p style=\"text-align: right;\">Especialista em Ansiedade&nbsp;<\/p>\n<p style=\"text-align: right;\">\ud83d\udcf116997817439<\/p>\n<p style=\"text-align: justify;\">O Dia das M\u00e3es \u00e9 celebrado como um momento de amor, gratid\u00e3o e homenagem. Mas, por tr\u00e1s dos sorrisos e das flores, muitas m\u00e3es carregam um peso invis\u00edvel: a ansiedade.<\/p>\n<p style=\"text-align: justify;\">Ansiedade de ser suficiente. Ansiedade de dar conta de tudo. Ansiedade de n\u00e3o falhar no papel mais exigente e, ao mesmo tempo, mais desvalorizado da sociedade.<\/p>\n<p style=\"text-align: justify;\">Ser m\u00e3e \u00e9 viver em constante expectativa: do futuro dos filhos, da estabilidade da fam\u00edlia, da pr\u00f3pria identidade que muitas vezes se perde no meio das responsabilidades. E essa press\u00e3o silenciosa pode sufocar.<\/p>\n<p style=\"text-align: justify;\">Neste Dia das M\u00e3es, que possamos enxergar al\u00e9m das homenagens superficiais. Que possamos ouvir, acolher e respeitar as m\u00e3es que enfrentam batalhas internas todos os dias. O amor que elas oferecem \u00e9 imenso, mas tamb\u00e9m precisam receber cuidado, compreens\u00e3o e espa\u00e7o para respirar.<\/p>\n<p style=\"text-align: justify;\">Porque ser m\u00e3e n\u00e3o \u00e9 ser perfeita. \u00c9 ser humana. E toda m\u00e3e merece ser lembrada n\u00e3o apenas pelo que faz, mas tamb\u00e9m pelo que sente.<\/p>\n<p style=\"text-align: justify;\">Meu trabalho como terapeuta e mentor emocional<\/p>\n<p style=\"text-align: justify;\">Com anos de experi\u00eancia, dedico minha trajet\u00f3ria a ajudar pessoas que enfrentam traumas emocionais graves como ansiedade, depress\u00e3o e outros desafios que marcam profundamente a alma.<\/p>\n<p style=\"text-align: justify;\">Minha forma\u00e7\u00e3o inclui cinco especializa\u00e7\u00f5es em traumas emocionais graves, al\u00e9m de ser especialista em PNL (Programa\u00e7\u00e3o Neurolingu\u00edstica) e possuir s\u00f3lida forma\u00e7\u00e3o em leitura corporal e comportamental. Essa combina\u00e7\u00e3o me permite compreender n\u00e3o apenas o que \u00e9 dito, mas tamb\u00e9m o que \u00e9 sentido e muitas vezes silenciado.<\/p>\n<p style=\"text-align: justify;\">O emocional \u00e9 a base da vida. Quando n\u00e3o cuidamos dele, tudo se fragiliza: relacionamentos, sa\u00fade, trabalho, sonhos. Mas quando damos aten\u00e7\u00e3o ao nosso mundo interno, abrimos espa\u00e7o para equil\u00edbrio, for\u00e7a e transforma\u00e7\u00e3o.<\/p>\n<p style=\"text-align: justify;\">Este \u00e9 o convite: n\u00e3o espere o emocional gritar para ent\u00e3o cuidar dele. A preven\u00e7\u00e3o e o acolhimento s\u00e3o atos de amor pr\u00f3prio.<\/p>\n<p style=\"text-align: justify;\">Neste Dia das M\u00e3es \u2014 e em todos os dias \u2014 lembre-se: cuidar do emocional \u00e9 cuidar da vida.<\/p>\n<p style=\"text-align: justify;\">\ud83d\udcf116997817439<\/p>\n<p style=\"text-align: justify;\">&nbsp;<\/p>\n<p style=\"text-align: justify;\">&nbsp;<\/p>\n","protected":false},"excerpt":{"rendered":"<p>Por Jos\u00e9 Pereira Terapeuta e Mentor Emocional Especialista em Ansiedade&nbsp; \ud83d\udcf116997817439 O Dia das M\u00e3es \u00e9 celebrado como um momento de amor, gratid\u00e3o e homenagem. Mas, por tr\u00e1s dos sorrisos e das flores, muitas m\u00e3es carregam um peso invis\u00edvel: a ansiedade. Ansiedade de ser suficiente. Ansiedade de dar conta de tudo. Ansiedade de n\u00e3o falhar [&hellip;]<\/p>\n","protected":false},"author":1,"featured_media":48807,"comment_status":"open","ping_status":"open","sticky":false,"template":"","format":"standard","meta":{"ngg_post_thumbnail":0,"footnotes":""},"categories":[371,2,41],"tags":[],"class_list":["post-48805","post","type-post","status-publish","format-standard","has-post-thumbnail","hentry","category-ansiedade","category-destaques","category-ultimasnoticias"],"_links":{"self":[{"href":"https:\/\/somdepapo.com.br\/portal\/wp-json\/wp\/v2\/posts\/48805","targetHints":{"allow":["GET"]}}],"collection":[{"href":"https:\/\/somdepapo.com.br\/portal\/wp-json\/wp\/v2\/posts"}],"about":[{"href":"https:\/\/somdepapo.com.br\/portal\/wp-json\/wp\/v2\/types\/post"}],"author":[{"embeddable":true,"href":"https:\/\/somdepapo.com.br\/portal\/wp-json\/wp\/v2\/users\/1"}],"replies":[{"embeddable":true,"href":"https:\/\/somdepapo.com.br\/portal\/wp-json\/wp\/v2\/comments?post=48805"}],"version-history":[{"count":1,"href":"https:\/\/somdepapo.com.br\/portal\/wp-json\/wp\/v2\/posts\/48805\/revisions"}],"predecessor-version":[{"id":48806,"href":"https:\/\/somdepapo.com.br\/portal\/wp-json\/wp\/v2\/posts\/48805\/revisions\/48806"}],"wp:featuredmedia":[{"embeddable":true,"href":"https:\/\/somdepapo.com.br\/portal\/wp-json\/wp\/v2\/media\/48807"}],"wp:attachment":[{"href":"https:\/\/somdepapo.com.br\/portal\/wp-json\/wp\/v2\/media?parent=48805"}],"wp:term":[{"taxonomy":"category","embeddable":true,"href":"https:\/\/somdepapo.com.br\/portal\/wp-json\/wp\/v2\/categories?post=48805"},{"taxonomy":"post_tag","embeddable":true,"href":"https:\/\/somdepapo.com.br\/portal\/wp-json\/wp\/v2\/tags?post=48805"}],"curies":[{"name":"wp","href":"https:\/\/api.w.org\/{rel}","templated":true}]}}