{"id":48808,"date":"2026-05-02T00:36:01","date_gmt":"2026-05-02T03:36:01","guid":{"rendered":"https:\/\/somdepapo.com.br\/portal\/?p=48808"},"modified":"2026-05-02T00:36:01","modified_gmt":"2026-05-02T03:36:01","slug":"novo-show-arraia-da-banda-pinote-chega-com-agenda-cheia-em-maio-e-junho","status":"publish","type":"post","link":"https:\/\/somdepapo.com.br\/portal\/novo-show-arraia-da-banda-pinote-chega-com-agenda-cheia-em-maio-e-junho\/","title":{"rendered":"Novo show &#8220;Arrai\u00e1 da Banda Pinote&#8221; chega com agenda cheia em maio e junho"},"content":{"rendered":"<p style=\"text-align: right;\">Por Reda\u00e7\u00e3o&nbsp;<\/p>\n<p style=\"text-align: justify;\">Primeiro veio o clipe da m\u00fasica &#8220;S\u00f3 d\u00e1 Pinote&#8221; (comportamento de Vav\u00e1 Dias, ex Magnitude) disponibilizado no YouTube da Banda Pinote. Em seguida lan\u00e7amento da m\u00fasica nas R\u00e1dios de todo o Brasil e nas plataformas digitais distribu\u00eddas pelo selo da Sucesso Music em todo o pa\u00eds e no exterior.&nbsp;<\/p>\n<p><img fetchpriority=\"high\" decoding=\"async\" class=\"alignnone size-full wp-image-48809\" src=\"https:\/\/somdepapo.com.br\/portal\/wp-content\/uploads\/2026\/05\/IMG-20260501-WA0094.jpg\" alt=\"\" width=\"1200\" height=\"1600\" srcset=\"https:\/\/somdepapo.com.br\/portal\/wp-content\/uploads\/2026\/05\/IMG-20260501-WA0094.jpg 1200w, https:\/\/somdepapo.com.br\/portal\/wp-content\/uploads\/2026\/05\/IMG-20260501-WA0094-225x300.jpg 225w, https:\/\/somdepapo.com.br\/portal\/wp-content\/uploads\/2026\/05\/IMG-20260501-WA0094-768x1024.jpg 768w, https:\/\/somdepapo.com.br\/portal\/wp-content\/uploads\/2026\/05\/IMG-20260501-WA0094-1152x1536.jpg 1152w, https:\/\/somdepapo.com.br\/portal\/wp-content\/uploads\/2026\/05\/IMG-20260501-WA0094-640x853.jpg 640w, https:\/\/somdepapo.com.br\/portal\/wp-content\/uploads\/2026\/05\/IMG-20260501-WA0094-150x200.jpg 150w, https:\/\/somdepapo.com.br\/portal\/wp-content\/uploads\/2026\/05\/IMG-20260501-WA0094-750x1000.jpg 750w, https:\/\/somdepapo.com.br\/portal\/wp-content\/uploads\/2026\/05\/IMG-20260501-WA0094-1140x1520.jpg 1140w\" sizes=\"(max-width: 1200px) 100vw, 1200px\" \/> <img decoding=\"async\" class=\"alignnone size-full wp-image-48811\" src=\"https:\/\/somdepapo.com.br\/portal\/wp-content\/uploads\/2026\/05\/IMG-20260501-WA0084.jpg\" alt=\"\" width=\"1200\" height=\"1600\" srcset=\"https:\/\/somdepapo.com.br\/portal\/wp-content\/uploads\/2026\/05\/IMG-20260501-WA0084.jpg 1200w, https:\/\/somdepapo.com.br\/portal\/wp-content\/uploads\/2026\/05\/IMG-20260501-WA0084-225x300.jpg 225w, https:\/\/somdepapo.com.br\/portal\/wp-content\/uploads\/2026\/05\/IMG-20260501-WA0084-768x1024.jpg 768w, https:\/\/somdepapo.com.br\/portal\/wp-content\/uploads\/2026\/05\/IMG-20260501-WA0084-1152x1536.jpg 1152w, https:\/\/somdepapo.com.br\/portal\/wp-content\/uploads\/2026\/05\/IMG-20260501-WA0084-640x853.jpg 640w, https:\/\/somdepapo.com.br\/portal\/wp-content\/uploads\/2026\/05\/IMG-20260501-WA0084-150x200.jpg 150w, https:\/\/somdepapo.com.br\/portal\/wp-content\/uploads\/2026\/05\/IMG-20260501-WA0084-750x1000.jpg 750w, https:\/\/somdepapo.com.br\/portal\/wp-content\/uploads\/2026\/05\/IMG-20260501-WA0084-1140x1520.jpg 1140w\" sizes=\"(max-width: 1200px) 100vw, 1200px\" \/><\/p>\n<p style=\"text-align: justify;\">E foi com esta estrat\u00e9gia de marketing que a Banda Pinote lan\u00e7ou seu novo show &#8220;ARRAI\u00c1 DA PINOTE&#8221; com cl\u00e1ssicos do forr\u00f3 (desde o.xote, bai\u00e3o, galope, forr\u00f3 rom\u00e2ntico e uns lamba\/forr\u00f3).<\/p>\n<p><img decoding=\"async\" class=\"alignnone size-full wp-image-48812\" src=\"https:\/\/somdepapo.com.br\/portal\/wp-content\/uploads\/2026\/05\/IMG-20260501-WA0085.jpg\" alt=\"\" width=\"1200\" height=\"1600\" srcset=\"https:\/\/somdepapo.com.br\/portal\/wp-content\/uploads\/2026\/05\/IMG-20260501-WA0085.jpg 1200w, https:\/\/somdepapo.com.br\/portal\/wp-content\/uploads\/2026\/05\/IMG-20260501-WA0085-225x300.jpg 225w, https:\/\/somdepapo.com.br\/portal\/wp-content\/uploads\/2026\/05\/IMG-20260501-WA0085-768x1024.jpg 768w, https:\/\/somdepapo.com.br\/portal\/wp-content\/uploads\/2026\/05\/IMG-20260501-WA0085-1152x1536.jpg 1152w, https:\/\/somdepapo.com.br\/portal\/wp-content\/uploads\/2026\/05\/IMG-20260501-WA0085-640x853.jpg 640w, https:\/\/somdepapo.com.br\/portal\/wp-content\/uploads\/2026\/05\/IMG-20260501-WA0085-150x200.jpg 150w, https:\/\/somdepapo.com.br\/portal\/wp-content\/uploads\/2026\/05\/IMG-20260501-WA0085-750x1000.jpg 750w, https:\/\/somdepapo.com.br\/portal\/wp-content\/uploads\/2026\/05\/IMG-20260501-WA0085-1140x1520.jpg 1140w\" sizes=\"(max-width: 1200px) 100vw, 1200px\" \/><\/p>\n<p style=\"text-align: justify;\">O show j\u00e1 chegou com p\u00e9 direito com agenda lotada pro m\u00eas de maio e inicio de junho. Somente em maio est\u00e3o previstos 15 shows e no in\u00edcio de junho 7. A Banda at\u00e9 o meio do m\u00eas de maio deve anunciar a agenda do S\u00e3o Jo\u00e3o e S\u00e3o Pedro.<\/p>\n<p style=\"text-align: justify;\">A Banda Pinote \u00e9 uma das bandas que n\u00e3o fica praticamente 1 m\u00eas parada, exceto o m\u00eas de abril que foi f\u00e9rias e grava\u00e7\u00e3o da m\u00fasica in\u00e9dita.<\/p>\n<p style=\"text-align: justify;\">Sigam @bandapinote<\/p>\n","protected":false},"excerpt":{"rendered":"<p>Por Reda\u00e7\u00e3o&nbsp; Primeiro veio o clipe da m\u00fasica &#8220;S\u00f3 d\u00e1 Pinote&#8221; (comportamento de Vav\u00e1 Dias, ex Magnitude) disponibilizado no YouTube da Banda Pinote. Em seguida lan\u00e7amento da m\u00fasica nas R\u00e1dios de todo o Brasil e nas plataformas digitais distribu\u00eddas pelo selo da Sucesso Music em todo o pa\u00eds e no exterior.&nbsp; E foi com esta [&hellip;]<\/p>\n","protected":false},"author":1,"featured_media":48813,"comment_status":"open","ping_status":"open","sticky":false,"template":"","format":"standard","meta":{"ngg_post_thumbnail":0,"footnotes":""},"categories":[140,2,41],"tags":[],"class_list":["post-48808","post","type-post","status-publish","format-standard","has-post-thumbnail","hentry","category-bastidores","category-destaques","category-ultimasnoticias"],"_links":{"self":[{"href":"https:\/\/somdepapo.com.br\/portal\/wp-json\/wp\/v2\/posts\/48808","targetHints":{"allow":["GET"]}}],"collection":[{"href":"https:\/\/somdepapo.com.br\/portal\/wp-json\/wp\/v2\/posts"}],"about":[{"href":"https:\/\/somdepapo.com.br\/portal\/wp-json\/wp\/v2\/types\/post"}],"author":[{"embeddable":true,"href":"https:\/\/somdepapo.com.br\/portal\/wp-json\/wp\/v2\/users\/1"}],"replies":[{"embeddable":true,"href":"https:\/\/somdepapo.com.br\/portal\/wp-json\/wp\/v2\/comments?post=48808"}],"version-history":[{"count":1,"href":"https:\/\/somdepapo.com.br\/portal\/wp-json\/wp\/v2\/posts\/48808\/revisions"}],"predecessor-version":[{"id":48814,"href":"https:\/\/somdepapo.com.br\/portal\/wp-json\/wp\/v2\/posts\/48808\/revisions\/48814"}],"wp:featuredmedia":[{"embeddable":true,"href":"https:\/\/somdepapo.com.br\/portal\/wp-json\/wp\/v2\/media\/48813"}],"wp:attachment":[{"href":"https:\/\/somdepapo.com.br\/portal\/wp-json\/wp\/v2\/media?parent=48808"}],"wp:term":[{"taxonomy":"category","embeddable":true,"href":"https:\/\/somdepapo.com.br\/portal\/wp-json\/wp\/v2\/categories?post=48808"},{"taxonomy":"post_tag","embeddable":true,"href":"https:\/\/somdepapo.com.br\/portal\/wp-json\/wp\/v2\/tags?post=48808"}],"curies":[{"name":"wp","href":"https:\/\/api.w.org\/{rel}","templated":true}]}}