{"id":48817,"date":"2026-05-02T08:15:17","date_gmt":"2026-05-02T11:15:17","guid":{"rendered":"https:\/\/somdepapo.com.br\/portal\/?p=48817"},"modified":"2026-05-02T08:15:40","modified_gmt":"2026-05-02T11:15:40","slug":"familiar-com-cancer-quando-o-amor-vira-o-unico-remedio-2","status":"publish","type":"post","link":"https:\/\/somdepapo.com.br\/portal\/familiar-com-cancer-quando-o-amor-vira-o-unico-remedio-2\/","title":{"rendered":"Familiar com C\u00e2ncer: Quando o Amor vira o \u00fanico rem\u00e9dio"},"content":{"rendered":"<p style=\"text-align: right;\">&nbsp;Por Gilanio Calixto.<\/p>\n<p style=\"text-align: justify;\">&nbsp;<\/p>\n<p style=\"text-align: justify;\">&nbsp;Oi pessoal que bom estar com voc\u00eas nestes momentos. Hoje vou tratar de um tema muito delicado e que todos n\u00f3s j\u00e1 passamos um dia ou iremos vivenciar que \u00e9 nos depararmos com algu\u00e9m que amamos diagnosticado com CANCER e que de repente parece que o mundo desaba para quem recebe o diagn\u00f3stico e tamb\u00e9m para todos os familiares.<\/p>\n<p style=\"text-align: justify;\">&nbsp;Receber o diagn\u00f3stico de c\u00e2ncer \u00e9 como ver o ch\u00e3o desaparecer por alguns instantes. O tempo muda de ritmo, os pensamentos se confundem e o cora\u00e7\u00e3o passa a carregar perguntas que ningu\u00e9m gostaria de fazer. \u00c9 um momento em que a vida parece parar diante do medo, da incerteza e da dor.<\/p>\n<p style=\"text-align: justify;\">&nbsp;Mas existe algo capaz de devolver for\u00e7a, supera\u00e7\u00e3o, esperan\u00e7a no meio da tempestade, mesmo nos dias mais dif\u00edceis: o apoio e o amor da fam\u00edlia.<\/p>\n<p style=\"text-align: justify;\">&nbsp;Quando algu\u00e9m enfrenta o c\u00e2ncer n\u00e3o luta apenas contra uma doen\u00e7a h\u00e1 uma luta contra o cansa\u00e7o, contra os efeitos do tratamento, contra noites mal dormidas, contra o espelho em alguns dias, contra a ansiedade e muitas vezes contra o medo silencioso de n\u00e3o conseguir continuar, de perder tudo, de ir embora deixando quem ama ou o medo da familia de perder aquele ente que ama. Nessas horas a presen\u00e7a dos familiares pode ser t\u00e3o importante quanto muitos rem\u00e9dios.<\/p>\n<p style=\"text-align: justify;\">&nbsp;Na grande maioria das vezes quem est\u00e1 em tratamento n\u00e3o precisa de grandes discursos, mas sim precisa de algu\u00e9m sentado ao lado em sil\u00eancio, necessita de uma m\u00e3o segurando, de um carinho, de um abra\u00e7o precisa de companhia no caminho ao hospital. Precisa ouvir: \u201cEu estou aqui com voc\u00ea, vai dar tudo certo ou tudo vai ficar bem.\u201d<\/p>\n<p style=\"text-align: justify;\">Essas palavras simples t\u00eam um poder imenso. O familiar que acompanha consultas, organiza exames e prepara uma refei\u00e7\u00e3o com carinho ou apenas escuta sem julgar, oferece mais do que ajuda pr\u00e1tica: oferece esperan\u00e7a.<\/p>\n<p style=\"text-align: justify;\">&nbsp;Um fator muito importante \u00e9 tirar o EU e colocar o N\u00d3S: N\u00f3s vamos vencer em vez de VOC\u00ca vai vencer, sempre se incluindo nas falas e isso \u00e9 fant\u00e1stico.<\/p>\n<p style=\"text-align: justify;\">&nbsp;Quando uma pessoa adoece toda a fam\u00edlia sente em cada exame gera ansiedade, em cada resultado traz apreens\u00e3o e muitas vezes aquele medo do negativo, mas em cada melhora \u00e9 celebrada como vit\u00f3ria coletiva e n\u00e3o s\u00f3 daquele familiar.<\/p>\n<p style=\"text-align: justify;\">&nbsp;Por isso o c\u00e2ncer ensina que ningu\u00e9m enfrenta grandes batalhas sozinho e que o sofrimento pode visitar um corpo, mas a luta alcan\u00e7a todos ao redor e \u00e9 justamente por isso que o amor familiar se transforma em escudo.<\/p>\n<p style=\"text-align: justify;\">&nbsp;Em muitos lares, quartos, camas a cura come\u00e7a no abra\u00e7o. Em muitos cantinhos de hospital a esperan\u00e7a entra junto com a visita de quem ama, assim como em muitas noites dif\u00edceis \u00e9 a voz da fam\u00edlia que impede o desespero de vencer.<\/p>\n<p style=\"text-align: justify;\">&nbsp;Porque quando o amor se faz presente at\u00e9 a dor encontra limites. E quem luta contra o c\u00e2ncer descobre que cercado de cuidado verdadeiro nunca enfrenta a batalha sozinho e tudo pode se transformar e os milagres acontecer.&nbsp;<\/p>\n<p style=\"text-align: justify;\">&nbsp;<\/p>\n<p style=\"text-align: justify;\">&nbsp;Gostou da abordagem?<\/p>\n<p style=\"text-align: justify;\">Fonte do texto: Pr\u00f3pria autoria<\/p>\n<p style=\"text-align: justify;\">Imagem Internet \u2013 site: INSTITUTO ONCO YART<\/p>\n<p style=\"text-align: justify;\">&nbsp;<\/p>\n<p style=\"text-align: justify;\">&nbsp; &nbsp; Quer saber mais sobre estes assuntos e outros? Me segue nas redes sociais e l\u00e1 ter\u00e1s mais dicas e informa\u00e7\u00f5es. @gilaniocalixtoadv; @mcrereser.<\/p>\n<p style=\"text-align: justify;\">&nbsp;<\/p>\n<p style=\"text-align: justify;\">Gilanio Calixto Velez<\/p>\n<p style=\"text-align: justify;\">Advogado e Professor<\/p>\n<p style=\"text-align: justify;\">&nbsp;<\/p>\n<p style=\"text-align: justify;\">Advogado especialista em Direito Previdenci\u00e1rio e em Direito de Familia<\/p>\n<p style=\"text-align: justify;\">Professor Universit\u00e1rio em Direitos Humanos e Educa\u00e7\u00e3o Emocional<\/p>\n<p style=\"text-align: justify;\">Palestrante Motivacional e de Carreira Profissional e Autor de Livros<\/p>\n<p style=\"text-align: justify;\">Fundador do Instituto de Desenvolvimento Humano &#8211; Crer &amp; Ser \u2013 Metodologia e Projeto de Vida &#8211; Campina Grande \u2013 PB e Queimadas \u2013 PB<\/p>\n<p style=\"text-align: justify;\">Perfil no Instagram: @gilaniocalixtoadv; @mcrereser<\/p>\n<p style=\"text-align: justify;\">Email: gcalixtoadvocacia@gmail.com ; fone: (83).9.9866.3639<\/p>\n<p style=\"text-align: justify;\">&nbsp;<\/p>\n<p style=\"text-align: justify;\">&nbsp;<\/p>\n","protected":false},"excerpt":{"rendered":"<p>&nbsp;Por Gilanio Calixto. &nbsp; &nbsp;Oi pessoal que bom estar com voc\u00eas nestes momentos. Hoje vou tratar de um tema muito delicado e que todos n\u00f3s j\u00e1 passamos um dia ou iremos vivenciar que \u00e9 nos depararmos com algu\u00e9m que amamos diagnosticado com CANCER e que de repente parece que o mundo desaba para quem recebe [&hellip;]<\/p>\n","protected":false},"author":1,"featured_media":48818,"comment_status":"open","ping_status":"open","sticky":false,"template":"","format":"standard","meta":{"ngg_post_thumbnail":0,"footnotes":""},"categories":[225,2,31,41],"tags":[],"class_list":["post-48817","post","type-post","status-publish","format-standard","has-post-thumbnail","hentry","category-cidadania","category-destaques","category-noticias","category-ultimasnoticias"],"_links":{"self":[{"href":"https:\/\/somdepapo.com.br\/portal\/wp-json\/wp\/v2\/posts\/48817","targetHints":{"allow":["GET"]}}],"collection":[{"href":"https:\/\/somdepapo.com.br\/portal\/wp-json\/wp\/v2\/posts"}],"about":[{"href":"https:\/\/somdepapo.com.br\/portal\/wp-json\/wp\/v2\/types\/post"}],"author":[{"embeddable":true,"href":"https:\/\/somdepapo.com.br\/portal\/wp-json\/wp\/v2\/users\/1"}],"replies":[{"embeddable":true,"href":"https:\/\/somdepapo.com.br\/portal\/wp-json\/wp\/v2\/comments?post=48817"}],"version-history":[{"count":2,"href":"https:\/\/somdepapo.com.br\/portal\/wp-json\/wp\/v2\/posts\/48817\/revisions"}],"predecessor-version":[{"id":48820,"href":"https:\/\/somdepapo.com.br\/portal\/wp-json\/wp\/v2\/posts\/48817\/revisions\/48820"}],"wp:featuredmedia":[{"embeddable":true,"href":"https:\/\/somdepapo.com.br\/portal\/wp-json\/wp\/v2\/media\/48818"}],"wp:attachment":[{"href":"https:\/\/somdepapo.com.br\/portal\/wp-json\/wp\/v2\/media?parent=48817"}],"wp:term":[{"taxonomy":"category","embeddable":true,"href":"https:\/\/somdepapo.com.br\/portal\/wp-json\/wp\/v2\/categories?post=48817"},{"taxonomy":"post_tag","embeddable":true,"href":"https:\/\/somdepapo.com.br\/portal\/wp-json\/wp\/v2\/tags?post=48817"}],"curies":[{"name":"wp","href":"https:\/\/api.w.org\/{rel}","templated":true}]}}