{"id":48832,"date":"2026-05-03T04:45:32","date_gmt":"2026-05-03T07:45:32","guid":{"rendered":"https:\/\/somdepapo.com.br\/portal\/?p=48832"},"modified":"2026-05-02T10:47:35","modified_gmt":"2026-05-02T13:47:35","slug":"animais-trabalham","status":"publish","type":"post","link":"https:\/\/somdepapo.com.br\/portal\/animais-trabalham\/","title":{"rendered":"Animais Trabalham?"},"content":{"rendered":"<p style=\"text-align: right;\">Por Carla Perin&nbsp;<\/p>\n<p style=\"text-align: justify;\">Um olhar sist\u00eamico sobre c\u00e3es em campanhas, publicidade e o lugar do animal na sociedade<\/p>\n<p style=\"text-align: justify;\">&#8220;Nem todo trabalho \u00e9 explora\u00e7\u00e3o \u2014 mas todo trabalho precisa respeitar a natureza de quem o realiza.&#8221;<\/p>\n<p style=\"text-align: justify;\">No Dia do Trabalhador, somos convidados a refletir sobre o valor do trabalho humano, seus direitos, limites e dignidade.<\/p>\n<p style=\"text-align: justify;\">Mas, em meio a essa reflex\u00e3o, surge uma pergunta pouco comum \u2014 e profundamente necess\u00e1ria:<\/p>\n<p style=\"text-align: justify;\">os animais tamb\u00e9m trabalham?<\/p>\n<p style=\"text-align: justify;\">C\u00e3es que aparecem em comerciais de televis\u00e3o, campanhas publicit\u00e1rias, embalagens de ra\u00e7\u00e3o e at\u00e9 em conte\u00fados digitais fazem parte de um universo cada vez mais presente na sociedade.<\/p>\n<p style=\"text-align: justify;\">Eles est\u00e3o em destaque, participam de produ\u00e7\u00f5es, seguem comandos, permanecem em cena.<\/p>\n<p style=\"text-align: justify;\">Mas o que isso significa?<\/p>\n<p style=\"text-align: justify;\">Quando o animal entra em cena<\/p>\n<p style=\"text-align: justify;\">A presen\u00e7a de animais na publicidade n\u00e3o \u00e9 nova. Eles despertam empatia, conex\u00e3o e identifica\u00e7\u00e3o. Um c\u00e3o em uma campanha transmite confian\u00e7a, afeto e proximidade.<\/p>\n<p style=\"text-align: justify;\">Por tr\u00e1s dessas imagens, existe um processo:<\/p>\n<p style=\"text-align: justify;\">Mas ser\u00e1 que isso pode ser chamado de trabalho?<\/p>\n<p style=\"text-align: justify;\">Trabalho ou fun\u00e7\u00e3o?<\/p>\n<p style=\"text-align: justify;\">Do ponto de vista humano, trabalho envolve inten\u00e7\u00e3o, escolha e consci\u00eancia de fun\u00e7\u00e3o.<\/p>\n<p style=\"text-align: justify;\">Os animais n\u00e3o operam nesse mesmo campo. Eles n\u00e3o escolhem \u201ctrabalhar\u201d como n\u00f3s. Eles respondem a est\u00edmulos, aprendizados e v\u00ednculos.<\/p>\n<p style=\"text-align: justify;\">Ent\u00e3o, talvez a pergunta mais adequada n\u00e3o seja se o animal trabalha,<\/p>\n<p style=\"text-align: justify;\">mas em que lugar ele est\u00e1 sendo colocado dentro dessa din\u00e2mica.<\/p>\n<p style=\"text-align: justify;\">O olhar sist\u00eamico sobre o lugar<\/p>\n<p style=\"text-align: justify;\">Na vis\u00e3o sist\u00eamica inspirada no trabalho de Bert Hellinger, cada ser possui um lugar dentro de um sistema.<\/p>\n<p style=\"text-align: justify;\">O equil\u00edbrio acontece quando esse lugar \u00e9 respeitado.O animal, dentro do sistema humano, ocupa o lugar de animal.<\/p>\n<p style=\"text-align: justify;\">Um ser vivo que merece cuidado, respeito e prote\u00e7\u00e3o.<\/p>\n<p style=\"text-align: justify;\">Quando ele \u00e9 inserido em atividades humanas \u2014 como publicidade ou campanhas \u2014 esse movimento precisa preservar esse lugar.<\/p>\n<p style=\"text-align: justify;\">O problema n\u00e3o est\u00e1 na participa\u00e7\u00e3o.<\/p>\n<p style=\"text-align: justify;\">Est\u00e1 na distor\u00e7\u00e3o do papel.<\/p>\n<p style=\"text-align: justify;\">Quando h\u00e1 respeito, h\u00e1 equil\u00edbrio<\/p>\n<p style=\"text-align: justify;\">Existem contextos em que a participa\u00e7\u00e3o de animais em campanhas ocorre com cuidado:<\/p>\n<p style=\"text-align: justify;\">acompanhamento profissional&nbsp;<\/p>\n<p style=\"text-align: justify;\">respeito aos limites f\u00edsicos e emocionais&nbsp;<\/p>\n<p style=\"text-align: justify;\">pausas adequadas&nbsp;<\/p>\n<p style=\"text-align: justify;\">ambiente controlado&nbsp;<\/p>\n<p style=\"text-align: justify;\">aus\u00eancia de sofrimento ou estresse&nbsp;<\/p>\n<p style=\"text-align: justify;\">Nesses casos, o animal participa de uma atividade, mas n\u00e3o perde sua natureza.<\/p>\n<p style=\"text-align: justify;\">Ele n\u00e3o \u00e9 for\u00e7ado a ser algo que n\u00e3o \u00e9.<\/p>\n<p style=\"text-align: justify;\">Quando h\u00e1 excesso, surge o desequil\u00edbrio<\/p>\n<p style=\"text-align: justify;\">Por outro lado, quando o animal \u00e9 exposto a:<\/p>\n<p style=\"text-align: justify;\">excesso de repeti\u00e7\u00e3o&nbsp;<\/p>\n<p style=\"text-align: justify;\">ambientes estressantes&nbsp;<\/p>\n<p style=\"text-align: justify;\">est\u00edmulos inadequados&nbsp;<\/p>\n<p style=\"text-align: justify;\">explora\u00e7\u00e3o da imagem sem cuidado real&nbsp;<\/p>\n<p style=\"text-align: justify;\">h\u00e1 um deslocamento.O animal deixa de ser reconhecido como ser vivo e passa a ser tratado como recurso.<\/p>\n<p style=\"text-align: justify;\">E, na vis\u00e3o sist\u00eamica, tudo aquilo que perde seu lugar tende a gerar desequil\u00edbrio.<\/p>\n<p style=\"text-align: justify;\">A humaniza\u00e7\u00e3o e a proje\u00e7\u00e3o<\/p>\n<p style=\"text-align: justify;\">Um ponto importante nesse tema \u00e9 a tend\u00eancia humana de projetar nos animais fun\u00e7\u00f5es que s\u00e3o nossas.<\/p>\n<p style=\"text-align: justify;\">Quando dizemos que o animal \u201ctrabalha\u201d, muitas vezes estamos atribuindo a ele um papel humano.<\/p>\n<p style=\"text-align: justify;\">Mas os animais n\u00e3o vivem a partir dessa l\u00f3gica.<\/p>\n<p style=\"text-align: justify;\">Eles vivem a partir da experi\u00eancia, da resposta ao ambiente e do v\u00ednculo.<\/p>\n<p style=\"text-align: justify;\">E \u00e9 nesse ponto que o cuidado precisa existir:<\/p>\n<p style=\"text-align: justify;\">n\u00e3o transformar o animal em instrumento de expectativas humanas.<\/p>\n<p style=\"text-align: justify;\">O que esse tema revela sobre n\u00f3s<\/p>\n<p style=\"text-align: justify;\">Mais do que falar sobre os animais, essa reflex\u00e3o fala sobre a sociedade.<\/p>\n<p style=\"text-align: justify;\">Vivemos em um mundo que valoriza produtividade, desempenho e resultado.<\/p>\n<p style=\"text-align: justify;\">E, muitas vezes, essa l\u00f3gica se estende tamb\u00e9m para os animais.<\/p>\n<p style=\"text-align: justify;\">Queremos que eles correspondam, performem, participem.<\/p>\n<p style=\"text-align: justify;\">Mas ser\u00e1 que estamos respeitando sua natureza?<\/p>\n<p style=\"text-align: justify;\">Trabalho com dignidade\u2026 tamb\u00e9m para os animais<\/p>\n<p style=\"text-align: justify;\">No Dia do Trabalhador, refletir sobre trabalho tamb\u00e9m \u00e9 refletir sobre limites, respeito e dignidade.<\/p>\n<p style=\"text-align: justify;\">Mesmo que o animal n\u00e3o \u201ctrabalhe\u201d no sentido humano, ele participa de atividades humanas.<\/p>\n<p style=\"text-align: justify;\">E essa participa\u00e7\u00e3o precisa ser \u00e9tica.<\/p>\n<p style=\"text-align: justify;\">Precisa respeitar seu tempo, seu corpo e sua ess\u00eancia.<\/p>\n<p style=\"text-align: justify;\">Um convite \u00e0 consci\u00eancia<\/p>\n<p style=\"text-align: justify;\">Talvez a pergunta n\u00e3o seja apenas:<\/p>\n<p style=\"text-align: justify;\">\u201cos animais trabalham?\u201d<\/p>\n<p style=\"text-align: justify;\">Mas sim:<\/p>\n<p style=\"text-align: justify;\">\u201ccomo estamos nos relacionando com os animais dentro das nossas necessidades humanas?\u201d<\/p>\n<p style=\"text-align: justify;\">Estamos respeitando seu lugar?<\/p>\n<p style=\"text-align: justify;\">Ou estamos adaptando-os \u00e0s nossas expectativas?<\/p>\n<p style=\"text-align: justify;\">O verdadeiro lugar do animal<\/p>\n<p style=\"text-align: justify;\">Quando o animal \u00e9 visto, respeitado e protegido, ele pode participar do mundo humano sem perder sua natureza.<\/p>\n<p style=\"text-align: justify;\">Mas, quando esse equil\u00edbrio se rompe, algo se perde.<\/p>\n<p style=\"text-align: justify;\">E, na vis\u00e3o sist\u00eamica, o caminho \u00e9 sempre o mesmo:<\/p>\n<p style=\"text-align: justify;\">recolocar cada ser no seu lugar.<\/p>\n<p style=\"text-align: justify;\">Porque \u00e9 no lugar certo que existe dignidade.<\/p>\n<p style=\"text-align: justify;\">E onde h\u00e1 dignidade, existe equil\u00edbrio.<\/p>\n<p style=\"text-align: justify;\">&nbsp;<\/p>\n<p style=\"text-align: justify;\">Carla Perin<\/p>\n<p style=\"text-align: justify;\">M\u00e9dica Veterin\u00e1ria Sist\u00eamica<\/p>\n<p style=\"text-align: justify;\">Terapeuta Multiesp\u00e9cie<\/p>\n<p style=\"text-align: justify;\">&nbsp;<\/p>\n<p style=\"text-align: justify;\">Um olhar sist\u00eamico sobre o v\u00ednculo entre humanos e animais.<\/p>\n<p style=\"text-align: justify;\">&nbsp;<\/p>\n<p style=\"text-align: justify;\">&nbsp;<\/p>\n","protected":false},"excerpt":{"rendered":"<p>Por Carla Perin&nbsp; Um olhar sist\u00eamico sobre c\u00e3es em campanhas, publicidade e o lugar do animal na sociedade &#8220;Nem todo trabalho \u00e9 explora\u00e7\u00e3o \u2014 mas todo trabalho precisa respeitar a natureza de quem o realiza.&#8221; No Dia do Trabalhador, somos convidados a refletir sobre o valor do trabalho humano, seus direitos, limites e dignidade. Mas, [&hellip;]<\/p>\n","protected":false},"author":1,"featured_media":48835,"comment_status":"open","ping_status":"open","sticky":false,"template":"","format":"standard","meta":{"ngg_post_thumbnail":0,"footnotes":""},"categories":[2,374,41],"tags":[],"class_list":["post-48832","post","type-post","status-publish","format-standard","has-post-thumbnail","hentry","category-destaques","category-pet-2","category-ultimasnoticias"],"_links":{"self":[{"href":"https:\/\/somdepapo.com.br\/portal\/wp-json\/wp\/v2\/posts\/48832","targetHints":{"allow":["GET"]}}],"collection":[{"href":"https:\/\/somdepapo.com.br\/portal\/wp-json\/wp\/v2\/posts"}],"about":[{"href":"https:\/\/somdepapo.com.br\/portal\/wp-json\/wp\/v2\/types\/post"}],"author":[{"embeddable":true,"href":"https:\/\/somdepapo.com.br\/portal\/wp-json\/wp\/v2\/users\/1"}],"replies":[{"embeddable":true,"href":"https:\/\/somdepapo.com.br\/portal\/wp-json\/wp\/v2\/comments?post=48832"}],"version-history":[{"count":1,"href":"https:\/\/somdepapo.com.br\/portal\/wp-json\/wp\/v2\/posts\/48832\/revisions"}],"predecessor-version":[{"id":48836,"href":"https:\/\/somdepapo.com.br\/portal\/wp-json\/wp\/v2\/posts\/48832\/revisions\/48836"}],"wp:featuredmedia":[{"embeddable":true,"href":"https:\/\/somdepapo.com.br\/portal\/wp-json\/wp\/v2\/media\/48835"}],"wp:attachment":[{"href":"https:\/\/somdepapo.com.br\/portal\/wp-json\/wp\/v2\/media?parent=48832"}],"wp:term":[{"taxonomy":"category","embeddable":true,"href":"https:\/\/somdepapo.com.br\/portal\/wp-json\/wp\/v2\/categories?post=48832"},{"taxonomy":"post_tag","embeddable":true,"href":"https:\/\/somdepapo.com.br\/portal\/wp-json\/wp\/v2\/tags?post=48832"}],"curies":[{"name":"wp","href":"https:\/\/api.w.org\/{rel}","templated":true}]}}